{"id":160108,"date":"2024-02-28T05:53:42","date_gmt":"2024-02-28T08:53:42","guid":{"rendered":"https:\/\/www.blogdothame.blog.br\/v1\/?p=160108"},"modified":"2024-02-27T15:55:54","modified_gmt":"2024-02-27T18:55:54","slug":"reitor-e-secretario-de-saude-discutem-fortalecimento-de-convenios-em-ilheus","status":"publish","type":"post","link":"https:\/\/www.blogdothame.blog.br\/v1\/2024\/02\/28\/reitor-e-secretario-de-saude-discutem-fortalecimento-de-convenios-em-ilheus\/","title":{"rendered":"Reitor e secret\u00e1rio de Sa\u00fade discutem fortalecimento de conv\u00eanios em Ilh\u00e9us"},"content":{"rendered":"<p><img loading=\"lazy\" class=\"aligncenter  wp-image-160109\" src=\"https:\/\/www.blogdothame.blog.br\/v1\/wp-content\/uploads\/2024\/02\/reuniao-sec-saude.jpeg\" alt=\"\" width=\"474\" height=\"237\" srcset=\"https:\/\/www.blogdothame.blog.br\/v1\/wp-content\/uploads\/2024\/02\/reuniao-sec-saude.jpeg 600w, https:\/\/www.blogdothame.blog.br\/v1\/wp-content\/uploads\/2024\/02\/reuniao-sec-saude-300x150.jpeg 300w\" sizes=\"(max-width: 474px) 100vw, 474px\" \/><\/p>\n<p style=\"font-weight: 400;\">O reitor da Universidade Estadual de Santa Cruz (Uesc), Alessandro Fernandes, recebeu, nesta ter\u00e7a-feira, 27 de fevereiro, o Secret\u00e1rio Municipal de Sa\u00fade de Ilh\u00e9us, Eduardo Nora. Na pauta da reuni\u00e3o, o fortalecimento dos conv\u00eanios de parcerias executados pela Uesc na \u00e1rea da sa\u00fade e a constru\u00e7\u00e3o de uma Unidade B\u00e1sica de Sa\u00fade (UBS), no bairro de Salobrinho, em frente a Universidade.<\/p>\n<p style=\"font-weight: 400;\">\n<p style=\"font-weight: 400;\">Tamb\u00e9m foram discutidos a requalifica\u00e7\u00e3o dos postos de sa\u00fade das\u00a0localidades de Banco da Vit\u00f3ria e Vila Cachoeira, al\u00e9m de pontos que beneficiam o setor em todo munic\u00edpio e principalmente para os est\u00e1gios dos estudantes dos cursos de gradua\u00e7\u00e3o de Enfermagem e Medicina da Uesc, que j\u00e1 devolvem v\u00e1rias a\u00e7\u00f5es em parceria com a Prefeitura de Ilh\u00e9us.<\/p>\n<p style=\"font-weight: 400;\">\n<p style=\"font-weight: 400;\">Entre as a\u00e7\u00f5es resultantes\u00a0do encontro, o reitor convidou o secret\u00e1rio municipal de Sa\u00fade para compartilhar com ele uma reuni\u00e3o com a secret\u00e1ria de Sa\u00fade do Estado da Bahia, Dra. Roberta Santana, visando a continuidade do projeto da UBS no bairro, al\u00e9m de outros encaminhamentos.<\/p>\n<p style=\"font-weight: 400;\"><!--more--><\/p>\n<p style=\"font-weight: 400;\">Participaram da reuni\u00e3o o diretor do Departamento de Ci\u00eancia da Sa\u00fade, professor Alexandre Justos, coordenadores dos Colegiados do Cursos de Medicina, professor Marc\u00edlio Marques Filho e de Enfermagem, professora Emanuelle Cardoso, al\u00e9m de professores e assessores.<\/p>\n<p style=\"font-weight: 400;\">\n","protected":false},"excerpt":{"rendered":"<p>O reitor da Universidade Estadual de Santa Cruz (Uesc), Alessandro Fernandes, recebeu, nesta ter\u00e7a-feira, 27 de fevereiro, o Secret\u00e1rio Municipal de Sa\u00fade de Ilh\u00e9us, Eduardo Nora. Na pauta da reuni\u00e3o, o fortalecimento dos conv\u00eanios de parcerias executados pela Uesc na \u00e1rea da sa\u00fade e a constru\u00e7\u00e3o de uma Unidade B\u00e1sica de Sa\u00fade (UBS), no bairro [&hellip;]<\/p>\n","protected":false},"author":2,"featured_media":160109,"comment_status":"open","ping_status":"open","sticky":false,"template":"","format":"standard","meta":{"_links_to":"","_links_to_target":""},"categories":[33435],"tags":[25776,580,277,25],"_links":{"self":[{"href":"https:\/\/www.blogdothame.blog.br\/v1\/wp-json\/wp\/v2\/posts\/160108"}],"collection":[{"href":"https:\/\/www.blogdothame.blog.br\/v1\/wp-json\/wp\/v2\/posts"}],"about":[{"href":"https:\/\/www.blogdothame.blog.br\/v1\/wp-json\/wp\/v2\/types\/post"}],"author":[{"embeddable":true,"href":"https:\/\/www.blogdothame.blog.br\/v1\/wp-json\/wp\/v2\/users\/2"}],"replies":[{"embeddable":true,"href":"https:\/\/www.blogdothame.blog.br\/v1\/wp-json\/wp\/v2\/comments?post=160108"}],"version-history":[{"count":1,"href":"https:\/\/www.blogdothame.blog.br\/v1\/wp-json\/wp\/v2\/posts\/160108\/revisions"}],"predecessor-version":[{"id":160110,"href":"https:\/\/www.blogdothame.blog.br\/v1\/wp-json\/wp\/v2\/posts\/160108\/revisions\/160110"}],"wp:featuredmedia":[{"embeddable":true,"href":"https:\/\/www.blogdothame.blog.br\/v1\/wp-json\/wp\/v2\/media\/160109"}],"wp:attachment":[{"href":"https:\/\/www.blogdothame.blog.br\/v1\/wp-json\/wp\/v2\/media?parent=160108"}],"wp:term":[{"taxonomy":"category","embeddable":true,"href":"https:\/\/www.blogdothame.blog.br\/v1\/wp-json\/wp\/v2\/categories?post=160108"},{"taxonomy":"post_tag","embeddable":true,"href":"https:\/\/www.blogdothame.blog.br\/v1\/wp-json\/wp\/v2\/tags?post=160108"}],"curies":[{"name":"wp","href":"https:\/\/api.w.org\/{rel}","templated":true}]}}