{"id":160067,"date":"2024-02-27T09:45:32","date_gmt":"2024-02-27T12:45:32","guid":{"rendered":"https:\/\/www.blogdothame.blog.br\/v1\/?p=160067"},"modified":"2024-02-27T09:47:31","modified_gmt":"2024-02-27T12:47:31","slug":"nova-unidade-do-sistema-fieb-e-inaugurada-em-teixeira-de-freitas","status":"publish","type":"post","link":"https:\/\/www.blogdothame.blog.br\/v1\/2024\/02\/27\/nova-unidade-do-sistema-fieb-e-inaugurada-em-teixeira-de-freitas\/","title":{"rendered":"Nova unidade do Sistema FIEB \u00e9 inaugurada em Teixeira de Freitas"},"content":{"rendered":"<p><img loading=\"lazy\" class=\"aligncenter wp-image-160068\" src=\"https:\/\/www.blogdothame.blog.br\/v1\/wp-content\/uploads\/2024\/02\/sesei-1.jpg\" alt=\"\" width=\"488\" height=\"326\" srcset=\"https:\/\/www.blogdothame.blog.br\/v1\/wp-content\/uploads\/2024\/02\/sesei-1.jpg 560w, https:\/\/www.blogdothame.blog.br\/v1\/wp-content\/uploads\/2024\/02\/sesei-1-300x200.jpg 300w\" sizes=\"(max-width: 488px) 100vw, 488px\" \/><\/p>\n<p>&nbsp;<\/p>\n<p>O presidente da Federa\u00e7\u00e3o das Ind\u00fastrias do Estado da Bahia (FIEB), Carlos Henrique Passos, inaugurou\u00a0 a Unidade Integrada Max Feffer, em Teixeira de Freitas. Trata-se da s\u00e9tima unidade integrada do Sistema FIEB no interior, que se soma \u00e0s de Vit\u00f3ria da Conquista, Barreiras, Lu\u00eds Eduardo Magalh\u00e3es, Juazeiro, Cama\u00e7ari e Ilh\u00e9us.<\/p>\n<p><img loading=\"lazy\" class=\"aligncenter wp-image-160069\" src=\"https:\/\/www.blogdothame.blog.br\/v1\/wp-content\/uploads\/2024\/02\/sesei-2.jpg\" alt=\"\" width=\"417\" height=\"288\" srcset=\"https:\/\/www.blogdothame.blog.br\/v1\/wp-content\/uploads\/2024\/02\/sesei-2.jpg 600w, https:\/\/www.blogdothame.blog.br\/v1\/wp-content\/uploads\/2024\/02\/sesei-2-300x207.jpg 300w\" sizes=\"(max-width: 417px) 100vw, 417px\" \/><\/p>\n<p>Localizada na Avenida S\u00e3o Paulo, n\u00ba 558, a Unidade Integrada Max Feffer representa um investimento de R$ 4,6 milh\u00f5es em obras de constru\u00e7\u00e3o e requalifica\u00e7\u00e3o de estruturas existentes. \u00c9 formada por escola de educa\u00e7\u00e3o b\u00e1sica do Servi\u00e7o Social da Ind\u00fastria (SESI), centro de forma\u00e7\u00e3o profissional do Servi\u00e7o Nacional de Aprendizagem Industrial (SENAI), escrit\u00f3rio do Instituto Euvaldo Lodi (IEL) e um N\u00facleo de Servi\u00e7os da FIEB. O SESI tamb\u00e9m oferece os servi\u00e7os de Sa\u00fade e Seguran\u00e7a na Ind\u00fastria (SSI), voltados para empresas e trabalhadores da ind\u00fastria.<\/p>\n<p><img loading=\"lazy\" class=\"aligncenter wp-image-160070\" src=\"https:\/\/www.blogdothame.blog.br\/v1\/wp-content\/uploads\/2024\/02\/sesei-3.jpg\" alt=\"\" width=\"446\" height=\"297\" srcset=\"https:\/\/www.blogdothame.blog.br\/v1\/wp-content\/uploads\/2024\/02\/sesei-3.jpg 600w, https:\/\/www.blogdothame.blog.br\/v1\/wp-content\/uploads\/2024\/02\/sesei-3-300x200.jpg 300w\" sizes=\"(max-width: 446px) 100vw, 446px\" \/><\/p>\n<p>\u201cEstamos inaugurando mais uma unidade integrada do Sistema FIEB para que a gente possa contribuir para o desenvolvimento econ\u00f4mico e social da Bahia. Esta unidade integrada do Sistema FIEB inclui uma escola do SESI de ensino regular, uma escola t\u00e9cnica do SENAI e uma unidade de atendimento do IEL. Todo esse sistema tem uma l\u00f3gica de constitui\u00e7\u00e3o, destacou o presidente da FIEB Carlos Henrique Passos.<\/p>\n<p><!--more--><\/p>\n<p>Ele convidou todos os industriais a participarem e expressarem suas demandas para que o Sistema Fieb possa oferecer servi\u00e7os aderentes. \u201cEsperamos contar com este compromisso dos empres\u00e1rios\u201d, disse.<\/p>\n<p>&nbsp;<\/p>\n<p>Passos lembro que faz parte do planejamento estrat\u00e9gico da entidade interiorizar os servi\u00e7os do Sistema FIEB. \u201cA inaugura\u00e7\u00e3o desta unidade aqui \u00e9 uma a\u00e7\u00e3o pr\u00e1tica dessa interioriza\u00e7\u00e3o. Nossa presen\u00e7a na regi\u00e3o do extremo-sul tamb\u00e9m contribui para fazer chegar \u00e0queles que de fato contribuem para a forma\u00e7\u00e3o do Sistema Ind\u00fastria, que s\u00e3o as empresas, os servi\u00e7os que n\u00f3s dispomos para promover o desenvolvimento do setor na Bahia\u201d, destacou o presidente Carlos Henrique Passos.<\/p>\n<p>&nbsp;<\/p>\n<p>&nbsp;<\/p>\n<p>O presidente est\u00e1 em visita \u00e0 regi\u00e3o, acompanhado dos executivos das entidades do Sistema FIEB \u2013 SESI, SENAI E IEL \u2013 e representantes da diretoria da FIEB. A programa\u00e7\u00e3o, iniciada com encontro com empres\u00e1rios \u2013 Agenda da Ind\u00fastria \u2013 em Eun\u00e1polis, no dia 21.2, encerrou com a realiza\u00e7\u00e3o da Agenda da Ind\u00fastria em Teixeira e a inaugura\u00e7\u00e3o da unidade Max Feffer. A comitiva tamb\u00e9m manteve encontros com lideran\u00e7as pol\u00edticas e participou de visitas a empresas da regi\u00e3o.<\/p>\n<p>&nbsp;<\/p>\n<p>N\u00f3s estivemos em Eun\u00e1polis, reunidos com os empres\u00e1rios locais, tivemos a oportunidade de visitar a Veracel, a Suzano e a Usina Santa Maria e nos reunimos com os empres\u00e1rios de Teixeira. Tudo isso mostra o empreendedorismo dessa regi\u00e3o, que \u00e9 muito forte e que n\u00f3s precisamos oferecer, atrav\u00e9s do Sistema FIEB, melhorias para o ambiente industrial, oferecendo capacita\u00e7\u00e3o profissional, forma\u00e7\u00e3o escolar para as fam\u00edlias dos industri\u00e1rios, mas tamb\u00e9m discutir com eles o que \u00e9 que n\u00f3s podemos buscar, com o apoio de prefeituras, governo estadual, governo federal apoio e infraestrutura para que essas empresas possam se desenvolver\u201d, acrescentou Passos.<\/p>\n<p>&nbsp;<\/p>\n<p>PEQUENAS E M\u00c9DIAS EMPRESAS<\/p>\n<p>O desenvolvimento das ind\u00fastrias do interior do estado, especialmente as de micro e pequeno portes, \u00e9 um dos pilares da atua\u00e7\u00e3o do Sistema FIEB. Para atingir este objetivo, empresas e comunidade contam com os servi\u00e7os das entidades do Sistema Ind\u00fastria &#8211; Servi\u00e7o Social da Ind\u00fastria (SESI), Servi\u00e7o Nacional de Aprendizagem Industrial (SENAI), Instituto Euvaldo Lodi (IEL) e FIEB -, que oferecem forma\u00e7\u00e3o, qualifica\u00e7\u00e3o, desenvolvimento de pessoas e empresarial e consultoria t\u00e9cnica especializada em diversas \u00e1reas.<\/p>\n<p>&nbsp;<\/p>\n<p>\u201cO grande desafio para a ind\u00fastria \u00e9 melhorar a sua competitividade. E isso passa pela forma\u00e7\u00e3o e qualifica\u00e7\u00e3o de pessoas, al\u00e9m da capacita\u00e7\u00e3o e desenvolvimento empresarial. Nossas entidades est\u00e3o preparadas para oferecer tudo isso. Ao inaugurar esta unidade de Teixeira de Freitas, estamos cumprindo tamb\u00e9m a nossa promessa de chegar mais perto das pequenas ind\u00fastrias, principalmente aquelas que est\u00e3o no interior do estado e n\u00e3o conseguem ter acesso a mecanismos que podem auxili\u00e1-las na alavancagem dos seus neg\u00f3cios\u201d, destaca Carlos Henrique Passos.<\/p>\n<p>&nbsp;<\/p>\n<p>Al\u00e9m de levar para o munic\u00edpio e sua microrregi\u00e3o os servi\u00e7os do Sistema Ind\u00fastria, a Unidade Integrada Max Feffer tamb\u00e9m chega com novos conceitos em sustentabilidade.\u00a0O projeto foi concebido seguindo os par\u00e2metros do Plano de Efici\u00eancia Energ\u00e9tica do Sistema FIEB, visando a otimiza\u00e7\u00e3o do consumo de energia el\u00e9trica, o que inclui a constru\u00e7\u00e3o de uma usina fotovoltaica com pot\u00eancia de gera\u00e7\u00e3o de 100 KWp.<\/p>\n<p>&nbsp;<\/p>\n<p>NOVA ESCOLA MARCA EXPANS\u00c3O DA REDE DE EDUCA\u00c7\u00c3O DO SESI<\/p>\n<p>&nbsp;<\/p>\n<p>A Escola SESI Maria Od\u00edlia Teixeira \u00e9 a 12\u00aa unidade de ensino da Rede SESI na Bahia e iniciou as atividades letivas em 2024, oferecendo 260 vagas, do 6\u00ba ano do Ensino Fundamental II at\u00e9 a 1\u00aa s\u00e9rie do Ensino M\u00e9dio.<\/p>\n<p>&nbsp;<\/p>\n<p>A implanta\u00e7\u00e3o da nova escola de Teixeira de Freitas faz parte de um plano de expans\u00e3o do SESI na \u00e1rea de educa\u00e7\u00e3o, que prev\u00ea dobrar o n\u00famero de matr\u00edculas na rede de 10 mil para 20 mil vagas anuais at\u00e9 2027. Para isso, al\u00e9m de Teixeira de Freitas, novas escolas ser\u00e3o constru\u00eddas em cidades como Guanambi, Jequi\u00e9 e Alagoinhas, nos pr\u00f3ximos anos.<\/p>\n<p>&nbsp;<\/p>\n<p>O SESI tamb\u00e9m oferece um programa gratuito e com uma metodologia inovadora para a eleva\u00e7\u00e3o da escolaridade de pessoas com mais de 18 anos, por meio da Educa\u00e7\u00e3o de Jovens e Adultos (EJA).\u00a0Em Teixeira de Freitas, no ano de 2023, foram 586 pessoas matriculadas na EJA. S\u00e3o jovens adultos que puderam concluir o\u00a0Ensino Fundamental Anos Finais (6\u00ba ao 9\u00ba ano) e o Ensino M\u00e9dio (1\u00ba ao 3\u00ba ano).<\/p>\n<p>&nbsp;<\/p>\n<p>Durante a inaugura\u00e7\u00e3o, Glauber Marques da Silva, aluno do 9\u00ba ano da escola e o primeiro a se matricular na institui\u00e7\u00e3o fez um discurso falando o que motivou ele e sua fam\u00edlia a escolherem a escola. Animado com a possibilidade de poder praticar educa\u00e7\u00e3o tecnol\u00f3gica por meio da rob\u00f3tica educacional, ele falou da sua surpresa ao descobrir a possibilidade de ter contato com as novas tecnologias. \u201c\u00c9 a primeira escola em que poderei ter contato com uma disciplina tecnol\u00f3gica\u201d, destacou.<\/p>\n<p>&nbsp;<\/p>\n<p>\u201cAl\u00e9m de ser uma escola totalmente nova em Texeira, eu e minha fam\u00edlia avaliamos que que esta seria uma institui\u00e7\u00e3o de futuro e capaz de oferecer oportunidades diferenciadas \u00e0s crian\u00e7as e adolescentes\u201d, contou. Diante disso: \u201cme prontifiquei a experimentar novas oportunidades e tomar um novo caminho\u201d, acrescentou.<\/p>\n<p>&nbsp;<\/p>\n<p>&nbsp;<\/p>\n<p>SEGURAN\u00c7A E SA\u00daDE<\/p>\n<p>&nbsp;<\/p>\n<p>J\u00e1 na \u00e1rea de Sa\u00fade e Seguran\u00e7a na Ind\u00fastria, 295 empresas das duas regi\u00f5es foram atendidas, at\u00e9 novembro do ano passado, em servi\u00e7os como SESI Viva+, sa\u00fade ocupacional, treinamentos em Normas Regulamentadoras e palestras em Sa\u00fade e Seguran\u00e7a do Trabalho, imuniza\u00e7\u00e3o, higiene ocupacional, entre outros.<\/p>\n<p>&nbsp;<\/p>\n<p>Para 2024, a meta \u00e9 ampliar o n\u00famero de empresas atendidas na regi\u00e3o em cerca de 10%. O total de trabalhadores e dependentes atendidos, a perspectiva \u00e9 chegar a 15 mil pessoas em 2024. Em 2023, esse total foi de 13,6 mil.<\/p>\n<p>&nbsp;<\/p>\n<p>Em Teixeira de Freitas, o SESI atendeu em SST 4.507 trabalhadores, de 26 empresas, e, em Eun\u00e1polis, 3.756 trabalhadores, de 54 empresas.<\/p>\n<p>&nbsp;<\/p>\n<p>Na nova unidade do SESI de Teixeira de Freitas, na \u00e1rea de Sa\u00fade e Seguran\u00e7a na Ind\u00fastria, o SESI disponibiliza para as empresas industriais Programas de Gest\u00e3o em Sa\u00fade e Seguran\u00e7a do Trabalho, a exemplo do SESI Viva +, SESI Regulariza, Higiene Ocupacional; Ergonomia e Promo\u00e7\u00e3o da Sa\u00fade, como imuniza\u00e7\u00e3o, gin\u00e1stica laboral e apoio na realiza\u00e7\u00e3o das diversas a\u00e7\u00f5es nas SIPATs, al\u00e9m de consultoria em Sa\u00fade e Seguran\u00e7a no Trabalho (SST).<\/p>\n<p>&nbsp;<\/p>\n<p>&nbsp;<\/p>\n<p>SENAI OFERECE CAPACITA\u00c7\u00c3O EM DIVERSAS \u00c1REAS EM TEIXEIRA<\/p>\n<p>&nbsp;<\/p>\n<p>O Centro de Forma\u00e7\u00e3o Profissional do SENAI de Teixeira de Freitas funciona desde 2018 e desde ent\u00e3o j\u00e1 capacitou mais de 4.411 alunos. A estrutura passou por requalifica\u00e7\u00e3o e tem capacidade para tr\u00eas turmas simult\u00e2neas, totalizando 90 alunos em cada turno.<\/p>\n<p>&nbsp;<\/p>\n<p>Durante a inaugura\u00e7\u00e3o, Felipe Costa, aluno do curso de mec\u00e2nico de m\u00e1quinas industriais, desenvolvido em parceria com a Suzano, falou da sua experi\u00eancia de aprendizado. \u201cAqui no SENAI eu adquiri habilidades pr\u00e1ticas altamente valorizadas no mercado de trabalho e conhecimentos espec\u00edficos. Sou muito grato e estou muito feliz pela oportunidade de hoje\u201d, destacou.<\/p>\n<p>O SENAI BAHIA mant\u00e9m parcerias com a ind\u00fastrias locais, como Suzano, Usina Santa Maria, Bahia Etanol, dentre outros.\u00a0 A unidade oferece\u00a0cursos nas \u00e1reas de Alimentos,\u00a0Automa\u00e7\u00e3o,\u00a0Automotiva, Celulose e Papel,\u00a0Constru\u00e7\u00e3o Civil, El\u00e9trica, Equipamentos M\u00f3veis Industriais, Gest\u00e3o em Inform\u00e1tica,\u00a0Madeira e Mobili\u00e1rio, Manuten\u00e7\u00e3o, Meio Ambiente, Qu\u00edmica,\u00a0Refrigera\u00e7\u00e3o e Climatiza\u00e7\u00e3o, Seguran\u00e7a e na \u00e1rea T\u00eaxtil.<\/p>\n<p>&nbsp;<\/p>\n<p>S\u00e3o oferecidos cursos de Qualifica\u00e7\u00e3o Profissional, que incluem os de curta dura\u00e7\u00e3o, abertos \u00e0 comunidade, cursos gratuitos e cursos de Aprendizagem Industrial, para forma\u00e7\u00e3o de jovens aprendizes.<\/p>\n<p>&nbsp;<\/p>\n<p>Tamb\u00e9m s\u00e3o oferecidos cursos de Assistente Administrativo, Assistente de Produ\u00e7\u00e3o, Mec\u00e2nico de M\u00e1quinas Florestais, Mec\u00e2nico de M\u00e1quinas Industriais, Operador de M\u00e1quinas Florestais e Operador de M\u00e1quinas Agr\u00edcolas.<\/p>\n<p>&nbsp;<\/p>\n<p>QUEM \u00c9 O HOMENAGEADO<\/p>\n<p>&nbsp;<\/p>\n<p>A nova unidade do Sistema FIEB em Teixeira de Freitas ganhou o nome do empres\u00e1rio Max Feffer (1926-2001), em homenagem \u00e0 fam\u00edlia fundadora do Grupo Suzano, empresa produtora de papel e celulose, que tem unidade no extremo-sul baiano, na cidade de Mucuri.<\/p>\n<p>&nbsp;<\/p>\n<p>\u00c9 um reconhecimento ao esp\u00edrito inovador que foi a marca de Max Feffer, diretor-presidente da companhia, respons\u00e1vel por um dos maiores avan\u00e7os da ind\u00fastria de papel e celulose nacional.<\/p>\n<p>&nbsp;<\/p>\n<p>Nascido a 11 de dezembro de 1926, Max Feffer era filho de Leon Feffer, fundador do grupo Suzano. Engenheiro civil diplomado pela Universidade Mackenzie, em 1951, iniciou as pesquisas para a produ\u00e7\u00e3o de papel usando fibra de eucalipto, \u00e1rvore de boa adapta\u00e7\u00e3o ao clima e ao solo brasileiros.<\/p>\n<p>&nbsp;<\/p>\n<p>Com o sucesso das pesquisas, o Brasil deixou de ser importador de papel e passou a export\u00e1-lo, estando hoje entre os dez maiores produtores de papel e celulose no mundo.<\/p>\n<p>&nbsp;<\/p>\n<p>N\u00daCLEO DE SERVI\u00c7OS FIEB APOIA AS MICRO, PEQUENAS E M\u00c9DIAS EMPRESAS INDUSTRIAIS NA REGI\u00c3O<\/p>\n<p>A Federa\u00e7\u00e3o das Ind\u00fastrias do Estado da Bahia (FIEB) se faz presente no interior por meio do N\u00facleo de Servi\u00e7os FIEB-SEBRAE e Sindicatos. Esta iniciativa tem ampliado a oferta de servi\u00e7os e solu\u00e7\u00f5es para as micro, pequenas e m\u00e9dias empresas foram do eixo da capital.<\/p>\n<p>Presente em 10 munic\u00edpios baianos, a iniciativa \u00e9 uma parceria com o Servi\u00e7o de Apoio \u00e0s Micro e Pequenas Empresas (Sebrae-BA), que busca contribuir para a competitividade das empresas baianas e a melhoria do ambiente de neg\u00f3cios local.<\/p>\n<p>Dentre os servi\u00e7os ofertados pelo n\u00facleo, incluem a regulariza\u00e7\u00e3o e licenciamento ambiental, internacionaliza\u00e7\u00e3o, associativismo e acesso a cr\u00e9dito.<\/p>\n<p>Em Teixeira de Freitas e extremo-sul do estado, as atividades do n\u00facleo foram iniciadas no segundo semestre de 2022 e se consolidou em 2023, sendo a regional que mais realizou opera\u00e7\u00f5es de cr\u00e9dito na Bahia em 2023.<\/p>\n<p>Pouco mais de 97 opera\u00e7\u00f5es que resultaram na libera\u00e7\u00e3o de quase R$ 10 milh\u00f5es para capital de giro e investimentos para empresas de Teixeira de Freitas, Medeiros Neto, Vereda, Itanh\u00e9m, Itamaraju e Nova Vi\u00e7osa.<\/p>\n<p>A equipe do N\u00facleo de Servi\u00e7os atua na orienta\u00e7\u00e3o e identifica\u00e7\u00e3o da linha de cr\u00e9dito que melhor se encaixa ao perfil e necessidade das empresas, faz a interlocu\u00e7\u00e3o junto \u00e0s institui\u00e7\u00f5es financeiras parceiras, al\u00e9m de acompanhar o processo do in\u00edcio ao fim.<\/p>\n<p>No aspecto ambiental e defesa de interesses,\u00a0o N\u00facleo de Servi\u00e7os da FIEB participa na regi\u00e3o do Comit\u00ea das Bacias Hidrogr\u00e1ficas dos Rios Peru\u00edpe, Itanh\u00e9m e Jucuru\u00e7u, atuando na defesa de interesses das ind\u00fastrias da regi\u00e3o.<\/p>\n<p>Na regional do extremo-sul, tamb\u00e9m foram mobilizadas empresas para participa\u00e7\u00e3o nos cursos de licenciamento ambiental, cursos para gest\u00e3o financeira, mentorias para exporta\u00e7\u00e3o e mobiliza\u00e7\u00e3o de projetos para o FIEB Ind\u00fastria Sustent\u00e1vel.<\/p>\n<p>Em 2023, foram realizados 218 atendimentos, sendo beneficiadas 123 ind\u00fastrias, em especial, as de micro e pequeno porte.<\/p>\n<p>&nbsp;<\/p>\n<p>IEL BAHIA REALIZA PROGRAMAS VOLTADOS PARA EST\u00c1GIO E QUALIFICA\u00c7\u00c3O DE EMPRESAS<\/p>\n<p>&nbsp;<\/p>\n<p>O Instituto Euvaldo Lodi (IEL Bahia) tem uma atua\u00e7\u00e3o no extremo-sul do estado com programas de intermedia\u00e7\u00e3o de est\u00e1gio, jovens aprendizes, o Inova Talentos e o Programa de Qualifica\u00e7\u00e3o de Fornecedores (PQF), este \u00faltimo, voltado para o encadeamento empresarial. A entidade est\u00e1 presente nos munic\u00edpios de Ilh\u00e9us, Itabuna, Teixeira de Freitas e Eun\u00e1polis.<\/p>\n<p>&nbsp;<\/p>\n<p>Em 2023, foram 1.670 estudantes atendidos pelo Programa de Est\u00e1gio\u00a0e a perspectiva para 2024 \u00e9 ampliar para mais mil admiss\u00f5es. O Programa Jovem Aprendiz fechou 2023 com 206 aprendizes no curso de Assistente Administrativo em Ilh\u00e9us\/Itabuna e Teixeira de Freitas e a previs\u00e3o para 2024 \u00e9 admitir mais 185 aprendizes.<\/p>\n<p>&nbsp;<\/p>\n<p>Dentre os destaques da regi\u00e3o, o IEL aponta a realiza\u00e7\u00e3o do PQF e do programa Inova Talentos com a Veracel Celulose, que tem atualmente um aluno bolsista inscrito. O Inova Talentos \u00e9 um programa de concess\u00e3o de bolsas para t\u00e9cnicos, graduandos, mestres e doutores, com o objetivo de desenvolver projetos inovadores nas empresas.<\/p>\n<p>&nbsp;<\/p>\n<p>O\u00a0Programa de Qualifica\u00e7\u00e3o de Fornecedores da Veracel envolve cinco empresas dos munic\u00edpios de Eun\u00e1polis e regi\u00e3o circunvizinha. A metodologia envolve avalia\u00e7\u00e3o, capacita\u00e7\u00e3o e gera\u00e7\u00e3o de neg\u00f3cios. As a\u00e7\u00f5es tiveram in\u00edcio em outubro de 2023 e prosseguir\u00e1 at\u00e9 mar\u00e7o de 2024.\u00a0 A proposta \u00e9 desenvolver empresas, apoiar diretamente o aperfei\u00e7oamento dos modelos de gest\u00e3o, contribuindo para melhoria na presta\u00e7\u00e3o de servi\u00e7os, bem como o aumento da sua competitividade.<\/p>\n<p>&nbsp;<\/p>\n<p>&nbsp;<\/p>\n","protected":false},"excerpt":{"rendered":"<p>&nbsp; O presidente da Federa\u00e7\u00e3o das Ind\u00fastrias do Estado da Bahia (FIEB), Carlos Henrique Passos, inaugurou\u00a0 a Unidade Integrada Max Feffer, em Teixeira de Freitas. Trata-se da s\u00e9tima unidade integrada do Sistema FIEB no interior, que se soma \u00e0s de Vit\u00f3ria da Conquista, Barreiras, Lu\u00eds Eduardo Magalh\u00e3es, Juazeiro, Cama\u00e7ari e Ilh\u00e9us. Localizada na Avenida S\u00e3o [&hellip;]<\/p>\n","protected":false},"author":2,"featured_media":160068,"comment_status":"open","ping_status":"open","sticky":false,"template":"","format":"standard","meta":{"_links_to":"","_links_to_target":""},"categories":[33435],"tags":[51,31967,1152],"_links":{"self":[{"href":"https:\/\/www.blogdothame.blog.br\/v1\/wp-json\/wp\/v2\/posts\/160067"}],"collection":[{"href":"https:\/\/www.blogdothame.blog.br\/v1\/wp-json\/wp\/v2\/posts"}],"about":[{"href":"https:\/\/www.blogdothame.blog.br\/v1\/wp-json\/wp\/v2\/types\/post"}],"author":[{"embeddable":true,"href":"https:\/\/www.blogdothame.blog.br\/v1\/wp-json\/wp\/v2\/users\/2"}],"replies":[{"embeddable":true,"href":"https:\/\/www.blogdothame.blog.br\/v1\/wp-json\/wp\/v2\/comments?post=160067"}],"version-history":[{"count":1,"href":"https:\/\/www.blogdothame.blog.br\/v1\/wp-json\/wp\/v2\/posts\/160067\/revisions"}],"predecessor-version":[{"id":160071,"href":"https:\/\/www.blogdothame.blog.br\/v1\/wp-json\/wp\/v2\/posts\/160067\/revisions\/160071"}],"wp:featuredmedia":[{"embeddable":true,"href":"https:\/\/www.blogdothame.blog.br\/v1\/wp-json\/wp\/v2\/media\/160068"}],"wp:attachment":[{"href":"https:\/\/www.blogdothame.blog.br\/v1\/wp-json\/wp\/v2\/media?parent=160067"}],"wp:term":[{"taxonomy":"category","embeddable":true,"href":"https:\/\/www.blogdothame.blog.br\/v1\/wp-json\/wp\/v2\/categories?post=160067"},{"taxonomy":"post_tag","embeddable":true,"href":"https:\/\/www.blogdothame.blog.br\/v1\/wp-json\/wp\/v2\/tags?post=160067"}],"curies":[{"name":"wp","href":"https:\/\/api.w.org\/{rel}","templated":true}]}}