{"id":159857,"date":"2024-02-20T12:30:35","date_gmt":"2024-02-20T15:30:35","guid":{"rendered":"https:\/\/www.blogdothame.blog.br\/v1\/?p=159857"},"modified":"2024-02-20T11:48:02","modified_gmt":"2024-02-20T14:48:02","slug":"uesc-cria-pro-reitoria-de-acoes-afirmativas-e-permanencia-estudantil","status":"publish","type":"post","link":"https:\/\/www.blogdothame.blog.br\/v1\/2024\/02\/20\/uesc-cria-pro-reitoria-de-acoes-afirmativas-e-permanencia-estudantil\/","title":{"rendered":"Uesc cria Pr\u00f3-Reitoria de A\u00e7\u00f5es Afirmativas e Perman\u00eancia Estudantil"},"content":{"rendered":"<p><img loading=\"lazy\" class=\"aligncenter  wp-image-159858\" src=\"https:\/\/www.blogdothame.blog.br\/v1\/wp-content\/uploads\/2024\/02\/proap.jpg\" alt=\"\" width=\"452\" height=\"226\" srcset=\"https:\/\/www.blogdothame.blog.br\/v1\/wp-content\/uploads\/2024\/02\/proap.jpg 522w, https:\/\/www.blogdothame.blog.br\/v1\/wp-content\/uploads\/2024\/02\/proap-300x150.jpg 300w\" sizes=\"(max-width: 452px) 100vw, 452px\" \/><\/p>\n<p>Em sua primeira sess\u00e3o ordin\u00e1ria da nova gest\u00e3o dos professores Alessandro Fernandes e Mauricio Moreau, iniciada no dia 2 de fevereiro, o Conselho Universit\u00e1rio (Consu) da Universidade Estadual de Santa Cruz reuniu-se durante a tarde do dia 8 (quinta-feira) para discutir pauta extensa que incluiu a cria\u00e7\u00e3o da Pr\u00f3-Reitoria de A\u00e7\u00f5es Afirmativas e Perman\u00eancia Estudantil (Proape), conforme a Resolu\u00e7\u00e3o n\u00ba 01\/2024.<\/p>\n<p>&nbsp;<\/p>\n<p>A nova Pr\u00f3-Reitoria assume as fun\u00e7\u00f5es da Assessoria de Assist\u00eancia Estudantil (Assest) e absorver\u00e1 sua estrutura. Ser\u00e1 inst\u00e2ncia de planejamento, execu\u00e7\u00e3o e avalia\u00e7\u00e3o das pol\u00edticas voltadas para a democratiza\u00e7\u00e3o do acesso \u00e0 Universidade, \u00e0 inclus\u00e3o educacional, a assist\u00eancia, a perman\u00eancia estudantil da gradua\u00e7\u00e3o e p\u00f3s-gradua\u00e7\u00e3o da Uesc.<\/p>\n<p>&nbsp;<\/p>\n<p>A Proape ter\u00e1 como atribui\u00e7\u00f5es propor, planejar, coordenar, executar e acompanhar as pol\u00edticas de a\u00e7\u00f5es afirmativas, inclus\u00e3o educacional, educa\u00e7\u00e3o continuada, mobilidade PCD, bem como as de assist\u00eancia estudantil, com a responsabilidade de gerir programas, projetos, a\u00e7\u00f5es, bem como efetivar o planejamento or\u00e7ament\u00e1rio e a execu\u00e7\u00e3o financeira dos recursos respectivos.<\/p>\n<p><!--more--><\/p>\n<p>A cria\u00e7\u00e3o da Pr\u00f3-Reitoria de A\u00e7\u00f5es Afirmativas e Perman\u00eancia Estudantil est\u00e1 em conson\u00e2ncia com as diretrizes e metas estabelecidas no Plano de Desenvolvimento Institucional da Uesc e faz parte do programa da atual gest\u00e3o.<\/p>\n<p>&nbsp;<\/p>\n<p>Para o reitor Alessandro Fernandes, \u201ca cria\u00e7\u00e3o da Proape \u00e9 o reconhecimento de que h\u00e1 diferen\u00e7as em variados campos (culturais, hist\u00f3ricos, econ\u00f4micos, de g\u00eanero, acessibilidade, mobilidade etc.), que nos colocam em posi\u00e7\u00f5es desiguais na comunidade. Considerando esse contexto, estamos tentando corrigir assimetrias, oferecendo as condi\u00e7\u00f5es que as pessoas necessitam, para possibilitar que todas tenham acesso \u00e0s oportunidades e permane\u00e7am na Universidade at\u00e9 a conclus\u00e3o do curso escolhido\u201d, conclui.<\/p>\n","protected":false},"excerpt":{"rendered":"<p>Em sua primeira sess\u00e3o ordin\u00e1ria da nova gest\u00e3o dos professores Alessandro Fernandes e Mauricio Moreau, iniciada no dia 2 de fevereiro, o Conselho Universit\u00e1rio (Consu) da Universidade Estadual de Santa Cruz reuniu-se durante a tarde do dia 8 (quinta-feira) para discutir pauta extensa que incluiu a cria\u00e7\u00e3o da Pr\u00f3-Reitoria de A\u00e7\u00f5es Afirmativas e Perman\u00eancia Estudantil [&hellip;]<\/p>\n","protected":false},"author":2,"featured_media":159858,"comment_status":"open","ping_status":"open","sticky":false,"template":"","format":"standard","meta":{"_links_to":"","_links_to_target":""},"categories":[33434],"tags":[37068,1296],"_links":{"self":[{"href":"https:\/\/www.blogdothame.blog.br\/v1\/wp-json\/wp\/v2\/posts\/159857"}],"collection":[{"href":"https:\/\/www.blogdothame.blog.br\/v1\/wp-json\/wp\/v2\/posts"}],"about":[{"href":"https:\/\/www.blogdothame.blog.br\/v1\/wp-json\/wp\/v2\/types\/post"}],"author":[{"embeddable":true,"href":"https:\/\/www.blogdothame.blog.br\/v1\/wp-json\/wp\/v2\/users\/2"}],"replies":[{"embeddable":true,"href":"https:\/\/www.blogdothame.blog.br\/v1\/wp-json\/wp\/v2\/comments?post=159857"}],"version-history":[{"count":1,"href":"https:\/\/www.blogdothame.blog.br\/v1\/wp-json\/wp\/v2\/posts\/159857\/revisions"}],"predecessor-version":[{"id":159859,"href":"https:\/\/www.blogdothame.blog.br\/v1\/wp-json\/wp\/v2\/posts\/159857\/revisions\/159859"}],"wp:featuredmedia":[{"embeddable":true,"href":"https:\/\/www.blogdothame.blog.br\/v1\/wp-json\/wp\/v2\/media\/159858"}],"wp:attachment":[{"href":"https:\/\/www.blogdothame.blog.br\/v1\/wp-json\/wp\/v2\/media?parent=159857"}],"wp:term":[{"taxonomy":"category","embeddable":true,"href":"https:\/\/www.blogdothame.blog.br\/v1\/wp-json\/wp\/v2\/categories?post=159857"},{"taxonomy":"post_tag","embeddable":true,"href":"https:\/\/www.blogdothame.blog.br\/v1\/wp-json\/wp\/v2\/tags?post=159857"}],"curies":[{"name":"wp","href":"https:\/\/api.w.org\/{rel}","templated":true}]}}