{"id":159712,"date":"2024-02-16T10:04:41","date_gmt":"2024-02-16T13:04:41","guid":{"rendered":"https:\/\/www.blogdothame.blog.br\/v1\/?p=159712"},"modified":"2024-02-16T09:09:27","modified_gmt":"2024-02-16T12:09:27","slug":"jeandro-ribeiro-visita-consorcio-de-desenvolvimento-litoral-sul","status":"publish","type":"post","link":"https:\/\/www.blogdothame.blog.br\/v1\/2024\/02\/16\/jeandro-ribeiro-visita-consorcio-de-desenvolvimento-litoral-sul\/","title":{"rendered":"Jeandro  Ribeiro visita Cons\u00f3rcio de Desenvolvimento Litoral Sul"},"content":{"rendered":"<p><img loading=\"lazy\" class=\"aligncenter  wp-image-159713\" src=\"https:\/\/www.blogdothame.blog.br\/v1\/wp-content\/uploads\/2024\/02\/car-1.jpg\" alt=\"\" width=\"373\" height=\"280\" srcset=\"https:\/\/www.blogdothame.blog.br\/v1\/wp-content\/uploads\/2024\/02\/car-1.jpg 600w, https:\/\/www.blogdothame.blog.br\/v1\/wp-content\/uploads\/2024\/02\/car-1-300x225.jpg 300w\" sizes=\"(max-width: 373px) 100vw, 373px\" \/><\/p>\n<p>O\u00a0 diretor-presidente da Companhia de Desenvolvimento e A\u00e7\u00e3o Regional (CAR), Jeandro Ribeiro, visitou a sede do Cons\u00f3rcio de Desenvolvimento Sustent\u00e1vel do Territ\u00f3rio Litoral Sul (CDS-LS, localizada em Itabuna. Na oportunidade, dialogou com o secret\u00e1rio executivo da institui\u00e7\u00e3o, Luciano Veiga, e com o gerente de escrit\u00f3rio da CAR do litoral sul, Elias Jacob, sobre as a\u00e7\u00f5es realizadas nos 16 munic\u00edpios consorciados.<\/p>\n<p><img loading=\"lazy\" class=\"aligncenter  wp-image-159714\" src=\"https:\/\/www.blogdothame.blog.br\/v1\/wp-content\/uploads\/2024\/02\/car-2.jpg\" alt=\"\" width=\"369\" height=\"158\" srcset=\"https:\/\/www.blogdothame.blog.br\/v1\/wp-content\/uploads\/2024\/02\/car-2.jpg 600w, https:\/\/www.blogdothame.blog.br\/v1\/wp-content\/uploads\/2024\/02\/car-2-300x129.jpg 300w\" sizes=\"(max-width: 369px) 100vw, 369px\" \/><\/p>\n<p>As tratativas foram sobre a mecaniza\u00e7\u00e3o rural, kits produtivos, assist\u00eancia t\u00e9cnica e extens\u00e3o rural (ATER) e a gest\u00e3o do Servi\u00e7o de Inspe\u00e7\u00e3o Municipal (SIM). De acordo com Luciano Veiga a parceria com a CAR enriquece das a\u00e7\u00f5es do cons\u00f3rcio, pois \u00e9 \u201catrav\u00e9s dos conv\u00eanios vigentes que conseguimos fazer chegar assist\u00eancia t\u00e9cnica e equipamentos necess\u00e1rios para melhorar a vida dos agricultores e agricultoras familiares\u201d.<\/p>\n","protected":false},"excerpt":{"rendered":"<p>O\u00a0 diretor-presidente da Companhia de Desenvolvimento e A\u00e7\u00e3o Regional (CAR), Jeandro Ribeiro, visitou a sede do Cons\u00f3rcio de Desenvolvimento Sustent\u00e1vel do Territ\u00f3rio Litoral Sul (CDS-LS, localizada em Itabuna. Na oportunidade, dialogou com o secret\u00e1rio executivo da institui\u00e7\u00e3o, Luciano Veiga, e com o gerente de escrit\u00f3rio da CAR do litoral sul, Elias Jacob, sobre as a\u00e7\u00f5es [&hellip;]<\/p>\n","protected":false},"author":2,"featured_media":159714,"comment_status":"open","ping_status":"open","sticky":false,"template":"","format":"standard","meta":{"_links_to":"","_links_to_target":""},"categories":[33434],"tags":[3259,31035,22376,19512],"_links":{"self":[{"href":"https:\/\/www.blogdothame.blog.br\/v1\/wp-json\/wp\/v2\/posts\/159712"}],"collection":[{"href":"https:\/\/www.blogdothame.blog.br\/v1\/wp-json\/wp\/v2\/posts"}],"about":[{"href":"https:\/\/www.blogdothame.blog.br\/v1\/wp-json\/wp\/v2\/types\/post"}],"author":[{"embeddable":true,"href":"https:\/\/www.blogdothame.blog.br\/v1\/wp-json\/wp\/v2\/users\/2"}],"replies":[{"embeddable":true,"href":"https:\/\/www.blogdothame.blog.br\/v1\/wp-json\/wp\/v2\/comments?post=159712"}],"version-history":[{"count":1,"href":"https:\/\/www.blogdothame.blog.br\/v1\/wp-json\/wp\/v2\/posts\/159712\/revisions"}],"predecessor-version":[{"id":159715,"href":"https:\/\/www.blogdothame.blog.br\/v1\/wp-json\/wp\/v2\/posts\/159712\/revisions\/159715"}],"wp:featuredmedia":[{"embeddable":true,"href":"https:\/\/www.blogdothame.blog.br\/v1\/wp-json\/wp\/v2\/media\/159714"}],"wp:attachment":[{"href":"https:\/\/www.blogdothame.blog.br\/v1\/wp-json\/wp\/v2\/media?parent=159712"}],"wp:term":[{"taxonomy":"category","embeddable":true,"href":"https:\/\/www.blogdothame.blog.br\/v1\/wp-json\/wp\/v2\/categories?post=159712"},{"taxonomy":"post_tag","embeddable":true,"href":"https:\/\/www.blogdothame.blog.br\/v1\/wp-json\/wp\/v2\/tags?post=159712"}],"curies":[{"name":"wp","href":"https:\/\/api.w.org\/{rel}","templated":true}]}}