{"id":158994,"date":"2024-01-24T12:27:52","date_gmt":"2024-01-24T15:27:52","guid":{"rendered":"https:\/\/www.blogdothame.blog.br\/v1\/?p=158994"},"modified":"2024-01-24T12:29:17","modified_gmt":"2024-01-24T15:29:17","slug":"cacique-nailton-pataxo-deixa-uti-mas-permanece-internado","status":"publish","type":"post","link":"https:\/\/www.blogdothame.blog.br\/v1\/2024\/01\/24\/cacique-nailton-pataxo-deixa-uti-mas-permanece-internado\/","title":{"rendered":"Cacique Nailton Patax\u00f3 deixa UTI mas permanece internado"},"content":{"rendered":"<p><img loading=\"lazy\" class=\"aligncenter wp-image-158996\" src=\"https:\/\/www.blogdothame.blog.br\/v1\/wp-content\/uploads\/2024\/01\/nailton-pataxo.jpg\" alt=\"\" width=\"341\" height=\"191\" \/><\/p>\n<p>Atingido por um tiro no est\u00f4mago durante uma tentativa for\u00e7ada de fazendeiros de retomar a for\u00e7a uma fazenda reivindicada como terra ind\u00edgena em Potiragu\u00e1, no Sudoeste Baiano, o Cacique Nailton Patax\u00f3 deixou a UTI ap\u00f3s uma interven\u00e7\u00e3o cir\u00fargica, mas permanece internado sob cuidados m\u00e9dicos num hospital no Sul do Estado.<\/p>\n<p>&nbsp;<\/p>\n<p>A a\u00e7\u00e3o dos fazendeiros provocou a morte da l\u00edder Maria de F\u00e1tima Muniz, a \u00a0Nega Patax\u00f3 e ferimentos em v\u00e1rios ind\u00edgenas.<\/p>\n<p>&nbsp;<\/p>\n<p>A ind\u00edgena Hideildes Fernandes Pataxo foi \u00a0espancada e teve a cabe\u00e7a \u00a0e a clav\u00edcula atingida e far\u00e1 exame de corpo delito hoje j\u00e1 que \u00a0o DPT examinara as v\u00edtimas no Col\u00e9gio da Aldeia do Caramuru &#8211; CEAIC<\/p>\n<p>&nbsp;<\/p>\n<p>O governador Jer\u00f4nimo Rodrigues condenou a a\u00e7\u00e3o dos fazendeiros, se solidarizou com os ind\u00edgenas e disse que o assassinato de Nega Patax\u00f3 ser\u00e1 apurado com rigor, al\u00e9m de determinar a\u00e7\u00f5es para evitar novos conflitos.<\/p>\n<div id=\"attachment_158995\" style=\"width: 362px\" class=\"wp-caption aligncenter\"><img aria-describedby=\"caption-attachment-158995\" loading=\"lazy\" class=\" wp-image-158995\" src=\"https:\/\/www.blogdothame.blog.br\/v1\/wp-content\/uploads\/2024\/01\/PHOTO-2024-01-24-11-34-54.jpg\" alt=\"\" width=\"352\" height=\"264\" srcset=\"https:\/\/www.blogdothame.blog.br\/v1\/wp-content\/uploads\/2024\/01\/PHOTO-2024-01-24-11-34-54.jpg 600w, https:\/\/www.blogdothame.blog.br\/v1\/wp-content\/uploads\/2024\/01\/PHOTO-2024-01-24-11-34-54-300x225.jpg 300w\" sizes=\"(max-width: 352px) 100vw, 352px\" \/><p id=\"caption-attachment-158995\" class=\"wp-caption-text\">PM vai atuar na \u00e1rea de conflito<\/p><\/div>\n<p>O tenente Coronel Anilton vai comandar a opera\u00e7\u00e3o na regi\u00e3o dos conflitos. Ele vem atua tamb\u00e9m no Extremo Sul e \u00e9 especialista na media\u00e7\u00e3o de conflitos com atua\u00e7\u00e3o principalmente em comunidades ind\u00edgenas, quilombolas e assentamentos;<\/p>\n<p>\u201cO tenente Coronel Anilton goz \u00a0de prest\u00edgio junto a c\u00fapula da PM e dos movimentos sociais \u00e9 da confian\u00e7a dos povos ind\u00edgenas\u201d, afirma o presidente da C\u00e2mara de Pau Brasil, Nego Elder.<\/p>\n<p>&nbsp;<\/p>\n<p>O Governo Federal, atrav\u00e9s do Minist\u00e9rio\u00a0 dos Povos Ind\u00edgenas tamb\u00e9m est\u00e1 acompanhando o caso e a ministra Sonia Guajajara esteve no Sul da Bahia, onde visitou o Cacique Nailton no Hospital e acompanhou o sepultamento de Nega Patax\u00f3.<\/p>\n","protected":false},"excerpt":{"rendered":"<p>Atingido por um tiro no est\u00f4mago durante uma tentativa for\u00e7ada de fazendeiros de retomar a for\u00e7a uma fazenda reivindicada como terra ind\u00edgena em Potiragu\u00e1, no Sudoeste Baiano, o Cacique Nailton Patax\u00f3 deixou a UTI ap\u00f3s uma interven\u00e7\u00e3o cir\u00fargica, mas permanece internado sob cuidados m\u00e9dicos num hospital no Sul do Estado. &nbsp; A a\u00e7\u00e3o dos fazendeiros [&hellip;]<\/p>\n","protected":false},"author":2,"featured_media":158996,"comment_status":"open","ping_status":"open","sticky":false,"template":"","format":"standard","meta":{"_links_to":"","_links_to_target":""},"categories":[33432],"tags":[36920,965,185,7988],"_links":{"self":[{"href":"https:\/\/www.blogdothame.blog.br\/v1\/wp-json\/wp\/v2\/posts\/158994"}],"collection":[{"href":"https:\/\/www.blogdothame.blog.br\/v1\/wp-json\/wp\/v2\/posts"}],"about":[{"href":"https:\/\/www.blogdothame.blog.br\/v1\/wp-json\/wp\/v2\/types\/post"}],"author":[{"embeddable":true,"href":"https:\/\/www.blogdothame.blog.br\/v1\/wp-json\/wp\/v2\/users\/2"}],"replies":[{"embeddable":true,"href":"https:\/\/www.blogdothame.blog.br\/v1\/wp-json\/wp\/v2\/comments?post=158994"}],"version-history":[{"count":1,"href":"https:\/\/www.blogdothame.blog.br\/v1\/wp-json\/wp\/v2\/posts\/158994\/revisions"}],"predecessor-version":[{"id":158997,"href":"https:\/\/www.blogdothame.blog.br\/v1\/wp-json\/wp\/v2\/posts\/158994\/revisions\/158997"}],"wp:featuredmedia":[{"embeddable":true,"href":"https:\/\/www.blogdothame.blog.br\/v1\/wp-json\/wp\/v2\/media\/158996"}],"wp:attachment":[{"href":"https:\/\/www.blogdothame.blog.br\/v1\/wp-json\/wp\/v2\/media?parent=158994"}],"wp:term":[{"taxonomy":"category","embeddable":true,"href":"https:\/\/www.blogdothame.blog.br\/v1\/wp-json\/wp\/v2\/categories?post=158994"},{"taxonomy":"post_tag","embeddable":true,"href":"https:\/\/www.blogdothame.blog.br\/v1\/wp-json\/wp\/v2\/tags?post=158994"}],"curies":[{"name":"wp","href":"https:\/\/api.w.org\/{rel}","templated":true}]}}