{"id":158792,"date":"2024-01-18T13:13:39","date_gmt":"2024-01-18T16:13:39","guid":{"rendered":"https:\/\/www.blogdothame.blog.br\/v1\/?p=158792"},"modified":"2024-01-18T11:03:43","modified_gmt":"2024-01-18T14:03:43","slug":"elenco-do-remake-de-renascer-participa-de-festa-de-lancamento-da-novela","status":"publish","type":"post","link":"https:\/\/www.blogdothame.blog.br\/v1\/2024\/01\/18\/elenco-do-remake-de-renascer-participa-de-festa-de-lancamento-da-novela\/","title":{"rendered":"Elenco do remake de Renascer   participa de festa de lan\u00e7amento da novela"},"content":{"rendered":"<p><img loading=\"lazy\" class=\"aligncenter  wp-image-158793\" src=\"https:\/\/www.blogdothame.blog.br\/v1\/wp-content\/uploads\/2024\/01\/renas.jpg\" alt=\"\" width=\"431\" height=\"330\" srcset=\"https:\/\/www.blogdothame.blog.br\/v1\/wp-content\/uploads\/2024\/01\/renas.jpg 506w, https:\/\/www.blogdothame.blog.br\/v1\/wp-content\/uploads\/2024\/01\/renas-300x229.jpg 300w\" sizes=\"(max-width: 431px) 100vw, 431px\" \/><\/p>\n<p>O elenco que estar\u00e1 no remake de Renascer, a nova novela das 9 que estreia na pr\u00f3xima segunda-feira (22), participaram da festa de lan\u00e7amento da trama nesta quarta-feira (17), no Rio de Janeiro.\u00a0Nova novela das 9 estreia na pr\u00f3xima segunda-feira (22)<\/p>\n<p>Depois de fazer sucesso em outro remake, \u2018Pantanal\u2019, Marcos Palmeira volta a atuar em Renascer, s\u00f3 que dessa vez para interpretar o pr\u00f3prio protagonista da novela. Na vers\u00e3o original ele interpretou Jo\u00e3o Pedro, filho de seu atual personagem Jos\u00e9 Inoc\u00eancio.<\/p>\n<p>Durante o lan\u00e7amento, o ator falou do personagem e como amadureceu com a hist\u00f3ria. \u201cTem machismo, tem homofobia, mas tentando entender um novo pensamento. Ao inv\u00e9s de ficar s\u00f3 na cr\u00edtica, reconhecer que ele tem dificuldade em algumas quest\u00f5es sociais e que outras coisas mudaram\u201d, disse Marcos Palmeira.<\/p>\n<p>Quem tamb\u00e9m esteve no lan\u00e7amento foi o ator baiano Everaldo Macarr\u00e3o, que interpreta Jupar\u00e1. \u201cA gente entra, com toda permissividade poss\u00edvel, na casa de voc\u00eas. Com muita beleza, muito cacau e muita Bahia. Uma Bahia que ajudou a manter e construir esse pa\u00eds\u201d, disse o ator convidando o p\u00fablico para assistir a trama que se passa em Ilh\u00e9us, no sul do estado.<\/p>\n<p>Entre os atores que estiveram na festa est\u00e3o: a atriz Duda Santos, que dar\u00e1 vida ao grande amor de Jos\u00e9 Inoc\u00eancio: Maria Santa; Sophie Charlotte, na trama para dar vida a Eliana; Chico Diaz na pele do bondoso Padre Santo; Antonio Calloni, que vive o coronel Belarmino, inimigo de Jos\u00e9 Inoc\u00eancio; Xam\u00e3, que viver\u00e1 o matador Dami\u00e3o, personagem que foi de Jackson Antunes na primeira vers\u00e3o; Matheus Nachtergaele, que interpreta Norberto;\u00a0 Gabriela Medeiros, que vai interpretar a ic\u00f4nica Buba. Na primeira vers\u00e3o, a personagem, vivida por Maria Luisa Mendon\u00e7a, era intersexo. No remake, ela ser\u00e1 uma mulher trans, assim como a atriz. Do Correio 24horas.<\/p>\n","protected":false},"excerpt":{"rendered":"<p>O elenco que estar\u00e1 no remake de Renascer, a nova novela das 9 que estreia na pr\u00f3xima segunda-feira (22), participaram da festa de lan\u00e7amento da trama nesta quarta-feira (17), no Rio de Janeiro.\u00a0Nova novela das 9 estreia na pr\u00f3xima segunda-feira (22) Depois de fazer sucesso em outro remake, \u2018Pantanal\u2019, Marcos Palmeira volta a atuar em [&hellip;]<\/p>\n","protected":false},"author":2,"featured_media":158793,"comment_status":"open","ping_status":"open","sticky":false,"template":"","format":"standard","meta":{"_links_to":"","_links_to_target":""},"categories":[33433],"tags":[8028,381,36799,185],"_links":{"self":[{"href":"https:\/\/www.blogdothame.blog.br\/v1\/wp-json\/wp\/v2\/posts\/158792"}],"collection":[{"href":"https:\/\/www.blogdothame.blog.br\/v1\/wp-json\/wp\/v2\/posts"}],"about":[{"href":"https:\/\/www.blogdothame.blog.br\/v1\/wp-json\/wp\/v2\/types\/post"}],"author":[{"embeddable":true,"href":"https:\/\/www.blogdothame.blog.br\/v1\/wp-json\/wp\/v2\/users\/2"}],"replies":[{"embeddable":true,"href":"https:\/\/www.blogdothame.blog.br\/v1\/wp-json\/wp\/v2\/comments?post=158792"}],"version-history":[{"count":1,"href":"https:\/\/www.blogdothame.blog.br\/v1\/wp-json\/wp\/v2\/posts\/158792\/revisions"}],"predecessor-version":[{"id":158794,"href":"https:\/\/www.blogdothame.blog.br\/v1\/wp-json\/wp\/v2\/posts\/158792\/revisions\/158794"}],"wp:featuredmedia":[{"embeddable":true,"href":"https:\/\/www.blogdothame.blog.br\/v1\/wp-json\/wp\/v2\/media\/158793"}],"wp:attachment":[{"href":"https:\/\/www.blogdothame.blog.br\/v1\/wp-json\/wp\/v2\/media?parent=158792"}],"wp:term":[{"taxonomy":"category","embeddable":true,"href":"https:\/\/www.blogdothame.blog.br\/v1\/wp-json\/wp\/v2\/categories?post=158792"},{"taxonomy":"post_tag","embeddable":true,"href":"https:\/\/www.blogdothame.blog.br\/v1\/wp-json\/wp\/v2\/tags?post=158792"}],"curies":[{"name":"wp","href":"https:\/\/api.w.org\/{rel}","templated":true}]}}