{"id":158760,"date":"2024-01-18T06:13:51","date_gmt":"2024-01-18T09:13:51","guid":{"rendered":"https:\/\/www.blogdothame.blog.br\/v1\/?p=158760"},"modified":"2024-01-17T14:47:17","modified_gmt":"2024-01-17T17:47:17","slug":"governador-jeronimo-e-presidente-lula-participam-de-assinatura-do-acordo-para-implantacao-do-parque-tecnologico-aeroespacial-da-bahia","status":"publish","type":"post","link":"https:\/\/www.blogdothame.blog.br\/v1\/2024\/01\/18\/governador-jeronimo-e-presidente-lula-participam-de-assinatura-do-acordo-para-implantacao-do-parque-tecnologico-aeroespacial-da-bahia\/","title":{"rendered":"Governador Jer\u00f4nimo e presidente Lula participam de assinatura do acordo para implanta\u00e7\u00e3o do Parque Tecnol\u00f3gico Aeroespacial da Bahia"},"content":{"rendered":"<div id=\"attachment_151092\" style=\"width: 468px\" class=\"wp-caption aligncenter\"><img aria-describedby=\"caption-attachment-151092\" loading=\"lazy\" class=\" wp-image-151092\" src=\"https:\/\/www.blogdothame.blog.br\/v1\/wp-content\/uploads\/2023\/06\/Jeronimo-e-Lula.jpg\" alt=\"\" width=\"458\" height=\"305\" srcset=\"https:\/\/www.blogdothame.blog.br\/v1\/wp-content\/uploads\/2023\/06\/Jeronimo-e-Lula.jpg 600w, https:\/\/www.blogdothame.blog.br\/v1\/wp-content\/uploads\/2023\/06\/Jeronimo-e-Lula-300x200.jpg 300w\" sizes=\"(max-width: 458px) 100vw, 458px\" \/><p id=\"caption-attachment-151092\" class=\"wp-caption-text\">Lula e Jer\u00f4nimo Rodrigues estar\u00e3o em Ilh\u00e9us<\/p><\/div>\n<p>O governador Jer\u00f4nimo Rodrigues, ao lado do presidente da Rep\u00fablica, Luiz In\u00e1cio Lula da Silva, participa, \u00e0s 10h de quinta-feira (18), na sede do Senai Cimatec, da assinatura do acordo de parceria entre o Governo Federal, por meio do Minist\u00e9rio da Defesa e do Comando da Aeron\u00e1utica, o Estado da Bahia e o Centro Integrado de Manufatura e Tecnologia do Servi\u00e7o Nacional de Aprendizagem Industrial (Senai Cimatec).<\/p>\n<p>O documento formaliza a cria\u00e7\u00e3o do Parque Tecnol\u00f3gico Aeroespacial da Bahia, a fim de promover o desenvolvimento regional da ind\u00fastria aeroespacial. O equipamento ser\u00e1 instalado, futuramente, na Base A\u00e9rea de Salvador \u2014 em \u00e1rea cedida pela Uni\u00e3o ao Senai Cimatec, que ser\u00e1 a institui\u00e7\u00e3o respons\u00e1vel pela gest\u00e3o da unidade. O Parque Tecnol\u00f3gico ser\u00e1 um ambiente dedicado ao fomento do ensino, \u00e0 realiza\u00e7\u00e3o de pesquisas avan\u00e7adas e \u00e0 promo\u00e7\u00e3o da inova\u00e7\u00e3o no campo aeroespacial.<\/p>\n<p>Tamb\u00e9m est\u00e3o previstas as presen\u00e7as dos ministros Rui Costa (Casa Civil), Jos\u00e9 Mucio (Defesa) e Luciana Santos (Ci\u00eancia, Tecnologia e Inova\u00e7\u00e3o); do presidente da Federa\u00e7\u00e3o das Ind\u00fastrias do Estado da Bahia (FIEB), Carlos Henrique Passos; al\u00e9m de outras autoridades estaduais e representantes de empresas do setor aeroespacial.<\/p>\n","protected":false},"excerpt":{"rendered":"<p>O governador Jer\u00f4nimo Rodrigues, ao lado do presidente da Rep\u00fablica, Luiz In\u00e1cio Lula da Silva, participa, \u00e0s 10h de quinta-feira (18), na sede do Senai Cimatec, da assinatura do acordo de parceria entre o Governo Federal, por meio do Minist\u00e9rio da Defesa e do Comando da Aeron\u00e1utica, o Estado da Bahia e o Centro Integrado [&hellip;]<\/p>\n","protected":false},"author":2,"featured_media":151092,"comment_status":"open","ping_status":"open","sticky":false,"template":"","format":"standard","meta":{"_links_to":"","_links_to_target":""},"categories":[33433],"tags":[12213,337,36887],"_links":{"self":[{"href":"https:\/\/www.blogdothame.blog.br\/v1\/wp-json\/wp\/v2\/posts\/158760"}],"collection":[{"href":"https:\/\/www.blogdothame.blog.br\/v1\/wp-json\/wp\/v2\/posts"}],"about":[{"href":"https:\/\/www.blogdothame.blog.br\/v1\/wp-json\/wp\/v2\/types\/post"}],"author":[{"embeddable":true,"href":"https:\/\/www.blogdothame.blog.br\/v1\/wp-json\/wp\/v2\/users\/2"}],"replies":[{"embeddable":true,"href":"https:\/\/www.blogdothame.blog.br\/v1\/wp-json\/wp\/v2\/comments?post=158760"}],"version-history":[{"count":1,"href":"https:\/\/www.blogdothame.blog.br\/v1\/wp-json\/wp\/v2\/posts\/158760\/revisions"}],"predecessor-version":[{"id":158761,"href":"https:\/\/www.blogdothame.blog.br\/v1\/wp-json\/wp\/v2\/posts\/158760\/revisions\/158761"}],"wp:featuredmedia":[{"embeddable":true,"href":"https:\/\/www.blogdothame.blog.br\/v1\/wp-json\/wp\/v2\/media\/151092"}],"wp:attachment":[{"href":"https:\/\/www.blogdothame.blog.br\/v1\/wp-json\/wp\/v2\/media?parent=158760"}],"wp:term":[{"taxonomy":"category","embeddable":true,"href":"https:\/\/www.blogdothame.blog.br\/v1\/wp-json\/wp\/v2\/categories?post=158760"},{"taxonomy":"post_tag","embeddable":true,"href":"https:\/\/www.blogdothame.blog.br\/v1\/wp-json\/wp\/v2\/tags?post=158760"}],"curies":[{"name":"wp","href":"https:\/\/api.w.org\/{rel}","templated":true}]}}