{"id":158731,"date":"2024-01-16T15:30:59","date_gmt":"2024-01-16T18:30:59","guid":{"rendered":"https:\/\/www.blogdothame.blog.br\/v1\/?p=158731"},"modified":"2024-01-16T09:48:38","modified_gmt":"2024-01-16T12:48:38","slug":"ilheus-se-prepara-para-o-circuito-de-corridas-da-praia-2024","status":"publish","type":"post","link":"https:\/\/www.blogdothame.blog.br\/v1\/2024\/01\/16\/ilheus-se-prepara-para-o-circuito-de-corridas-da-praia-2024\/","title":{"rendered":"Ilh\u00e9us se prepara para o Circuito de Corridas da Praia 2024"},"content":{"rendered":"<p><img loading=\"lazy\" class=\"aligncenter  wp-image-158732\" src=\"https:\/\/www.blogdothame.blog.br\/v1\/wp-content\/uploads\/2024\/01\/corrida-3.jpg\" alt=\"\" width=\"450\" height=\"246\" srcset=\"https:\/\/www.blogdothame.blog.br\/v1\/wp-content\/uploads\/2024\/01\/corrida-3.jpg 600w, https:\/\/www.blogdothame.blog.br\/v1\/wp-content\/uploads\/2024\/01\/corrida-3-300x164.jpg 300w\" sizes=\"(max-width: 450px) 100vw, 450px\" \/><\/p>\n<p>Ilh\u00e9us, no Sul da Bahia, se prepara para sediar mais uma edi\u00e7\u00e3o do Circuito de Corridas da Praia, que ser\u00e1 realizado em quatro etapas, entre fevereiro e novembro de 2024. O evento, que j\u00e1 \u00e9 considerado um dos maiores do g\u00eanero no estado, reunir\u00e1 atletas de todas as idades e n\u00edveis de experi\u00eancia.<\/p>\n<p>Em 2023, o circuito contou com a participa\u00e7\u00e3o de mais de \u00a0mil atletas, que disputaram as provas de 5 km. O Rei da Praia foi o atleta Tiago Ara\u00fajo, e a Rainha, a atleta Maria Aparecida.<\/p>\n<p><img loading=\"lazy\" class=\"aligncenter  wp-image-158733\" src=\"https:\/\/www.blogdothame.blog.br\/v1\/wp-content\/uploads\/2024\/01\/corrida-2.jpg\" alt=\"\" width=\"450\" height=\"250\" srcset=\"https:\/\/www.blogdothame.blog.br\/v1\/wp-content\/uploads\/2024\/01\/corrida-2.jpg 600w, https:\/\/www.blogdothame.blog.br\/v1\/wp-content\/uploads\/2024\/01\/corrida-2-300x167.jpg 300w\" sizes=\"(max-width: 450px) 100vw, 450px\" \/><\/p>\n<p>Para a edi\u00e7\u00e3o de 2024, o circuito contar\u00e1 com algumas novidades. A principal delas \u00e9 a inclus\u00e3o da modalidade de 10 km, que ser\u00e1 disputada sem categorias. A modalidade de 5 km, que \u00e9 a principal do circuito, contar\u00e1 com as mesmas categorias do ano de 2023 e com amplia\u00e7\u00e3o da faixa et\u00e1ria dos 14 aos 18 anos.\u00a0Al\u00e9m disso, o evento contar\u00e1 com o circuito kids, voltado para crian\u00e7as de 4 a 13 anos.<\/p>\n<p><!--more--><\/p>\n<p>\u201cA import\u00e2ncia do Circuito de Corridas da Praia para Ilh\u00e9us \u00e9 grande. O evento atrai aten\u00e7\u00e3o de atletas de v\u00e1rias cidades e contribui para a divulga\u00e7\u00e3o da cidade como um destino tur\u00edstico e esportivo.\u201d, afirma Matheus Reis, um dos organizadores do Circuito.<\/p>\n<p>A primeira etapa do Circuito de Corridas da Praia 2024 ser\u00e1 realizada no dia 25 de fevereiro, na Praia do Sul. As demais etapas ser\u00e3o realizadas nos dias 05 de maio,\u00a0 18 de agosto, e\u00a0 a ultima etapa os organizadores prometem uma grande surpresa para os atletas.<\/p>\n<p>&nbsp;<\/p>\n<p>Um evento inspirador<\/p>\n<p><img loading=\"lazy\" class=\"aligncenter  wp-image-158734\" src=\"https:\/\/www.blogdothame.blog.br\/v1\/wp-content\/uploads\/2024\/01\/corrida-1.jpg\" alt=\"\" width=\"450\" height=\"248\" srcset=\"https:\/\/www.blogdothame.blog.br\/v1\/wp-content\/uploads\/2024\/01\/corrida-1.jpg 600w, https:\/\/www.blogdothame.blog.br\/v1\/wp-content\/uploads\/2024\/01\/corrida-1-300x166.jpg 300w\" sizes=\"(max-width: 450px) 100vw, 450px\" \/><\/p>\n<p>O Circuito de Corridas da Praia \u00e9 um evento inspirador para atletas de todas as idades e n\u00edveis de experi\u00eancia. O evento oferece uma oportunidade \u00fanica de correr em um cen\u00e1rio paradis\u00edaco, rodeado pela beleza natural da cidade de Ilh\u00e9us.<\/p>\n<p>Al\u00e9m disso, o circuito \u00e9 uma \u00f3tima oportunidade para se desafiar e superar seus limites. As provas s\u00e3o disputadas na areia, com a mar\u00e9 baixa e o formato de arena eleva a competitividade dos atletas participantes exigindo muita determina\u00e7\u00e3o e t\u00e9cnica.<\/p>\n<p>&nbsp;<\/p>\n<p>&nbsp;<\/p>\n<p>As inscri\u00e7\u00f5es para o circuito j\u00e1 est\u00e3o abertas e podem ser feitas no site da organiza\u00e7\u00e3o do evento.<\/p>\n<p>www.corridadapraia.com<\/p>\n<p>&nbsp;<\/p>\n","protected":false},"excerpt":{"rendered":"<p>Ilh\u00e9us, no Sul da Bahia, se prepara para sediar mais uma edi\u00e7\u00e3o do Circuito de Corridas da Praia, que ser\u00e1 realizado em quatro etapas, entre fevereiro e novembro de 2024. O evento, que j\u00e1 \u00e9 considerado um dos maiores do g\u00eanero no estado, reunir\u00e1 atletas de todas as idades e n\u00edveis de experi\u00eancia. Em 2023, [&hellip;]<\/p>\n","protected":false},"author":2,"featured_media":158732,"comment_status":"open","ping_status":"open","sticky":false,"template":"","format":"standard","meta":{"_links_to":"","_links_to_target":""},"categories":[33435],"tags":[36882,218],"_links":{"self":[{"href":"https:\/\/www.blogdothame.blog.br\/v1\/wp-json\/wp\/v2\/posts\/158731"}],"collection":[{"href":"https:\/\/www.blogdothame.blog.br\/v1\/wp-json\/wp\/v2\/posts"}],"about":[{"href":"https:\/\/www.blogdothame.blog.br\/v1\/wp-json\/wp\/v2\/types\/post"}],"author":[{"embeddable":true,"href":"https:\/\/www.blogdothame.blog.br\/v1\/wp-json\/wp\/v2\/users\/2"}],"replies":[{"embeddable":true,"href":"https:\/\/www.blogdothame.blog.br\/v1\/wp-json\/wp\/v2\/comments?post=158731"}],"version-history":[{"count":1,"href":"https:\/\/www.blogdothame.blog.br\/v1\/wp-json\/wp\/v2\/posts\/158731\/revisions"}],"predecessor-version":[{"id":158735,"href":"https:\/\/www.blogdothame.blog.br\/v1\/wp-json\/wp\/v2\/posts\/158731\/revisions\/158735"}],"wp:featuredmedia":[{"embeddable":true,"href":"https:\/\/www.blogdothame.blog.br\/v1\/wp-json\/wp\/v2\/media\/158732"}],"wp:attachment":[{"href":"https:\/\/www.blogdothame.blog.br\/v1\/wp-json\/wp\/v2\/media?parent=158731"}],"wp:term":[{"taxonomy":"category","embeddable":true,"href":"https:\/\/www.blogdothame.blog.br\/v1\/wp-json\/wp\/v2\/categories?post=158731"},{"taxonomy":"post_tag","embeddable":true,"href":"https:\/\/www.blogdothame.blog.br\/v1\/wp-json\/wp\/v2\/tags?post=158731"}],"curies":[{"name":"wp","href":"https:\/\/api.w.org\/{rel}","templated":true}]}}