{"id":15858,"date":"2018-01-14T07:55:29","date_gmt":"2018-01-14T10:55:29","guid":{"rendered":"http:\/\/www.blogdothame.blog.br\/v1\/?p=15858"},"modified":"2018-01-13T15:13:16","modified_gmt":"2018-01-13T18:13:16","slug":"15-anos-sem-manuel-leal","status":"publish","type":"post","link":"https:\/\/www.blogdothame.blog.br\/v1\/2018\/01\/14\/15-anos-sem-manuel-leal\/","title":{"rendered":"20 anos sem Manoel Leal"},"content":{"rendered":"<div id=\"attachment_15859\" style=\"width: 310px\" class=\"wp-caption aligncenter\"><a href=\"http:\/\/www.blogdothame.blog.br\/v1\/wp-content\/uploads\/2013\/01\/manoelleal.jpg\"><img aria-describedby=\"caption-attachment-15859\" loading=\"lazy\" class=\"size-medium wp-image-15859\" title=\"manoelleal\" src=\"http:\/\/www.blogdothame.blog.br\/v1\/wp-content\/uploads\/2013\/01\/manoelleal-300x193.jpg\" alt=\"\" width=\"300\" height=\"193\" srcset=\"https:\/\/www.blogdothame.blog.br\/v1\/wp-content\/uploads\/2013\/01\/manoelleal-300x193.jpg 300w, https:\/\/www.blogdothame.blog.br\/v1\/wp-content\/uploads\/2013\/01\/manoelleal.jpg 400w\" sizes=\"(max-width: 300px) 100vw, 300px\" \/><\/a><p id=\"caption-attachment-15859\" class=\"wp-caption-text\">a falta que o velho capo faz<\/p><\/div>\n<p>Neste 14 de janeiro de 2018, completam-se 20 anos da morte do jornalista e diretor do jornal A Regi\u00e3o, Manoel Leal, brutalmente assassinado num t\u00edpico crime de mando.<\/p>\n<p>A exce\u00e7\u00e3o da condena\u00e7\u00e3o do ex-policial Mozart \u00a0Brasil, at\u00e9 hoje impera a impunidade, j\u00e1 que as investiga\u00e7\u00f5es, propositalmente capengas, nunca chegaram nem perto dos mandantes.<\/p>\n<p>A data passa quase despercebida, mas n\u00e3o deveria.<\/p>\n<p>Verdade que a Bahia daqueles tempos tr\u00e1gicos em que a imprensa era silenciada a tiros n\u00e3o existe mais.<\/p>\n<p>N\u00e3o \u00e9 menos verdade, entretanto, que enquanto a impunidade permanecer e n\u00e3o houver justi\u00e7a, Manoel Leal ser\u00e1 uma amarga lembran\u00e7a para os que, como este blogueiro, tiveram a oportunidade de conviver com algu\u00e9m demasiadamente humano, nas virtudes e nos defeitos.<\/p>\n<p>Leal, o maior jornalista, no sentido literal na palavra, que essa terra <em>(adubada com sangue, by Jorge Amado)<\/em>, j\u00e1 produziu.<\/p>\n<p>Saudades do meu velho capo, com quem compartilhei alguns de meus melhores anos nessa trajet\u00f3ria sul-baiana que chega aos 30 anos de caminhada.<\/p>\n<p>Manoel Leal, Eterno!<\/p>\n","protected":false},"excerpt":{"rendered":"<p>Neste 14 de janeiro de 2018, completam-se 20 anos da morte do jornalista e diretor do jornal A Regi\u00e3o, Manoel Leal, brutalmente assassinado num t\u00edpico crime de mando. A exce\u00e7\u00e3o da condena\u00e7\u00e3o do ex-policial Mozart \u00a0Brasil, at\u00e9 hoje impera a impunidade, j\u00e1 que as investiga\u00e7\u00f5es, propositalmente capengas, nunca chegaram nem perto dos mandantes. A data [&hellip;]<\/p>\n","protected":false},"author":2,"featured_media":0,"comment_status":"open","ping_status":"open","sticky":false,"template":"","format":"standard","meta":{"_links_to":"","_links_to_target":""},"categories":[1],"tags":[5241,3824,51,3223,301],"_links":{"self":[{"href":"https:\/\/www.blogdothame.blog.br\/v1\/wp-json\/wp\/v2\/posts\/15858"}],"collection":[{"href":"https:\/\/www.blogdothame.blog.br\/v1\/wp-json\/wp\/v2\/posts"}],"about":[{"href":"https:\/\/www.blogdothame.blog.br\/v1\/wp-json\/wp\/v2\/types\/post"}],"author":[{"embeddable":true,"href":"https:\/\/www.blogdothame.blog.br\/v1\/wp-json\/wp\/v2\/users\/2"}],"replies":[{"embeddable":true,"href":"https:\/\/www.blogdothame.blog.br\/v1\/wp-json\/wp\/v2\/comments?post=15858"}],"version-history":[{"count":5,"href":"https:\/\/www.blogdothame.blog.br\/v1\/wp-json\/wp\/v2\/posts\/15858\/revisions"}],"predecessor-version":[{"id":71669,"href":"https:\/\/www.blogdothame.blog.br\/v1\/wp-json\/wp\/v2\/posts\/15858\/revisions\/71669"}],"wp:attachment":[{"href":"https:\/\/www.blogdothame.blog.br\/v1\/wp-json\/wp\/v2\/media?parent=15858"}],"wp:term":[{"taxonomy":"category","embeddable":true,"href":"https:\/\/www.blogdothame.blog.br\/v1\/wp-json\/wp\/v2\/categories?post=15858"},{"taxonomy":"post_tag","embeddable":true,"href":"https:\/\/www.blogdothame.blog.br\/v1\/wp-json\/wp\/v2\/tags?post=15858"}],"curies":[{"name":"wp","href":"https:\/\/api.w.org\/{rel}","templated":true}]}}