{"id":158276,"date":"2023-12-29T11:34:07","date_gmt":"2023-12-29T14:34:07","guid":{"rendered":"https:\/\/www.blogdothame.blog.br\/v1\/?p=158276"},"modified":"2023-12-29T09:40:07","modified_gmt":"2023-12-29T12:40:07","slug":"sisu-ufsb-vai-oferecer-2-132-vagas-para-cursos-de-graduacao","status":"publish","type":"post","link":"https:\/\/www.blogdothame.blog.br\/v1\/2023\/12\/29\/sisu-ufsb-vai-oferecer-2-132-vagas-para-cursos-de-graduacao\/","title":{"rendered":"Sisu: UFSB vai oferecer 2.132 vagas para cursos de gradua\u00e7\u00e3o"},"content":{"rendered":"<p><img loading=\"lazy\" class=\"aligncenter wp-image-158277\" src=\"https:\/\/www.blogdothame.blog.br\/v1\/wp-content\/uploads\/2023\/12\/frente_reitoria.jpeg\" alt=\"\" width=\"405\" height=\"304\" srcset=\"https:\/\/www.blogdothame.blog.br\/v1\/wp-content\/uploads\/2023\/12\/frente_reitoria.jpeg 600w, https:\/\/www.blogdothame.blog.br\/v1\/wp-content\/uploads\/2023\/12\/frente_reitoria-300x225.jpeg 300w\" sizes=\"(max-width: 405px) 100vw, 405px\" \/><\/p>\n<p>Aspirantes a uma vaga nos cursos de gradua\u00e7\u00e3o da Universidade Federal do Sul da Bahia (UFSB) podem se preparar para a pr\u00f3xima edi\u00e7\u00e3o do Sistema de Sele\u00e7\u00e3o Unificada (Sisu). Conforme o termo de ades\u00e3o da universidade ao sistema, ser\u00e3o 2.132 vagas em 50 cursos, com aulas nos tr\u00eas campi em Ilh\u00e9us, Porto Seguro e Teixeira de Freitas. O edital deve sair no in\u00edcio de 2024, que \u00e9 quando o edital da UFSB e o termo de ades\u00e3o ser\u00e3o publicados.<\/p>\n<p>Das vagas em oferta, 151 s\u00e3o para a modalidade de ampla concorr\u00eancia e 1.981 para as pol\u00edticas afirmativas, incluindo nesse rol as determinadas pela\u00a0Lei Federal n\u00ba 12.711\/2012 (Lei de Cotas), com atualiza\u00e7\u00e3o pela Lei Federal n\u00ba 14.723\/2023, e as pol\u00edticas adotadas pela UFSB\u00a0(Resolu\u00e7\u00e3o Consuni 12\/2021 &#8211; Define as pol\u00edticas afirmativas para ingresso em cursos de gradua\u00e7\u00e3o de 1\u00ba e 2\u00ba ciclos), como as vagas para pessoas transsexuais, travestis e transg\u00eaneros; ind\u00edgenas aldeados (povos origin\u00e1rios); pessoas de comunidades remanescentes de comunidades quilombolas ou de comunidades identit\u00e1rias tradicionais ;pessoas em priva\u00e7\u00e3o de liberdade e refugiadas, pessoas com defici\u00eancia.<\/p>\n<p>&nbsp;<\/p>\n<p>Quadro de vagas<\/p>\n<p><!--more--><\/p>\n<p>Campus Jorge Amado (Ilh\u00e9us) &#8211; 765 vagas<\/p>\n<p>&nbsp;<\/p>\n<p>Primeiro Ciclo<br \/>\nLicenciatura\u00a0Interdisciplinar em Artes e suas Tecnologias &#8211; 50 vagas<br \/>\nBacharelado Interdisciplinar em Ci\u00eancias &#8211; 40 vagas<br \/>\nBacharelado Interdisciplinar em Ci\u00eancias (noturno) -50 vagas<br \/>\nLicenciatura Interdisciplinar em Ci\u00eancias da Natureza e suas Tecnologias &#8211; 50 vagas<br \/>\nLicenciatura Interdisciplinar em Ci\u00eancias Humanas e Sociais e suas Tecnologias &#8211; 50 vagas<br \/>\nBacharelado Interdisciplinar em Humanidades &#8211; 40 vagas<br \/>\nLicenciatura Interdisciplinar em Linguagens e suas Tecnologias &#8211; 50 vagas<br \/>\nLicenciatura Interdisciplinar em Matem\u00e1tica e Computa\u00e7\u00e3o e suas Tecnologias &#8211; 50 vagas<\/p>\n<p>Segundo Ciclo<br \/>\nEngenharia Agr\u00edcola e Ambiental &#8211; 40 vagas<br \/>\nEngenharia Ambiental e da Sustentabilidade &#8211; 40 vagas<br \/>\nEngenharia de Aquicultura e Recursos H\u00eddricos &#8211; 40 vagas<br \/>\nEngenharia de Transportes e Log\u00edstica &#8211; 40 vagas<br \/>\nEngenharia Florestal &#8211; 40 vagas<br \/>\nEngenharia Sanit\u00e1ria e Ambiental &#8211; 40 vagas<br \/>\nM\u00eddia e Tecnologia &#8211; 40 vagas<br \/>\nPol\u00edticas P\u00fablicas &#8211; 40 vagas<br \/>\nProdu\u00e7\u00e3o Cultural &#8211; 40 vagas<br \/>\nCST em Produ\u00e7\u00e3o de Cacau e Chocolate &#8211; 25 vagas<\/p>\n<p>&nbsp;<\/p>\n<p>Campus Paulo Freire (Teixeira de Freitas) &#8211; 537 vagas<\/p>\n<p>&nbsp;<\/p>\n<p>Primeiro Ciclo<br \/>\nLicenciatura Interdisciplinar em Artes e suas Tecnologias &#8211; 30 vagas<br \/>\nBacharelado Interdisciplinar em Ci\u00eancias &#8211; 60 vagas<br \/>\nLicenciatura Interdisciplinar em Ci\u00eancias da Natureza e suas Tecnologias &#8211; 50 vagas<br \/>\nLicenciatura Interdisciplinar em Ci\u00eancias Humanas e Sociais e suas Tecnologias &#8211; 50 vagas<br \/>\nBacharelado Interdisciplinar em Humanidades &#8211; 50 vagas<br \/>\nBacharelado Interdisciplinar em Humanidades (noturno) &#8211; 70 vagas<br \/>\nLicenciatura Interdisciplinar em Linguagens e suas Tecnologias &#8211; 50 vagas<\/p>\n<p>Segundo Ciclo<br \/>\nBiomedicina &#8211; 21 vagas<br \/>\nEngenharia Civil &#8211; 40 vagas<br \/>\nGest\u00e3o Ambiental &#8211; 30 vagas<br \/>\nMedicina &#8211; 56 vagas<br \/>\nM\u00eddias Digitais &#8211; 30 vagas<\/p>\n<p>&nbsp;<\/p>\n<p>Campus Sos\u00edgenes Costa (Porto Seguro) &#8211; 830 vagas<\/p>\n<p>&nbsp;<\/p>\n<p>Primeiro Ciclo<br \/>\nBacharelado Interdisciplinar em Artes &#8211; 40 vagas<br \/>\nBacharelado Interdisciplinar em Artes (noturno) &#8211; 40 vagas<br \/>\nLicenciatura Interdisciplinar em Artes e suas Tecnologias &#8211; 50 vagas<br \/>\nBacharelado Interdisciplinar em Ci\u00eancias (noturno) &#8211; 30 vagas<br \/>\nBacharelado Interdisciplinar em Ci\u00eancias &#8211; 30 vagas<br \/>\nLicenciatura Interdisciplinar em Ci\u00eancias da Natureza e suas Tecnologias &#8211; 50 vagas<br \/>\nLicenciatura Interdisciplinar em Ci\u00eancias Humanas e Sociais e suas Tecnologias &#8211; 50 vagas<br \/>\nBacharelado Interdisciplinar em Humanidades (noturno) &#8211; 70 vagas<br \/>\nBacharelado Interdisciplinar em Humanidades &#8211; 50 vagas<br \/>\nLicenciatura Interdisciplinar em Linguagens e suas Tecnologias &#8211; 50 vagas<br \/>\nLicenciatura Interdisciplinar em Matem\u00e1tica e Computa\u00e7\u00e3o e suas Tecnologias &#8211; 50 vagas<\/p>\n<p>Segundo Ciclo<br \/>\nAntropologia &#8211; 40 vagas<br \/>\nArtes do Corpo em Cena &#8211; 20 vagas<br \/>\nCi\u00eancias Biol\u00f3gicas &#8211; 40 vagas<br \/>\nEngenharia Sanit\u00e1ria e Ambiental &#8211; 40 vagas<br \/>\nGest\u00e3o P\u00fablica e Social &#8211; 40 vagas<br \/>\nHist\u00f3ria (lic.)- 30 vagas<br \/>\nJornalismo &#8211; 40 vagas<br \/>\nOceanologia &#8211; 40 vagas<br \/>\nSom, Imagem e Movimento &#8211; 30 vagas<\/p>\n","protected":false},"excerpt":{"rendered":"<p>Aspirantes a uma vaga nos cursos de gradua\u00e7\u00e3o da Universidade Federal do Sul da Bahia (UFSB) podem se preparar para a pr\u00f3xima edi\u00e7\u00e3o do Sistema de Sele\u00e7\u00e3o Unificada (Sisu). Conforme o termo de ades\u00e3o da universidade ao sistema, ser\u00e3o 2.132 vagas em 50 cursos, com aulas nos tr\u00eas campi em Ilh\u00e9us, Porto Seguro e Teixeira [&hellip;]<\/p>\n","protected":false},"author":2,"featured_media":158277,"comment_status":"open","ping_status":"open","sticky":false,"template":"","format":"standard","meta":{"_links_to":"","_links_to_target":""},"categories":[33434],"tags":[7064,10264,7027],"_links":{"self":[{"href":"https:\/\/www.blogdothame.blog.br\/v1\/wp-json\/wp\/v2\/posts\/158276"}],"collection":[{"href":"https:\/\/www.blogdothame.blog.br\/v1\/wp-json\/wp\/v2\/posts"}],"about":[{"href":"https:\/\/www.blogdothame.blog.br\/v1\/wp-json\/wp\/v2\/types\/post"}],"author":[{"embeddable":true,"href":"https:\/\/www.blogdothame.blog.br\/v1\/wp-json\/wp\/v2\/users\/2"}],"replies":[{"embeddable":true,"href":"https:\/\/www.blogdothame.blog.br\/v1\/wp-json\/wp\/v2\/comments?post=158276"}],"version-history":[{"count":1,"href":"https:\/\/www.blogdothame.blog.br\/v1\/wp-json\/wp\/v2\/posts\/158276\/revisions"}],"predecessor-version":[{"id":158278,"href":"https:\/\/www.blogdothame.blog.br\/v1\/wp-json\/wp\/v2\/posts\/158276\/revisions\/158278"}],"wp:featuredmedia":[{"embeddable":true,"href":"https:\/\/www.blogdothame.blog.br\/v1\/wp-json\/wp\/v2\/media\/158277"}],"wp:attachment":[{"href":"https:\/\/www.blogdothame.blog.br\/v1\/wp-json\/wp\/v2\/media?parent=158276"}],"wp:term":[{"taxonomy":"category","embeddable":true,"href":"https:\/\/www.blogdothame.blog.br\/v1\/wp-json\/wp\/v2\/categories?post=158276"},{"taxonomy":"post_tag","embeddable":true,"href":"https:\/\/www.blogdothame.blog.br\/v1\/wp-json\/wp\/v2\/tags?post=158276"}],"curies":[{"name":"wp","href":"https:\/\/api.w.org\/{rel}","templated":true}]}}