{"id":158239,"date":"2023-12-28T08:18:31","date_gmt":"2023-12-28T11:18:31","guid":{"rendered":"https:\/\/www.blogdothame.blog.br\/v1\/?p=158239"},"modified":"2023-12-27T16:22:34","modified_gmt":"2023-12-27T19:22:34","slug":"prefeitura-amplia-fase-de-testes-apos-a-implantacao-de-conjuntos-semaforicos-em-itabuna","status":"publish","type":"post","link":"https:\/\/www.blogdothame.blog.br\/v1\/2023\/12\/28\/prefeitura-amplia-fase-de-testes-apos-a-implantacao-de-conjuntos-semaforicos-em-itabuna\/","title":{"rendered":"Prefeitura amplia fase de testes ap\u00f3s a implanta\u00e7\u00e3o de conjuntos semaf\u00f3ricos em Itabuna"},"content":{"rendered":"<p><img loading=\"lazy\" class=\"aligncenter size-full wp-image-158240\" src=\"https:\/\/www.blogdothame.blog.br\/v1\/wp-content\/uploads\/2023\/12\/semaf.jpeg\" alt=\"\" width=\"410\" height=\"351\" srcset=\"https:\/\/www.blogdothame.blog.br\/v1\/wp-content\/uploads\/2023\/12\/semaf.jpeg 410w, https:\/\/www.blogdothame.blog.br\/v1\/wp-content\/uploads\/2023\/12\/semaf-300x257.jpeg 300w\" sizes=\"(max-width: 410px) 100vw, 410px\" \/><\/p>\n<p>A Prefeitura de Itabuna segue avan\u00e7ando com a implanta\u00e7\u00e3o dos novos conjuntos semaf\u00f3ricos que v\u00eam refor\u00e7ar a seguran\u00e7a no tr\u00e2nsito em diferentes pontos da cidade. At\u00e9 o momento, t\u00e9cnicos da Secretaria Municipal de Transporte e Tr\u00e2nsito (SETTRAN) j\u00e1 instalaram oito dos 14 conjuntos semaf\u00f3ricos previstos para serem implantados nesta primeira fase.<\/p>\n<p>O cronograma de agora contempla os principais cruzamentos e vias por onde trafegam centenas de ve\u00edculos diariamente. Tamb\u00e9m j\u00e1 foram instalados dois indicadores de faixa de pedestres.<\/p>\n<p>J\u00e1 foram instalados conjuntos semaf\u00f3ricos nas seguintes localidades: cruzamentos da Avenida Manoel Chaves com a Rua Juarez e com a Avenida Princesa Isabel; Al\u00edcio de Queiroz com Avenida do Cinq\u00fcenten\u00e1rio; e na regi\u00e3o da Rodovi\u00e1ria e condom\u00ednio Centro Comercial. Nesta mesma localidade tamb\u00e9m foram instalados dois indicadores de faixa de pedestres.<\/p>\n<p><!--more--><\/p>\n<p>Outras locais tamb\u00e9m foram beneficiadas s\u00e3o: Avenida Aziz Maron (em frente ao Jequitib\u00e1 Plaza Shopping); cruzamento das Avenidas Am\u00e9lia Amado e Cinquenten\u00e1rio, subida para Ilh\u00e9us, e Avenida Am\u00e9lia Amado com a Rua Ant\u00f4nio Muniz, no Pontalzinho; e cruzamento da Avenida do Cinquenten\u00e1rio com a Rua Adolfo Maron.<\/p>\n<p>Muitos motoristas e pedestres que circulam no tr\u00e2nsito de Itabuna consideram que esta iniciativa do prefeito Augusto Castro (PSD) representou uma grande conquista para o munic\u00edpio no que se refere \u00e0 seguran\u00e7a no tr\u00e2nsito e \u00e0 mobilidade urbana.<br \/>\nAl\u00e9m das a\u00e7\u00f5es de pavimenta\u00e7\u00e3o e urbaniza\u00e7\u00e3o j\u00e1 implementadas nos bairros Nova Ferradas, Nova Esperan\u00e7a, Ferradas, Nova Itabuna, Urbis IV, Campo Formoso e Sinval Palmeira, Jardim Ja\u00e7an\u00e3 e Daniel Gomes \u00faltimos meses, por meio do Programa Acelera Itabuna (PAI), tamb\u00e9m vem sendo refor\u00e7ada a sinaliza\u00e7\u00e3o vi\u00e1ria, inclusive com a pintura de faixas de pedestres.<\/p>\n","protected":false},"excerpt":{"rendered":"<p>A Prefeitura de Itabuna segue avan\u00e7ando com a implanta\u00e7\u00e3o dos novos conjuntos semaf\u00f3ricos que v\u00eam refor\u00e7ar a seguran\u00e7a no tr\u00e2nsito em diferentes pontos da cidade. At\u00e9 o momento, t\u00e9cnicos da Secretaria Municipal de Transporte e Tr\u00e2nsito (SETTRAN) j\u00e1 instalaram oito dos 14 conjuntos semaf\u00f3ricos previstos para serem implantados nesta primeira fase. O cronograma de agora [&hellip;]<\/p>\n","protected":false},"author":2,"featured_media":158240,"comment_status":"open","ping_status":"open","sticky":false,"template":"","format":"standard","meta":{"_links_to":"","_links_to_target":""},"categories":[33435],"tags":[36812,864],"_links":{"self":[{"href":"https:\/\/www.blogdothame.blog.br\/v1\/wp-json\/wp\/v2\/posts\/158239"}],"collection":[{"href":"https:\/\/www.blogdothame.blog.br\/v1\/wp-json\/wp\/v2\/posts"}],"about":[{"href":"https:\/\/www.blogdothame.blog.br\/v1\/wp-json\/wp\/v2\/types\/post"}],"author":[{"embeddable":true,"href":"https:\/\/www.blogdothame.blog.br\/v1\/wp-json\/wp\/v2\/users\/2"}],"replies":[{"embeddable":true,"href":"https:\/\/www.blogdothame.blog.br\/v1\/wp-json\/wp\/v2\/comments?post=158239"}],"version-history":[{"count":1,"href":"https:\/\/www.blogdothame.blog.br\/v1\/wp-json\/wp\/v2\/posts\/158239\/revisions"}],"predecessor-version":[{"id":158241,"href":"https:\/\/www.blogdothame.blog.br\/v1\/wp-json\/wp\/v2\/posts\/158239\/revisions\/158241"}],"wp:featuredmedia":[{"embeddable":true,"href":"https:\/\/www.blogdothame.blog.br\/v1\/wp-json\/wp\/v2\/media\/158240"}],"wp:attachment":[{"href":"https:\/\/www.blogdothame.blog.br\/v1\/wp-json\/wp\/v2\/media?parent=158239"}],"wp:term":[{"taxonomy":"category","embeddable":true,"href":"https:\/\/www.blogdothame.blog.br\/v1\/wp-json\/wp\/v2\/categories?post=158239"},{"taxonomy":"post_tag","embeddable":true,"href":"https:\/\/www.blogdothame.blog.br\/v1\/wp-json\/wp\/v2\/tags?post=158239"}],"curies":[{"name":"wp","href":"https:\/\/api.w.org\/{rel}","templated":true}]}}