{"id":157832,"date":"2023-12-14T09:47:34","date_gmt":"2023-12-14T12:47:34","guid":{"rendered":"https:\/\/www.blogdothame.blog.br\/v1\/?p=157832"},"modified":"2023-12-13T14:55:23","modified_gmt":"2023-12-13T17:55:23","slug":"estudantes-brilham-com-a-exposicao-de-projetos-artisticos-e-culturais-na-arena-fonte-nova","status":"publish","type":"post","link":"https:\/\/www.blogdothame.blog.br\/v1\/2023\/12\/14\/estudantes-brilham-com-a-exposicao-de-projetos-artisticos-e-culturais-na-arena-fonte-nova\/","title":{"rendered":"Estudantes brilham com a exposi\u00e7\u00e3o de projetos art\u00edsticos e culturais na Arena Fonte Nova"},"content":{"rendered":"<p><img loading=\"lazy\" class=\"aligncenter  wp-image-157833\" src=\"https:\/\/www.blogdothame.blog.br\/v1\/wp-content\/uploads\/2023\/12\/projetos-artisticos-e-culturais-5.jpeg\" alt=\"\" width=\"494\" height=\"329\" srcset=\"https:\/\/www.blogdothame.blog.br\/v1\/wp-content\/uploads\/2023\/12\/projetos-artisticos-e-culturais-5.jpeg 600w, https:\/\/www.blogdothame.blog.br\/v1\/wp-content\/uploads\/2023\/12\/projetos-artisticos-e-culturais-5-300x200.jpeg 300w\" sizes=\"(max-width: 494px) 100vw, 494px\" \/><\/p>\n<p>Estudantes de toda a Bahia est\u00e3o apresentando 1.040 projetos de express\u00e3o art\u00edstica e cultural no Encontro Estudantil da Rede Estadual de Ensino, iniciado nesta ter\u00e7a-feira (12) e que segue at\u00e9 quinta-feira (14), na Arena Fonte Nova, em Salvador.<\/p>\n<p>O protagonismo estudantil \u00e9 evidenciado por meio dos seguintes projetos: Festival Anual da Can\u00e7\u00e3o Estudantil (Face); Tempos de Arte Liter\u00e1ria (Tal); Artes Visuais Estudantis (Ave); Educa\u00e7\u00e3o Patrimonial e Art\u00edstica (Epa); Produ\u00e7\u00e3o de V\u00eddeos Estudantis (Prove); Dan\u00e7a Estudantil (Dance); Encontro de Canto e Coral Estudantil (Encante); e o \u00a0Festival Estudantil de Teatro (Feste). Nos diferentes n\u00edveis da Fonte Nova, inclusive no palco principal, os estudantes encantaram com suas cria\u00e7\u00f5es.<\/p>\n<p><img loading=\"lazy\" class=\"aligncenter  wp-image-157834\" src=\"https:\/\/www.blogdothame.blog.br\/v1\/wp-content\/uploads\/2023\/12\/projetos-artisticos-e-culturais-3.jpeg\" alt=\"\" width=\"366\" height=\"244\" srcset=\"https:\/\/www.blogdothame.blog.br\/v1\/wp-content\/uploads\/2023\/12\/projetos-artisticos-e-culturais-3.jpeg 600w, https:\/\/www.blogdothame.blog.br\/v1\/wp-content\/uploads\/2023\/12\/projetos-artisticos-e-culturais-3-300x200.jpeg 300w\" sizes=\"(max-width: 366px) 100vw, 366px\" \/><\/p>\n<p>A estudante Jayana Dias Tavares , 16 anos, 2\u00ba ano do Col\u00e9gio Estadual de Tempo Integral Am\u00e9lia Rodrigues, em Am\u00e9lia Rodrigues, exp\u00f4s o quadro \u201cMaria Felipa tecendo identidade\u201d, no AVE. Ela ressaltou sua alegria em participar do encontro. \u201cO evento como um todo est\u00e1 sendo muito enriquecedor, porque nos d\u00e1 a oportunidade de conhecer diversas obras e express\u00f5es culturais de estudantes de v\u00e1rias partes da Bahia\u201d, disse.<\/p>\n<p><!--more--><\/p>\n<p>Gabriel Guimar\u00e3es Santos , 20 anos, estudante do 3\u00ba ano do Col\u00e9gio Estadual Castro Alves, localizado no munic\u00edpio de Adustina, do Epa, falou sobre o sentimento de expor seu projeto. \u201cEu estou expondo a obra \u2018Capela das Vieiras\u2019. Estou muito feliz. \u00c9 a primeira vez que venho a Salvador e estar aqui para participar da etapa estadual me deixa ainda mais animado. Esse est\u00e1 sendo um momento muito importante para mim, pois estou mostrando o meu talento ao mesmo tempo que me despe\u00e7o da escola\u201d.<\/p>\n<p><img loading=\"lazy\" class=\"aligncenter  wp-image-157835\" src=\"https:\/\/www.blogdothame.blog.br\/v1\/wp-content\/uploads\/2023\/12\/projetos-artisticos-e-culturais-4-1.jpeg\" alt=\"\" width=\"447\" height=\"298\" srcset=\"https:\/\/www.blogdothame.blog.br\/v1\/wp-content\/uploads\/2023\/12\/projetos-artisticos-e-culturais-4-1.jpeg 600w, https:\/\/www.blogdothame.blog.br\/v1\/wp-content\/uploads\/2023\/12\/projetos-artisticos-e-culturais-4-1-300x200.jpeg 300w\" sizes=\"(max-width: 447px) 100vw, 447px\" \/><\/p>\n<p>A estudante Iane Souza de Carvalho, 16 anos, 2\u00ba ano do Col\u00e9gio Estadual Renato Viana, localizado em Anag\u00e9, que se apresentou pelo Encante, falou sobre o \u00a0seu projeto &#8220;Lavadeiras de Anag\u00e9&#8221;. \u201cA nossa apresenta\u00e7\u00e3o conta uma hist\u00f3ria bem comum na nossa regi\u00e3o, que \u00e9 a hist\u00f3ria das lavadeiras do Rio Gavi\u00e3o. Essa \u00e9 a nossa homenagem a elas. Estamos bem felizes em estar participando do evento\u201d, comentou.<\/p>\n<p>Confira a programa\u00e7\u00e3o do Encontro Estudantil da Rede Estadual no Portal da Educa\u00e7\u00e3o:\u00a0www.educacao.ba.gov.br<\/p>\n<p>Fotos: Emerson Santos<\/p>\n","protected":false},"excerpt":{"rendered":"<p>Estudantes de toda a Bahia est\u00e3o apresentando 1.040 projetos de express\u00e3o art\u00edstica e cultural no Encontro Estudantil da Rede Estadual de Ensino, iniciado nesta ter\u00e7a-feira (12) e que segue at\u00e9 quinta-feira (14), na Arena Fonte Nova, em Salvador. O protagonismo estudantil \u00e9 evidenciado por meio dos seguintes projetos: Festival Anual da Can\u00e7\u00e3o Estudantil (Face); Tempos [&hellip;]<\/p>\n","protected":false},"author":2,"featured_media":157833,"comment_status":"open","ping_status":"open","sticky":false,"template":"","format":"standard","meta":{"_links_to":"","_links_to_target":""},"categories":[1],"tags":[36753,16],"_links":{"self":[{"href":"https:\/\/www.blogdothame.blog.br\/v1\/wp-json\/wp\/v2\/posts\/157832"}],"collection":[{"href":"https:\/\/www.blogdothame.blog.br\/v1\/wp-json\/wp\/v2\/posts"}],"about":[{"href":"https:\/\/www.blogdothame.blog.br\/v1\/wp-json\/wp\/v2\/types\/post"}],"author":[{"embeddable":true,"href":"https:\/\/www.blogdothame.blog.br\/v1\/wp-json\/wp\/v2\/users\/2"}],"replies":[{"embeddable":true,"href":"https:\/\/www.blogdothame.blog.br\/v1\/wp-json\/wp\/v2\/comments?post=157832"}],"version-history":[{"count":1,"href":"https:\/\/www.blogdothame.blog.br\/v1\/wp-json\/wp\/v2\/posts\/157832\/revisions"}],"predecessor-version":[{"id":157836,"href":"https:\/\/www.blogdothame.blog.br\/v1\/wp-json\/wp\/v2\/posts\/157832\/revisions\/157836"}],"wp:featuredmedia":[{"embeddable":true,"href":"https:\/\/www.blogdothame.blog.br\/v1\/wp-json\/wp\/v2\/media\/157833"}],"wp:attachment":[{"href":"https:\/\/www.blogdothame.blog.br\/v1\/wp-json\/wp\/v2\/media?parent=157832"}],"wp:term":[{"taxonomy":"category","embeddable":true,"href":"https:\/\/www.blogdothame.blog.br\/v1\/wp-json\/wp\/v2\/categories?post=157832"},{"taxonomy":"post_tag","embeddable":true,"href":"https:\/\/www.blogdothame.blog.br\/v1\/wp-json\/wp\/v2\/tags?post=157832"}],"curies":[{"name":"wp","href":"https:\/\/api.w.org\/{rel}","templated":true}]}}