{"id":157756,"date":"2023-12-12T13:13:45","date_gmt":"2023-12-12T16:13:45","guid":{"rendered":"https:\/\/www.blogdothame.blog.br\/v1\/?p=157756"},"modified":"2023-12-12T11:11:54","modified_gmt":"2023-12-12T14:11:54","slug":"pro-reitor-de-acoes-afirmativas-da-ufsb-e-eleito-coordenador-nacional-do-fonaprace-andifes","status":"publish","type":"post","link":"https:\/\/www.blogdothame.blog.br\/v1\/2023\/12\/12\/pro-reitor-de-acoes-afirmativas-da-ufsb-e-eleito-coordenador-nacional-do-fonaprace-andifes\/","title":{"rendered":"Pr\u00f3-reitor de A\u00e7\u00f5es Afirmativas da UFSB \u00e9 eleito coordenador nacional do Fonaprace-Andifes"},"content":{"rendered":"<p><img loading=\"lazy\" class=\"aligncenter  wp-image-157757\" src=\"https:\/\/www.blogdothame.blog.br\/v1\/wp-content\/uploads\/2023\/12\/FOTO_GERAL-1.jpg\" alt=\"\" width=\"454\" height=\"208\" srcset=\"https:\/\/www.blogdothame.blog.br\/v1\/wp-content\/uploads\/2023\/12\/FOTO_GERAL-1.jpg 506w, https:\/\/www.blogdothame.blog.br\/v1\/wp-content\/uploads\/2023\/12\/FOTO_GERAL-1-300x138.jpg 300w\" sizes=\"(max-width: 454px) 100vw, 454px\" \/><\/p>\n<p>O Encontro Nacional do F\u00f3rum de Pr\u00f3-reitores de Assuntos Estudantis (FONAPRACE) reuniu representantes das 69 institui\u00e7\u00f5es federais de Ensino Superior entre os dias 05 e 07 de dezembro, na sede da\u00a0Associa\u00e7\u00e3o Nacional de Dirigentes de Institui\u00e7\u00f5es Federais de Ensino Superior (ANDIFES)\u00a0em Bras\u00edlia. A Universidade Federal do Sul da Bahia foi representada por dois dirigentes da Pr\u00f3-reitoria de A\u00e7\u00f5es Afirmativas (PROAF) e o pr\u00f3-reitor, professor Sandro Augusto Ferreira, eleito como coordenador nacional do f\u00f3rum para o mandato 2023-2024. O FONAPRACE foi criado em outubro de 1987 e congrega os pr\u00f3-reitores, sub-reitores, decanos ou respons\u00e1veis pelos assuntos comunit\u00e1rios e estudantis das institui\u00e7\u00f5es de ensino superior (IES) p\u00fablicas do Brasil, sendo um colegiado ligado \u00e0 ANDIFES.<\/p>\n<p>&nbsp;<\/p>\n<div id=\"attachment_157758\" style=\"width: 382px\" class=\"wp-caption aligncenter\"><img aria-describedby=\"caption-attachment-157758\" loading=\"lazy\" class=\" wp-image-157758\" src=\"https:\/\/www.blogdothame.blog.br\/v1\/wp-content\/uploads\/2023\/12\/pof.-Sandro-Ferreira.jpg\" alt=\"\" width=\"372\" height=\"248\" srcset=\"https:\/\/www.blogdothame.blog.br\/v1\/wp-content\/uploads\/2023\/12\/pof.-Sandro-Ferreira.jpg 410w, https:\/\/www.blogdothame.blog.br\/v1\/wp-content\/uploads\/2023\/12\/pof.-Sandro-Ferreira-300x200.jpg 300w\" sizes=\"(max-width: 372px) 100vw, 372px\" \/><p id=\"caption-attachment-157758\" class=\"wp-caption-text\">Professor Sandro Ferreira<\/p><\/div>\n<p>Em tr\u00eas dias de discuss\u00f5es o F\u00f3rum debateu temas centrais para a assist\u00eancia estudantil e para as a\u00e7\u00f5es afirmativas, especialmente a nova Lei de Cotas (14.723\/2023) contando com a presen\u00e7a da deputada federal Dandara Tonantzin (PT\/MG), relatora do projeto de lei.\u00a0O Programa Bolsa Perman\u00eancia do MEC (PBP) tamb\u00e9m foi bastante debatido, com a libera\u00e7\u00e3o de novas 1.385 bolsas agora em dezembro, e com o an\u00fancio por parte do MEC da previs\u00e3o de atendimento de toda a demanda de estudantes ind\u00edgenas e quilombolas a partir de 2024.\u00a0O debate sobre o projeto de lei que instituir\u00e1 a Pol\u00edtica Nacional de Assist\u00eancia Estudantil (PNAES) (PL n. 1.434\/2011) foi o mais intenso, mobilizando as pr\u00f3-reitorias num esfor\u00e7o de melhoria dos programas previstos no PL, e na defini\u00e7\u00e3o das fontes or\u00e7ament\u00e1rias voltadas \u00e0 Assist\u00eancia Estudantil.<\/p>\n<p><!--more--><br \/>\nNa plen\u00e1ria final do encontro, o professor Sandro Ferreira (PROAF\/UFSB) foi eleito por unanimidade Coordenador Nacional do FONAPRACE para o mandato 2023\/2024, sendo indicado pela regional Nordeste, contando tamb\u00e9m com o apoio da atual coordena\u00e7\u00e3o, dirigida pela professora Maria Rita de Assis C\u00e9sar (UFPR).\u00a0O pr\u00f3-reitor destacou que a possibilidade de ocupar este lugar permitir\u00e1 dar mais visibilidade \u00e0 UFSB e \u00e0s demais novas e nov\u00edssimas universidades federais, que ainda buscam recursos e contrata\u00e7\u00e3o de servidores para ampliar seus programas de Assist\u00eancia Estudantil.<\/p>\n<p>\u201cApostando na melhor das caracter\u00edsticas que possui o FONAPRACE, que \u00e9 o debate democr\u00e1tico sobre os rumos da Assist\u00eancia Estudantil, acredito que poderemos contribuir decisivamente na qualifica\u00e7\u00e3o da Pol\u00edtica Nacional de Assist\u00eancia Estudantil, na amplia\u00e7\u00e3o dos recursos federais para a perman\u00eancia de estudantes em situa\u00e7\u00e3o de vulnerabilidade e no fortalecimento das A\u00e7\u00f5es Afirmativas, \u00e1rea na qual a UFSB j\u00e1 \u00e9 uma refer\u00eancia nacional\u201d, destaca o pr\u00f3-reitor Sandro Ferreira.<\/p>\n","protected":false},"excerpt":{"rendered":"<p>O Encontro Nacional do F\u00f3rum de Pr\u00f3-reitores de Assuntos Estudantis (FONAPRACE) reuniu representantes das 69 institui\u00e7\u00f5es federais de Ensino Superior entre os dias 05 e 07 de dezembro, na sede da\u00a0Associa\u00e7\u00e3o Nacional de Dirigentes de Institui\u00e7\u00f5es Federais de Ensino Superior (ANDIFES)\u00a0em Bras\u00edlia. A Universidade Federal do Sul da Bahia foi representada por dois dirigentes da [&hellip;]<\/p>\n","protected":false},"author":2,"featured_media":157757,"comment_status":"open","ping_status":"open","sticky":false,"template":"","format":"standard","meta":{"_links_to":"","_links_to_target":""},"categories":[33433],"tags":[36739,36740,10264],"_links":{"self":[{"href":"https:\/\/www.blogdothame.blog.br\/v1\/wp-json\/wp\/v2\/posts\/157756"}],"collection":[{"href":"https:\/\/www.blogdothame.blog.br\/v1\/wp-json\/wp\/v2\/posts"}],"about":[{"href":"https:\/\/www.blogdothame.blog.br\/v1\/wp-json\/wp\/v2\/types\/post"}],"author":[{"embeddable":true,"href":"https:\/\/www.blogdothame.blog.br\/v1\/wp-json\/wp\/v2\/users\/2"}],"replies":[{"embeddable":true,"href":"https:\/\/www.blogdothame.blog.br\/v1\/wp-json\/wp\/v2\/comments?post=157756"}],"version-history":[{"count":1,"href":"https:\/\/www.blogdothame.blog.br\/v1\/wp-json\/wp\/v2\/posts\/157756\/revisions"}],"predecessor-version":[{"id":157759,"href":"https:\/\/www.blogdothame.blog.br\/v1\/wp-json\/wp\/v2\/posts\/157756\/revisions\/157759"}],"wp:featuredmedia":[{"embeddable":true,"href":"https:\/\/www.blogdothame.blog.br\/v1\/wp-json\/wp\/v2\/media\/157757"}],"wp:attachment":[{"href":"https:\/\/www.blogdothame.blog.br\/v1\/wp-json\/wp\/v2\/media?parent=157756"}],"wp:term":[{"taxonomy":"category","embeddable":true,"href":"https:\/\/www.blogdothame.blog.br\/v1\/wp-json\/wp\/v2\/categories?post=157756"},{"taxonomy":"post_tag","embeddable":true,"href":"https:\/\/www.blogdothame.blog.br\/v1\/wp-json\/wp\/v2\/tags?post=157756"}],"curies":[{"name":"wp","href":"https:\/\/api.w.org\/{rel}","templated":true}]}}