{"id":157471,"date":"2023-12-04T17:13:21","date_gmt":"2023-12-04T20:13:21","guid":{"rendered":"https:\/\/www.blogdothame.blog.br\/v1\/?p=157471"},"modified":"2023-12-04T10:24:50","modified_gmt":"2023-12-04T13:24:50","slug":"cientistas-descobrem-nova-especie-de-anfibio-e-a-batizam-com-homenagem-a-capoeira","status":"publish","type":"post","link":"https:\/\/www.blogdothame.blog.br\/v1\/2023\/12\/04\/cientistas-descobrem-nova-especie-de-anfibio-e-a-batizam-com-homenagem-a-capoeira\/","title":{"rendered":"Cientistas descobrem nova esp\u00e9cie de anf\u00edbio e a batizam com homenagem \u00e0 capoeira"},"content":{"rendered":"<div id=\"attachment_157472\" style=\"width: 459px\" class=\"wp-caption aligncenter\"><img aria-describedby=\"caption-attachment-157472\" loading=\"lazy\" class=\" wp-image-157472\" src=\"https:\/\/www.blogdothame.blog.br\/v1\/wp-content\/uploads\/2023\/12\/Phyllodytes-iuna-Photo-by-Marcos-Vila-Nova.jpg\" alt=\"\" width=\"449\" height=\"356\" srcset=\"https:\/\/www.blogdothame.blog.br\/v1\/wp-content\/uploads\/2023\/12\/Phyllodytes-iuna-Photo-by-Marcos-Vila-Nova.jpg 543w, https:\/\/www.blogdothame.blog.br\/v1\/wp-content\/uploads\/2023\/12\/Phyllodytes-iuna-Photo-by-Marcos-Vila-Nova-300x238.jpg 300w\" sizes=\"(max-width: 449px) 100vw, 449px\" \/><p id=\"caption-attachment-157472\" class=\"wp-caption-text\">Phyllodytes iuna \u00e9 uma pererequinha-de-brom\u00e9lia<br \/>Foto Marcos Vila Nova<\/p><\/div>\n<p>&nbsp;<\/p>\n<p style=\"text-align: center;\"><strong><i>Phyllodytes iuna \u00e9 quinta esp\u00e9cie do g\u00eanero descrita por pesquisadores do Sul da Bahia<\/i><\/strong><\/p>\n<p>Pesquisadores do Laborat\u00f3rio de Herpetologia Tropical da Universidade Estadual de Santa Cruz (UESC) descobriram uma nova esp\u00e9cie de pererequinha-de-brom\u00e9lia no Sul da Bahia, mais precisamente na Esta\u00e7\u00e3o Ecol\u00f3gica Wenceslau Guimar\u00e3es, e a batizaram de\u00a0<em>Phyllodytes iuna<\/em>. O nome da esp\u00e9cie (iuna) presta homenagem \u00e0 capoeira. Na roda de capoeira regional, o toque de \u201cI\u00fana\u201d \u00e9 executado para a formatura de alunos graduados ou \u00e9 reservado para o jogo de professores e mestres. Com essa homenagem, os autores celebram o rico legado afro-brasileiro deixado pelos mestres da capoeira na resist\u00eancia, consolida\u00e7\u00e3o e perpetua\u00e7\u00e3o desta arte marcial.<\/p>\n<p>Essa \u00e9 a quinta esp\u00e9cie do grupo\u00a0<em>Phyllodytes\u00a0<\/em>que a equipe de pesquisadores do Departamento de Ci\u00eancias Biol\u00f3gicas (DCB) da UESC descreve ao longo de dez anos de pesquisa de campo. Um dos cientistas, o professor Iuri Ribeiro Dias, \u00e9 o capoeirista da equipe e justifica: \u201cFa\u00e7o capoeira desde crian\u00e7a e sempre tive vontade de homenagear essa express\u00e3o cultural afro-brasileira em alguma das esp\u00e9cies que encontramos aqui no Sul da Bahia\u201d.<\/p>\n<div id=\"attachment_157473\" style=\"width: 432px\" class=\"wp-caption aligncenter\"><img aria-describedby=\"caption-attachment-157473\" loading=\"lazy\" class=\" wp-image-157473\" src=\"https:\/\/www.blogdothame.blog.br\/v1\/wp-content\/uploads\/2023\/12\/Phyllodytes-iuna-Photo-by-Rafael-Abreu.jpg\" alt=\"\" width=\"422\" height=\"280\" srcset=\"https:\/\/www.blogdothame.blog.br\/v1\/wp-content\/uploads\/2023\/12\/Phyllodytes-iuna-Photo-by-Rafael-Abreu.jpg 553w, https:\/\/www.blogdothame.blog.br\/v1\/wp-content\/uploads\/2023\/12\/Phyllodytes-iuna-Photo-by-Rafael-Abreu-300x199.jpg 300w\" sizes=\"(max-width: 422px) 100vw, 422px\" \/><p id=\"caption-attachment-157473\" class=\"wp-caption-text\">Os girinos de algumas esp\u00e9cies de pererequinhas-de-brom\u00e9lia se alimentam de larvas de mosquito que s\u00e3o potenciais transmissores de doen\u00e7as -Foto Rafael Abreu<\/p><\/div>\n<p>Historicamente, novas esp\u00e9cies de anf\u00edbios eram coletadas por pesquisadores dos grandes centros de pesquisa do sudeste do Brasil, como o Museu Nacional ou o Museu de Zoologia da Universidade de S\u00e3o Paulo. No entanto, quando esses cientistas se aventuravam pelas matas da Bahia, costumavam coletar anf\u00edbios nos lugares onde eles esperavam encontrar muitas esp\u00e9cies, ou seja, em brejos e po\u00e7as. Isso fez com que um grupo de pererequinhas, que ao inv\u00e9s de se reproduzir em po\u00e7as, passam toda a vida em brom\u00e9lias, fosse raramente documentado nessas expedi\u00e7\u00f5es.<\/p>\n<p><!--more--><\/p>\n<p>&#8220;As pererequinhas-de-brom\u00e9lia s\u00e3o animaizinhos espetaculares&#8221;, comenta o professor Mirco Sol\u00e9, do DCB da UESC. &#8220;Elas passam todo o seu ciclo de vida em brom\u00e9lias. L\u00e1 elas depositam ovos, nascem e crescem os girinos e depois cantam os adultos. Os girinos de algumas esp\u00e9cies de pererequinhas-de-brom\u00e9lia prestam um servi\u00e7o ecossist\u00eamico importante: eles se alimentam de larvas de mosquito que s\u00e3o potenciais transmissores de doen\u00e7as como dengue, zika e chikungunya. Protegendo as pererequinhas-de-brom\u00e9lias estaremos tamb\u00e9m protegendo a nossa pr\u00f3pria sa\u00fade&#8221;, completa.<\/p>\n<p>A Phyllodytes iuna \u00e9 a d\u00e9cima sexta esp\u00e9cie do g\u00eanero\u00a0<em>Phyllodytes\u00a0<\/em>no Brasil e a s\u00e9tima end\u00eamica da Bahia. Os primeiros indiv\u00edduos foram registrados em 2015, mas sua descri\u00e7\u00e3o formal s\u00f3 foi poss\u00edvel ap\u00f3s o encontro de exemplares adicionais, em 2018. \u201cApesar dos esfor\u00e7os de coleta em diversas localidades na Mata Atl\u00e2ntica do Sul da Bahia, a esp\u00e9cie ainda n\u00e3o foi registrada em nenhum outro local al\u00e9m da Esta\u00e7\u00e3o Ecol\u00f3gica de Wenceslau Guimar\u00e3es&#8221;, revela Laisa Santos, membro da equipe e doutoranda no Programa de P\u00f3s-Gradua\u00e7\u00e3o em Zoologia da UESC.<\/p>\n<p>Embora a equipe do Laborat\u00f3rio de Herpetologia Tropical j\u00e1 conhe\u00e7a a maioria dos cantos dessas esp\u00e9cies no Sul da Bahia, ainda h\u00e1 muito trabalho a ser feito. \u201cEstimamos que, apenas nessa regi\u00e3o, ainda temos mais cinco esp\u00e9cies novas de pererequinhas-de-brom\u00e9lias para descrever\u201d, destaca o professor Iuri.<\/p>\n<p>A pesquisa, que contou com aux\u00edlio financeiro do Programa PROTAX do Conselho Nacional de Desenvolvimento Cient\u00edfico e Tecnol\u00f3gico, culminou em um artigo publicado na Zootaxa, revista especializada na descri\u00e7\u00e3o de esp\u00e9cies novas para a ci\u00eancia. Leia\u00a0<a href=\"https:\/\/www.mapress.com\/zt\/article\/view\/zootaxa.5374.4.4\" target=\"_blank\" rel=\"noopener\" data-saferedirecturl=\"https:\/\/www.google.com\/url?q=https:\/\/www.mapress.com\/zt\/article\/view\/zootaxa.5374.4.4&amp;source=gmail&amp;ust=1701781329787000&amp;usg=AOvVaw3jz0xgqETww38JKpaC4yBB\">aqui<\/a>\u00a0o artigo na \u00edntegra.<\/p>\n","protected":false},"excerpt":{"rendered":"<p>&nbsp; Phyllodytes iuna \u00e9 quinta esp\u00e9cie do g\u00eanero descrita por pesquisadores do Sul da Bahia Pesquisadores do Laborat\u00f3rio de Herpetologia Tropical da Universidade Estadual de Santa Cruz (UESC) descobriram uma nova esp\u00e9cie de pererequinha-de-brom\u00e9lia no Sul da Bahia, mais precisamente na Esta\u00e7\u00e3o Ecol\u00f3gica Wenceslau Guimar\u00e3es, e a batizaram de\u00a0Phyllodytes iuna. O nome da esp\u00e9cie (iuna) [&hellip;]<\/p>\n","protected":false},"author":2,"featured_media":157472,"comment_status":"open","ping_status":"open","sticky":false,"template":"","format":"standard","meta":{"_links_to":"","_links_to_target":""},"categories":[33432],"tags":[21826,36690,36689,36688,36691],"_links":{"self":[{"href":"https:\/\/www.blogdothame.blog.br\/v1\/wp-json\/wp\/v2\/posts\/157471"}],"collection":[{"href":"https:\/\/www.blogdothame.blog.br\/v1\/wp-json\/wp\/v2\/posts"}],"about":[{"href":"https:\/\/www.blogdothame.blog.br\/v1\/wp-json\/wp\/v2\/types\/post"}],"author":[{"embeddable":true,"href":"https:\/\/www.blogdothame.blog.br\/v1\/wp-json\/wp\/v2\/users\/2"}],"replies":[{"embeddable":true,"href":"https:\/\/www.blogdothame.blog.br\/v1\/wp-json\/wp\/v2\/comments?post=157471"}],"version-history":[{"count":1,"href":"https:\/\/www.blogdothame.blog.br\/v1\/wp-json\/wp\/v2\/posts\/157471\/revisions"}],"predecessor-version":[{"id":157474,"href":"https:\/\/www.blogdothame.blog.br\/v1\/wp-json\/wp\/v2\/posts\/157471\/revisions\/157474"}],"wp:featuredmedia":[{"embeddable":true,"href":"https:\/\/www.blogdothame.blog.br\/v1\/wp-json\/wp\/v2\/media\/157472"}],"wp:attachment":[{"href":"https:\/\/www.blogdothame.blog.br\/v1\/wp-json\/wp\/v2\/media?parent=157471"}],"wp:term":[{"taxonomy":"category","embeddable":true,"href":"https:\/\/www.blogdothame.blog.br\/v1\/wp-json\/wp\/v2\/categories?post=157471"},{"taxonomy":"post_tag","embeddable":true,"href":"https:\/\/www.blogdothame.blog.br\/v1\/wp-json\/wp\/v2\/tags?post=157471"}],"curies":[{"name":"wp","href":"https:\/\/api.w.org\/{rel}","templated":true}]}}