{"id":157433,"date":"2023-12-02T13:13:22","date_gmt":"2023-12-02T16:13:22","guid":{"rendered":"https:\/\/www.blogdothame.blog.br\/v1\/?p=157433"},"modified":"2023-12-02T08:59:05","modified_gmt":"2023-12-02T11:59:05","slug":"governo-da-bahia-implanta-praca-da-ciencia-em-itabuna","status":"publish","type":"post","link":"https:\/\/www.blogdothame.blog.br\/v1\/2023\/12\/02\/governo-da-bahia-implanta-praca-da-ciencia-em-itabuna\/","title":{"rendered":"Governo da Bahia implanta Pra\u00e7a da Ci\u00eancia em Itabuna"},"content":{"rendered":"<p><img loading=\"lazy\" class=\"aligncenter wp-image-157434\" src=\"https:\/\/www.blogdothame.blog.br\/v1\/wp-content\/uploads\/2023\/12\/praca-da-ciencia-1.jpg\" alt=\"\" width=\"396\" height=\"297\" srcset=\"https:\/\/www.blogdothame.blog.br\/v1\/wp-content\/uploads\/2023\/12\/praca-da-ciencia-1.jpg 600w, https:\/\/www.blogdothame.blog.br\/v1\/wp-content\/uploads\/2023\/12\/praca-da-ciencia-1-300x225.jpg 300w\" sizes=\"(max-width: 396px) 100vw, 396px\" \/><br \/>\nCom o prop\u00f3sito de promover e incentivar o conhecimento cient\u00edfico de maneira l\u00fadica e interativa, desenvolvendo a curiosidade de crian\u00e7as e jovens, a Secretaria de Ci\u00eancia, Tecnologia e Inova\u00e7\u00e3o (Secti), em parceria com a Secretaria de Educa\u00e7\u00e3o (Sec), inaugurou mais uma Pra\u00e7a da Ci\u00eancia no interior da Bahia, desta vez no Complexo Integrado de Educa\u00e7\u00e3o de Itabuna. A solenidade, que aconteceu nesta sexta-feira (01), contou com a presen\u00e7a do chefe de Gabinete da Secti, Marcius Gomes, da secret\u00e1ria de Educa\u00e7\u00e3o, Ad\u00e9lia Pinheiro, da deputada federal L\u00eddice da Mata e de outras autoridades.<\/p>\n<p><img loading=\"lazy\" class=\"aligncenter wp-image-157435\" src=\"https:\/\/www.blogdothame.blog.br\/v1\/wp-content\/uploads\/2023\/12\/praca-da-ciencia-3.jpg\" alt=\"\" width=\"322\" height=\"324\" srcset=\"https:\/\/www.blogdothame.blog.br\/v1\/wp-content\/uploads\/2023\/12\/praca-da-ciencia-3.jpg 404w, https:\/\/www.blogdothame.blog.br\/v1\/wp-content\/uploads\/2023\/12\/praca-da-ciencia-3-150x150.jpg 150w\" sizes=\"(max-width: 322px) 100vw, 322px\" \/><\/p>\n<p>O espa\u00e7o, que tem equipamentos inclusivos para pessoas com defici\u00eancia, estimula o saber cient\u00edfico de maneira l\u00fadica e interativa. A pra\u00e7a conta com balan\u00e7o, alavanca, gangorra, bicicletas geradoras, torre infinita, harpa e concha ac\u00fastica.<\/p>\n<p>Marcius Gomes, chefe de Gabinete da Secti, destaca o objetivo principal da Pra\u00e7a da Ci\u00eancia. &#8220;Essa iniciativa faz parte do nosso maior programa de governo, o Bahia Mais Inovadora. O foco central da a\u00e7\u00e3o \u00e9 a populariza\u00e7\u00e3o da ci\u00eancia. Essas estruturas facilitam a aproxima\u00e7\u00e3o da juventude ao processo de aprendizagem. A pra\u00e7a tamb\u00e9m visa aproximar a comunidade e os estudantes dos temas de ci\u00eancia, tecnologia e inova\u00e7\u00e3o.&#8221;<\/p>\n<p><img loading=\"lazy\" class=\"aligncenter wp-image-157436\" src=\"https:\/\/www.blogdothame.blog.br\/v1\/wp-content\/uploads\/2023\/12\/praca-da-ciencia-4.jpg\" alt=\"\" width=\"259\" height=\"345\" srcset=\"https:\/\/www.blogdothame.blog.br\/v1\/wp-content\/uploads\/2023\/12\/praca-da-ciencia-4.jpg 413w, https:\/\/www.blogdothame.blog.br\/v1\/wp-content\/uploads\/2023\/12\/praca-da-ciencia-4-225x300.jpg 225w\" sizes=\"(max-width: 259px) 100vw, 259px\" \/><\/p>\n<p>Para Ad\u00e9lia Pinheiro, secret\u00e1ria de Educa\u00e7\u00e3o, a pra\u00e7a \u00e9 um ambiente que gera integra\u00e7\u00e3o e conhecimento. &#8220;\u00c9 uma pra\u00e7a, ent\u00e3o, \u00e9 lugar de encontro. Um espa\u00e7o para professores e estudantes. O local possui equipamentos l\u00fadicos, que conduzem um processo educativo e formativo. Nos equipamentos, est\u00e3o embarcados um conjunto de conte\u00fados da f\u00edsica, da matem\u00e1tica e at\u00e9 das ci\u00eancias relacionais. \u00c9 um convite para que professores, estudantes e comunidade se juntem e, de forma prazerosa, adquiram conhecimento&#8221;, afirma.<\/p>\n<p><!--more--><\/p>\n<p><img loading=\"lazy\" class=\"aligncenter  wp-image-157440\" src=\"https:\/\/www.blogdothame.blog.br\/v1\/wp-content\/uploads\/2023\/12\/pci-1.jpg\" alt=\"\" width=\"345\" height=\"258\" srcset=\"https:\/\/www.blogdothame.blog.br\/v1\/wp-content\/uploads\/2023\/12\/pci-1.jpg 600w, https:\/\/www.blogdothame.blog.br\/v1\/wp-content\/uploads\/2023\/12\/pci-1-300x225.jpg 300w\" sizes=\"(max-width: 345px) 100vw, 345px\" \/><\/p>\n<p>A a\u00e7\u00e3o conta com recursos de emenda parlamentar da deputada federal L\u00eddice da Mata, por meio do Minist\u00e9rio de Ci\u00eancia, Tecnologia e Inova\u00e7\u00e3o (MCTI), bem como contrapartida estadual. &#8220;\u00c9 fundamental para que possamos estimular na juventude o gosto pela ci\u00eancia. \u00c9 aprender brincando. Muitos adolescentes usam parques como esse e n\u00e3o sabem que isso tem a ver com as leis da f\u00edsica. Ent\u00e3o, com essa pra\u00e7a na escola, eles podem ter a dimens\u00e3o de tudo isso&#8221;, ressalta a deputada.<\/p>\n<p><img loading=\"lazy\" class=\"aligncenter wp-image-157438\" src=\"https:\/\/www.blogdothame.blog.br\/v1\/wp-content\/uploads\/2023\/12\/PHOTO-2023-12-01-19-13-56.jpg\" alt=\"\" width=\"350\" height=\"291\" srcset=\"https:\/\/www.blogdothame.blog.br\/v1\/wp-content\/uploads\/2023\/12\/PHOTO-2023-12-01-19-13-56.jpg 476w, https:\/\/www.blogdothame.blog.br\/v1\/wp-content\/uploads\/2023\/12\/PHOTO-2023-12-01-19-13-56-300x250.jpg 300w\" sizes=\"(max-width: 350px) 100vw, 350px\" \/><\/p>\n<p>Lu\u00eds Gustavo, estudante do 2\u00b0 ano, enfatiza o significado de ter a pra\u00e7a no col\u00e9gio. &#8220;\u00c9 uma ferramenta muito importante, pois ajuda na constru\u00e7\u00e3o do nosso conhecimento na \u00e1rea cient\u00edfica&#8221;. J\u00e1 o diretor do Complexo, Denelisio Nobre, fala como a pra\u00e7a mistura o l\u00fadico com a aprendizagem. &#8220;\u00c9 um instrumento que tem o objetivo de fazer com que o l\u00fadico entre no espa\u00e7o do conhecimento. Ent\u00e3o, os alunos v\u00e3o aprender ci\u00eancia brincando&#8221;. O evento de inaugura\u00e7\u00e3o contou com a participa\u00e7\u00e3o do Prefeito de Itabuna, Augusto Castro, do Secret\u00e1rio Municipal, Rosivaldo Pinheiro, e de diversos atores do ecossistema educacional.<\/p>\n","protected":false},"excerpt":{"rendered":"<p>Com o prop\u00f3sito de promover e incentivar o conhecimento cient\u00edfico de maneira l\u00fadica e interativa, desenvolvendo a curiosidade de crian\u00e7as e jovens, a Secretaria de Ci\u00eancia, Tecnologia e Inova\u00e7\u00e3o (Secti), em parceria com a Secretaria de Educa\u00e7\u00e3o (Sec), inaugurou mais uma Pra\u00e7a da Ci\u00eancia no interior da Bahia, desta vez no Complexo Integrado de Educa\u00e7\u00e3o [&hellip;]<\/p>\n","protected":false},"author":2,"featured_media":157435,"comment_status":"open","ping_status":"open","sticky":false,"template":"","format":"standard","meta":{"_links_to":"","_links_to_target":""},"categories":[33432],"tags":[81,16,39,11145,9570],"_links":{"self":[{"href":"https:\/\/www.blogdothame.blog.br\/v1\/wp-json\/wp\/v2\/posts\/157433"}],"collection":[{"href":"https:\/\/www.blogdothame.blog.br\/v1\/wp-json\/wp\/v2\/posts"}],"about":[{"href":"https:\/\/www.blogdothame.blog.br\/v1\/wp-json\/wp\/v2\/types\/post"}],"author":[{"embeddable":true,"href":"https:\/\/www.blogdothame.blog.br\/v1\/wp-json\/wp\/v2\/users\/2"}],"replies":[{"embeddable":true,"href":"https:\/\/www.blogdothame.blog.br\/v1\/wp-json\/wp\/v2\/comments?post=157433"}],"version-history":[{"count":2,"href":"https:\/\/www.blogdothame.blog.br\/v1\/wp-json\/wp\/v2\/posts\/157433\/revisions"}],"predecessor-version":[{"id":157441,"href":"https:\/\/www.blogdothame.blog.br\/v1\/wp-json\/wp\/v2\/posts\/157433\/revisions\/157441"}],"wp:featuredmedia":[{"embeddable":true,"href":"https:\/\/www.blogdothame.blog.br\/v1\/wp-json\/wp\/v2\/media\/157435"}],"wp:attachment":[{"href":"https:\/\/www.blogdothame.blog.br\/v1\/wp-json\/wp\/v2\/media?parent=157433"}],"wp:term":[{"taxonomy":"category","embeddable":true,"href":"https:\/\/www.blogdothame.blog.br\/v1\/wp-json\/wp\/v2\/categories?post=157433"},{"taxonomy":"post_tag","embeddable":true,"href":"https:\/\/www.blogdothame.blog.br\/v1\/wp-json\/wp\/v2\/tags?post=157433"}],"curies":[{"name":"wp","href":"https:\/\/api.w.org\/{rel}","templated":true}]}}