{"id":157348,"date":"2023-11-30T15:00:55","date_gmt":"2023-11-30T18:00:55","guid":{"rendered":"https:\/\/www.blogdothame.blog.br\/v1\/?p=157348"},"modified":"2023-11-30T14:23:06","modified_gmt":"2023-11-30T17:23:06","slug":"nos-emirados-arabes-governador-jeronimo-visita-plantacao-de-tamaras-que-poderao-ser-produzidas-na-bahia","status":"publish","type":"post","link":"https:\/\/www.blogdothame.blog.br\/v1\/2023\/11\/30\/nos-emirados-arabes-governador-jeronimo-visita-plantacao-de-tamaras-que-poderao-ser-produzidas-na-bahia\/","title":{"rendered":"Nos Emirados \u00c1rabes, governador Jer\u00f4nimo visita planta\u00e7\u00e3o de t\u00e2maras que poder\u00e3o ser produzidas na Bahia"},"content":{"rendered":"<p><img loading=\"lazy\" class=\"aligncenter  wp-image-157349\" src=\"https:\/\/www.blogdothame.blog.br\/v1\/wp-content\/uploads\/2023\/11\/Fotos-GOVBA-5.jpeg\" alt=\"\" width=\"302\" height=\"403\" srcset=\"https:\/\/www.blogdothame.blog.br\/v1\/wp-content\/uploads\/2023\/11\/Fotos-GOVBA-5.jpeg 384w, https:\/\/www.blogdothame.blog.br\/v1\/wp-content\/uploads\/2023\/11\/Fotos-GOVBA-5-225x300.jpeg 225w\" sizes=\"(max-width: 302px) 100vw, 302px\" \/><\/p>\n<p>Em seu primeiro compromisso nos Emirados \u00c1rabes Unidos, o governador Jer\u00f4nimo Rodrigues esteve, nesta quinta-feira (30), em uma fazenda de t\u00e2maras do maior exportador mundial da fruta, na regi\u00e3o de Abu Dhabi. O objetivo da visita foi conhecer de perto uma unidade produtora para verificar a viabilidade da produ\u00e7\u00e3o em larga escala na Bahia.<\/p>\n<p><img loading=\"lazy\" class=\"aligncenter  wp-image-157350\" src=\"https:\/\/www.blogdothame.blog.br\/v1\/wp-content\/uploads\/2023\/11\/Fotos-GOVBA-4.jpeg\" alt=\"\" width=\"265\" height=\"353\" srcset=\"https:\/\/www.blogdothame.blog.br\/v1\/wp-content\/uploads\/2023\/11\/Fotos-GOVBA-4.jpeg 384w, https:\/\/www.blogdothame.blog.br\/v1\/wp-content\/uploads\/2023\/11\/Fotos-GOVBA-4-225x300.jpeg 225w\" sizes=\"(max-width: 265px) 100vw, 265px\" \/><\/p>\n<p>A t\u00e2mara \u00e9 uma fruta muito consumida no Oriente M\u00e9dio, rica em fibras e com sabor doce. Ela \u00e9 colhida de uma palmeira origin\u00e1ria do norte da \u00c1frica, que chega a 35 metros e mais de 100 anos de produ\u00e7\u00e3o.<\/p>\n<p><img loading=\"lazy\" class=\"aligncenter  wp-image-157351\" src=\"https:\/\/www.blogdothame.blog.br\/v1\/wp-content\/uploads\/2023\/11\/Fotos-GOVBA-3.jpeg\" alt=\"\" width=\"299\" height=\"398\" srcset=\"https:\/\/www.blogdothame.blog.br\/v1\/wp-content\/uploads\/2023\/11\/Fotos-GOVBA-3.jpeg 413w, https:\/\/www.blogdothame.blog.br\/v1\/wp-content\/uploads\/2023\/11\/Fotos-GOVBA-3-225x300.jpeg 225w\" sizes=\"(max-width: 299px) 100vw, 299px\" \/><\/p>\n<p>\u201cA tamareira se desenvolve muito bem no clima quente e seco, similar ao do nosso semi\u00e1rido, e a t\u00e2mara \u00e9 uma fruta que tem mercado no mundo inteiro, principalmente no Oriente M\u00e9dio. N\u00f3s estamos levando essa possibilidade para ser mais uma alternativa de gera\u00e7\u00e3o de renda para a agricultura baiana\u201d, explicou Jer\u00f4nimo.<\/p>\n<p><!--more--><\/p>\n<p>Devido \u00e0 diferen\u00e7a geogr\u00e1fica, o auge da produ\u00e7\u00e3o na Bahia acontecer\u00e1 justamente quando h\u00e1 baixa produtividade no Oriente M\u00e9dio. Isso possibilita aos poss\u00edveis produtores baianos exportar as t\u00e2maras para o maior mercado consumidor do mundo, num per\u00edodo de escassez do fruto.<\/p>\n<p>&nbsp;<\/p>\n<p>As tratativas para a introdu\u00e7\u00e3o das tamareiras na Bahia j\u00e1 come\u00e7aram e 50 mudas est\u00e3o sendo enviadas ao estado para uma primeira experi\u00eancia. Elas passar\u00e3o por an\u00e1lise junto \u00e0 Empresa Brasileira de Pesquisa Brasileira (Embrapa) e \u00e0 Secretaria da Agricultura do Estado (Seagri).<\/p>\n<p>&nbsp;<\/p>\n<p>Avia\u00e7\u00e3o<\/p>\n<p><img loading=\"lazy\" class=\"aligncenter  wp-image-157352\" src=\"https:\/\/www.blogdothame.blog.br\/v1\/wp-content\/uploads\/2023\/11\/Fotos-GOVBA-1.jpeg\" alt=\"\" width=\"479\" height=\"359\" srcset=\"https:\/\/www.blogdothame.blog.br\/v1\/wp-content\/uploads\/2023\/11\/Fotos-GOVBA-1.jpeg 600w, https:\/\/www.blogdothame.blog.br\/v1\/wp-content\/uploads\/2023\/11\/Fotos-GOVBA-1-300x225.jpeg 300w\" sizes=\"(max-width: 479px) 100vw, 479px\" \/><\/p>\n<p>Ainda em Abu Dhabi, o governador e a comitiva baiana foram ao novo centro de treinamento da empresa de avia\u00e7\u00e3o comercial dos Emirados, Etihad. O Governo da Bahia negocia a cria\u00e7\u00e3o de uma rota a\u00e9rea direta entre Salvador e Abu Dhabi, como uma forma de estimular e fortalecer a atividade tur\u00edstica com a abertura do turismo baiano ao mercado \u00e1rabe.<\/p>\n<p>&nbsp;<\/p>\n<p>\u201cEssa \u00e9 uma diretriz de nossa pol\u00edtica de turismo, atrair novos voos nacionais e internacionais, criando op\u00e7\u00f5es para que o turista saia de seu lugar de origem e v\u00e1 direto curtir as belezas naturais e culturais de nosso estado, sem precisar de conex\u00f5es e gastando menos tempo\u201d, disse o governador.<\/p>\n<p>&nbsp;<\/p>\n<p>A partir de sexta-feira (1\u00b0), Jer\u00f4nimo inicia sua participa\u00e7\u00e3o na COP28, 28\u00aa Confer\u00eancia Mundial sobre Mudan\u00e7as Clim\u00e1ticas das Na\u00e7\u00f5es Unidas (ONU). Ao lado do presidente Lula e do ministro Rui Costa, ele ir\u00e1 \u00e0 abertura do evento, em Dubai. Ao longo de tr\u00eas dias, Jer\u00f4nimo Rodrigues ir\u00e1 apresentar detalhes do programa Bahia+Verde, que integra uma s\u00e9rie de a\u00e7\u00f5es de preserva\u00e7\u00e3o e sustentabilidade.<\/p>\n","protected":false},"excerpt":{"rendered":"<p>Em seu primeiro compromisso nos Emirados \u00c1rabes Unidos, o governador Jer\u00f4nimo Rodrigues esteve, nesta quinta-feira (30), em uma fazenda de t\u00e2maras do maior exportador mundial da fruta, na regi\u00e3o de Abu Dhabi. O objetivo da visita foi conhecer de perto uma unidade produtora para verificar a viabilidade da produ\u00e7\u00e3o em larga escala na Bahia. A [&hellip;]<\/p>\n","protected":false},"author":2,"featured_media":157349,"comment_status":"open","ping_status":"open","sticky":false,"template":"","format":"standard","meta":{"_links_to":"","_links_to_target":""},"categories":[33432],"tags":[51,36668,34470],"_links":{"self":[{"href":"https:\/\/www.blogdothame.blog.br\/v1\/wp-json\/wp\/v2\/posts\/157348"}],"collection":[{"href":"https:\/\/www.blogdothame.blog.br\/v1\/wp-json\/wp\/v2\/posts"}],"about":[{"href":"https:\/\/www.blogdothame.blog.br\/v1\/wp-json\/wp\/v2\/types\/post"}],"author":[{"embeddable":true,"href":"https:\/\/www.blogdothame.blog.br\/v1\/wp-json\/wp\/v2\/users\/2"}],"replies":[{"embeddable":true,"href":"https:\/\/www.blogdothame.blog.br\/v1\/wp-json\/wp\/v2\/comments?post=157348"}],"version-history":[{"count":1,"href":"https:\/\/www.blogdothame.blog.br\/v1\/wp-json\/wp\/v2\/posts\/157348\/revisions"}],"predecessor-version":[{"id":157353,"href":"https:\/\/www.blogdothame.blog.br\/v1\/wp-json\/wp\/v2\/posts\/157348\/revisions\/157353"}],"wp:featuredmedia":[{"embeddable":true,"href":"https:\/\/www.blogdothame.blog.br\/v1\/wp-json\/wp\/v2\/media\/157349"}],"wp:attachment":[{"href":"https:\/\/www.blogdothame.blog.br\/v1\/wp-json\/wp\/v2\/media?parent=157348"}],"wp:term":[{"taxonomy":"category","embeddable":true,"href":"https:\/\/www.blogdothame.blog.br\/v1\/wp-json\/wp\/v2\/categories?post=157348"},{"taxonomy":"post_tag","embeddable":true,"href":"https:\/\/www.blogdothame.blog.br\/v1\/wp-json\/wp\/v2\/tags?post=157348"}],"curies":[{"name":"wp","href":"https:\/\/api.w.org\/{rel}","templated":true}]}}