{"id":157304,"date":"2023-11-30T07:31:30","date_gmt":"2023-11-30T10:31:30","guid":{"rendered":"https:\/\/www.blogdothame.blog.br\/v1\/?p=157304"},"modified":"2023-11-29T15:34:16","modified_gmt":"2023-11-29T18:34:16","slug":"reeleito-reitor-da-uesc-agradece-a-confianca-da-comunidade-academica","status":"publish","type":"post","link":"https:\/\/www.blogdothame.blog.br\/v1\/2023\/11\/30\/reeleito-reitor-da-uesc-agradece-a-confianca-da-comunidade-academica\/","title":{"rendered":"Reeleito, Reitor da Uesc agradece \u00e0  confian\u00e7a da comunidade acad\u00eamica"},"content":{"rendered":"<p><img loading=\"lazy\" class=\"aligncenter size-full wp-image-157305\" src=\"https:\/\/www.blogdothame.blog.br\/v1\/wp-content\/uploads\/2023\/11\/Eleicao-Reitor-e-Vice-Reitor-Foto-Julia-Barreto-44.jpg\" alt=\"\" width=\"435\" height=\"218\" srcset=\"https:\/\/www.blogdothame.blog.br\/v1\/wp-content\/uploads\/2023\/11\/Eleicao-Reitor-e-Vice-Reitor-Foto-Julia-Barreto-44.jpg 435w, https:\/\/www.blogdothame.blog.br\/v1\/wp-content\/uploads\/2023\/11\/Eleicao-Reitor-e-Vice-Reitor-Foto-Julia-Barreto-44-300x150.jpg 300w\" sizes=\"(max-width: 435px) 100vw, 435px\" \/><\/p>\n<p>O reitor da Universidade Estadual de Santa Cruz (Uesc) Alessandro Fernandes, agradeceu ao apoio e confian\u00e7a mais uma vez depositados pelos segmentos da comunidade acad\u00eamica na elei\u00e7\u00e3o que o conduz, ao lado do vice-reitor, Maur\u00edcio Moreau, a um novo mandato \u00e0 frente da gest\u00e3o superior da universidade, para o quadri\u00eanio 2024-2028. A reelei\u00e7\u00e3o foi confirmada ap\u00f3s o processo de vota\u00e7\u00e3o, ocorrido na ter\u00e7a-feira, dia 28, na \u00fanica chapa registrada para o pleito.<\/p>\n<p>&nbsp;<\/p>\n<p>Fernandes destacou o trabalho realizado por toda a comiss\u00e3o eleitoral, presidida pelo professor Marcos Bandeira, aos mes\u00e1rios e fiscais, que \u201dmantendo a tradi\u00e7\u00e3o &#8211; que para n\u00f3s \u00e9 muito cara na universidade &#8211; conduziu com total transpar\u00eancia e lisura o processo n\u00e3o deixando a menor margem para qualquer tipo de suspei\u00e7\u00e3o\u201d.<\/p>\n<p>&nbsp;<\/p>\n<p>O reitor ressaltou o apoio recebido por parte dos professores que foram candidatos nas elei\u00e7\u00f5es para a reitoria em 2019, a exemplo de Cristiano Bahia, George Albuquerque, Guilhardes J\u00fanior e Ronan Xavier, que fortaleceram a unidade da institui\u00e7\u00e3o ao longo do mandato, \u201cdesde que a pandemia da covid-19 exigiu de todos n\u00f3s, desprendimento, for\u00e7a e resili\u00eancia diante das adversidades.\u201d<\/p>\n<p><!--more--><\/p>\n<p>Alessandro disse estar gratificado com a expressiva participa\u00e7\u00e3o dos docentes, t\u00e9cnicos e analistas administrativos e discentes, no processo eleitoral, e, por outro lado, lamentou que as recentes amea\u00e7as terroristas feitas \u00e0 Uesc tenham provocado desmobiliza\u00e7\u00e3o dos estudantes durante o processo de investiga\u00e7\u00e3o por parte dos \u00f3rg\u00e3os de seguran\u00e7a.<\/p>\n<p>&nbsp;<\/p>\n<p>Ele agradeceu ao trabalho realizado pela Pol\u00edcia Civil do Estado da Bahia, liderada pela coordenadora da 7\u00aa Coorpin, doutora Katiana Amorim Teixeira, pela Pol\u00edcia Civil do Estado de Minas Gerais, e \u00e0 Pol\u00edcia Militar da Bahia, pela investiga\u00e7\u00e3o exemplar na elucida\u00e7\u00e3o dos fatos e a garantia da seguran\u00e7a em nosso campus. Inclusive, a delegada Katiana Amorim esteve presente na Universidade durante todo o dia da elei\u00e7\u00e3o at\u00e9 o final da apura\u00e7\u00e3o dos votos.<\/p>\n<p>(Foto Julia Barreto)<\/p>\n","protected":false},"excerpt":{"rendered":"<p>O reitor da Universidade Estadual de Santa Cruz (Uesc) Alessandro Fernandes, agradeceu ao apoio e confian\u00e7a mais uma vez depositados pelos segmentos da comunidade acad\u00eamica na elei\u00e7\u00e3o que o conduz, ao lado do vice-reitor, Maur\u00edcio Moreau, a um novo mandato \u00e0 frente da gest\u00e3o superior da universidade, para o quadri\u00eanio 2024-2028. A reelei\u00e7\u00e3o foi confirmada [&hellip;]<\/p>\n","protected":false},"author":2,"featured_media":157305,"comment_status":"open","ping_status":"open","sticky":false,"template":"","format":"standard","meta":{"_links_to":"","_links_to_target":""},"categories":[33434],"tags":[25776,25],"_links":{"self":[{"href":"https:\/\/www.blogdothame.blog.br\/v1\/wp-json\/wp\/v2\/posts\/157304"}],"collection":[{"href":"https:\/\/www.blogdothame.blog.br\/v1\/wp-json\/wp\/v2\/posts"}],"about":[{"href":"https:\/\/www.blogdothame.blog.br\/v1\/wp-json\/wp\/v2\/types\/post"}],"author":[{"embeddable":true,"href":"https:\/\/www.blogdothame.blog.br\/v1\/wp-json\/wp\/v2\/users\/2"}],"replies":[{"embeddable":true,"href":"https:\/\/www.blogdothame.blog.br\/v1\/wp-json\/wp\/v2\/comments?post=157304"}],"version-history":[{"count":1,"href":"https:\/\/www.blogdothame.blog.br\/v1\/wp-json\/wp\/v2\/posts\/157304\/revisions"}],"predecessor-version":[{"id":157306,"href":"https:\/\/www.blogdothame.blog.br\/v1\/wp-json\/wp\/v2\/posts\/157304\/revisions\/157306"}],"wp:featuredmedia":[{"embeddable":true,"href":"https:\/\/www.blogdothame.blog.br\/v1\/wp-json\/wp\/v2\/media\/157305"}],"wp:attachment":[{"href":"https:\/\/www.blogdothame.blog.br\/v1\/wp-json\/wp\/v2\/media?parent=157304"}],"wp:term":[{"taxonomy":"category","embeddable":true,"href":"https:\/\/www.blogdothame.blog.br\/v1\/wp-json\/wp\/v2\/categories?post=157304"},{"taxonomy":"post_tag","embeddable":true,"href":"https:\/\/www.blogdothame.blog.br\/v1\/wp-json\/wp\/v2\/tags?post=157304"}],"curies":[{"name":"wp","href":"https:\/\/api.w.org\/{rel}","templated":true}]}}