{"id":156894,"date":"2023-11-16T07:30:09","date_gmt":"2023-11-16T10:30:09","guid":{"rendered":"https:\/\/www.blogdothame.blog.br\/v1\/?p=156894"},"modified":"2023-11-15T15:05:11","modified_gmt":"2023-11-15T18:05:11","slug":"onda-de-calor-confira-dicas-para-manter-o-bem-estar-sem-aumentar-a-conta-de-energia","status":"publish","type":"post","link":"https:\/\/www.blogdothame.blog.br\/v1\/2023\/11\/16\/onda-de-calor-confira-dicas-para-manter-o-bem-estar-sem-aumentar-a-conta-de-energia\/","title":{"rendered":"Onda de calor: confira dicas para manter o bem-estar sem aumentar a conta de energia"},"content":{"rendered":"<p><img loading=\"lazy\" class=\"aligncenter  wp-image-156895\" src=\"https:\/\/www.blogdothame.blog.br\/v1\/wp-content\/uploads\/2023\/11\/calor.jpg\" alt=\"\" width=\"386\" height=\"257\" srcset=\"https:\/\/www.blogdothame.blog.br\/v1\/wp-content\/uploads\/2023\/11\/calor.jpg 450w, https:\/\/www.blogdothame.blog.br\/v1\/wp-content\/uploads\/2023\/11\/calor-300x200.jpg 300w\" sizes=\"(max-width: 386px) 100vw, 386px\" \/><\/p>\n<p>O Instituto Nacional de Meteorologia (INMET) emitiu, na ter\u00e7a-feira (14), quatro alertas para o territ\u00f3rio da Bahia, com temperaturas que podem ficar 5\u00ba acima da m\u00e9dia durante cinco dias. O clima quente pode elevar o uso de equipamentos t\u00e9rmicos, como ventilador e ar-condicionado, provocando um aumento na fatura de energia. Para que haja um consumo consciente neste per\u00edodo, a Neoenergia Coelba separou algumas dicas.<\/p>\n<p>Al\u00e9m do aumento na fatura de energia, o uso de aparelhos eletroeletr\u00f4nicos de maneira simult\u00e2nea sem que tenha havido um dimensionamento el\u00e9trico adequado na resid\u00eancia pode provocar sobrecargas e acidentes nas resid\u00eancias. Por isso, \u00e9 importante realizar a revis\u00e3o el\u00e9trica periodicamente com um eletricista capacitado.<\/p>\n<p>Ao utilizar o ar-condicionado, ajuste o termostato para 23\u00b0C e utilize o timer para evitar seu funcionamento desnecess\u00e1rio. Ap\u00f3s resfriar o ambiente, use o ventilador para manter uma temperatura agrad\u00e1vel. Lembre-se de mant\u00ea-los limpos para um desempenho econ\u00f4mico.<\/p>\n<p><!--more--><\/p>\n<p>Por conta das altas temperaturas, evite a utiliza\u00e7\u00e3o do chuveiro el\u00e9trico. Caso opte por us\u00e1-lo, ajuste-o para a posi\u00e7\u00e3o &#8220;ver\u00e3o&#8221;. Quanto mais baixa a temperatura da \u00e1gua, menor ser\u00e1 o consumo.<\/p>\n<p>Evite abrir a geladeira com frequ\u00eancia, pois a entrada de calor aumenta o consumo de energia. Certifique-se de que o aparelho esteja em um local bem ventilado, com espa\u00e7o de pelo menos 15 cent\u00edmetros entre ele e as paredes\/arm\u00e1rios. Verifique periodicamente a borracha de veda\u00e7\u00e3o para evitar desperd\u00edcio de energia.<\/p>\n","protected":false},"excerpt":{"rendered":"<p>O Instituto Nacional de Meteorologia (INMET) emitiu, na ter\u00e7a-feira (14), quatro alertas para o territ\u00f3rio da Bahia, com temperaturas que podem ficar 5\u00ba acima da m\u00e9dia durante cinco dias. O clima quente pode elevar o uso de equipamentos t\u00e9rmicos, como ventilador e ar-condicionado, provocando um aumento na fatura de energia. Para que haja um consumo [&hellip;]<\/p>\n","protected":false},"author":2,"featured_media":156895,"comment_status":"open","ping_status":"open","sticky":false,"template":"","format":"standard","meta":{"_links_to":"","_links_to_target":""},"categories":[33436],"tags":[36585,858,36584],"_links":{"self":[{"href":"https:\/\/www.blogdothame.blog.br\/v1\/wp-json\/wp\/v2\/posts\/156894"}],"collection":[{"href":"https:\/\/www.blogdothame.blog.br\/v1\/wp-json\/wp\/v2\/posts"}],"about":[{"href":"https:\/\/www.blogdothame.blog.br\/v1\/wp-json\/wp\/v2\/types\/post"}],"author":[{"embeddable":true,"href":"https:\/\/www.blogdothame.blog.br\/v1\/wp-json\/wp\/v2\/users\/2"}],"replies":[{"embeddable":true,"href":"https:\/\/www.blogdothame.blog.br\/v1\/wp-json\/wp\/v2\/comments?post=156894"}],"version-history":[{"count":1,"href":"https:\/\/www.blogdothame.blog.br\/v1\/wp-json\/wp\/v2\/posts\/156894\/revisions"}],"predecessor-version":[{"id":156896,"href":"https:\/\/www.blogdothame.blog.br\/v1\/wp-json\/wp\/v2\/posts\/156894\/revisions\/156896"}],"wp:featuredmedia":[{"embeddable":true,"href":"https:\/\/www.blogdothame.blog.br\/v1\/wp-json\/wp\/v2\/media\/156895"}],"wp:attachment":[{"href":"https:\/\/www.blogdothame.blog.br\/v1\/wp-json\/wp\/v2\/media?parent=156894"}],"wp:term":[{"taxonomy":"category","embeddable":true,"href":"https:\/\/www.blogdothame.blog.br\/v1\/wp-json\/wp\/v2\/categories?post=156894"},{"taxonomy":"post_tag","embeddable":true,"href":"https:\/\/www.blogdothame.blog.br\/v1\/wp-json\/wp\/v2\/tags?post=156894"}],"curies":[{"name":"wp","href":"https:\/\/api.w.org\/{rel}","templated":true}]}}