{"id":156447,"date":"2023-11-02T14:28:34","date_gmt":"2023-11-02T17:28:34","guid":{"rendered":"https:\/\/www.blogdothame.blog.br\/v1\/?p=156447"},"modified":"2023-11-02T14:32:57","modified_gmt":"2023-11-02T17:32:57","slug":"mano-brown-e-doutor-honoris-causa-pela-ufsb","status":"publish","type":"post","link":"https:\/\/www.blogdothame.blog.br\/v1\/2023\/11\/02\/mano-brown-e-doutor-honoris-causa-pela-ufsb\/","title":{"rendered":"Mano Brown \u00e9 Doutor Honoris Causa pela UFSB"},"content":{"rendered":"<p><img loading=\"lazy\" class=\"aligncenter size-full wp-image-156454\" src=\"https:\/\/www.blogdothame.blog.br\/v1\/wp-content\/uploads\/2023\/11\/mano-brown-4-1.jpeg\" alt=\"\" width=\"466\" height=\"276\" srcset=\"https:\/\/www.blogdothame.blog.br\/v1\/wp-content\/uploads\/2023\/11\/mano-brown-4-1.jpeg 466w, https:\/\/www.blogdothame.blog.br\/v1\/wp-content\/uploads\/2023\/11\/mano-brown-4-1-300x178.jpeg 300w\" sizes=\"(max-width: 466px) 100vw, 466px\" \/><\/p>\n<p>Em solenidade da sess\u00e3o especial do Conselho Universit\u00e1rio, realizada no Teatro Municipal Candinha D\u00f3rea, em Itabuna, o rapper e figura seminal do hip hop brasileiro, Pedro Paulo Soares Pereira, o Mano Brown, recebeu o t\u00edtulo de Doutor Honoris Causa pela Universidade Federal do Sul da Bahia (UFSB) nesta quarta-feira (1\u00ba). Uma das vozes mais importantes das periferias foi assim homenageada pela academia em face de sua contribui\u00e7\u00e3o art\u00edstica e social ao falar da viv\u00eancia da juventude negra com a for\u00e7a, a poesia e a ast\u00facia das ruas \u00e0 frente do grupo Racionais MC&#8217;s, desde 1988. O t\u00edtulo honor\u00edfico significa, para a UFSB, uma parte relevante da celebra\u00e7\u00e3o dos dez anos da lei de cria\u00e7\u00e3o da universidade, em um movimento duplo de rever o caminho percorrido e propor novos pontos do trajeto.<\/p>\n<p><img loading=\"lazy\" class=\"aligncenter wp-image-156449\" src=\"https:\/\/www.blogdothame.blog.br\/v1\/wp-content\/uploads\/2023\/11\/mano-brown-5.jpeg\" alt=\"\" width=\"350\" height=\"269\" srcset=\"https:\/\/www.blogdothame.blog.br\/v1\/wp-content\/uploads\/2023\/11\/mano-brown-5.jpeg 489w, https:\/\/www.blogdothame.blog.br\/v1\/wp-content\/uploads\/2023\/11\/mano-brown-5-300x231.jpeg 300w\" sizes=\"(max-width: 350px) 100vw, 350px\" \/><\/p>\n<p>A solenidade teve diversos sentidos. Em geral, eventos do tipo s\u00e3o regidos pela ritualidade ordenada e a seriedade do prop\u00f3sito se mostra pela ader\u00eancia \u00e0s normas protocolares e conten\u00e7\u00e3o das emo\u00e7\u00f5es na medida do poss\u00edvel. O carisma de Brown, o entusiasmo do p\u00fablico com a presen\u00e7a do homenageado, os significados da honraria para todos os presentes e a pr\u00f3pria ess\u00eancia do rap se encarregaram de temperar a cerim\u00f4nia com a alegria espont\u00e2nea, a disposi\u00e7\u00e3o para se insurgir e denunciar as injusti\u00e7as, a rapidez precisa na rima, os risos nos rostos, palmas \u00e0 mancheia. Em diversos momentos o p\u00fablico rompeu a expectativa de sil\u00eancio, a exemplo para festejar as falas e especialmente a chegada de Mano Brown ao teatro, a forma\u00e7\u00e3o da mesa de honra e mesmo o pedido de uma &#8220;palhinha&#8221; feito da plateia ao homenageado da noite, posteriormente atendido com muita energia.<\/p>\n<p><img loading=\"lazy\" class=\"aligncenter wp-image-156450\" src=\"https:\/\/www.blogdothame.blog.br\/v1\/wp-content\/uploads\/2023\/11\/mano-brown-1.jpeg\" alt=\"\" width=\"397\" height=\"267\" srcset=\"https:\/\/www.blogdothame.blog.br\/v1\/wp-content\/uploads\/2023\/11\/mano-brown-1.jpeg 490w, https:\/\/www.blogdothame.blog.br\/v1\/wp-content\/uploads\/2023\/11\/mano-brown-1-300x201.jpeg 300w\" sizes=\"(max-width: 397px) 100vw, 397px\" \/><\/p>\n<p>O Consuni aprovou a proposta da honraria a Mano Brown em 16 de agosto de 2023.\u00a0A iniciativa foi feita pela Pr\u00f3-reitoria de Extens\u00e3o e Cultura (PROEX) e a titula\u00e7\u00e3o, proposi\u00e7\u00e3o da Reitoria.\u00a0O objetivo foi homenagear a lideran\u00e7a art\u00edstica de Brown no cen\u00e1rio nacional do hip hop, al\u00e9m de celebrar a import\u00e2ncia do g\u00eanero musical como forma de express\u00e3o da popula\u00e7\u00e3o negra perif\u00e9rica. A aprova\u00e7\u00e3o tamb\u00e9m integra as comemora\u00e7\u00f5es dos dez anos de cria\u00e7\u00e3o da UFSB no Sul da Bahia, em uma programa\u00e7\u00e3o estendida ao longo de 2023 com diversas atividades que conectam o hist\u00f3rico da constru\u00e7\u00e3o institucional e perspectivas de futuras contribui\u00e7\u00f5es da universidade ao territ\u00f3rio.\u00a0A concess\u00e3o de t\u00edtulos honor\u00edficos \u00e9 uma pr\u00e1tica comum em universidades e \u00e9 voltada a reconhecer as contribui\u00e7\u00f5es acad\u00eamicas, human\u00edsticas e sociais para a sociedade, para a pesquisa e em prol do desenvolvimento do pa\u00eds em suas mais diversas \u00e1reas, homenageando docentes, pesquisadores, t\u00e9cnicos, discentes, personalidades nacionais e estrangeiras e entidades nacionais.<\/p>\n<p><!--more--><\/p>\n<p>Rito, ritmo, rima<\/p>\n<p>&nbsp;<\/p>\n<p>O Teatro Candinha D\u00f3rea recebeu o p\u00fablico ao som de discotecagem com cl\u00e1ssicos do repert\u00f3rio dos Racionais e do hip hop nacional. A solenidade foi precedida por apresenta\u00e7\u00f5es culturais com rappers regionais:\u00a0AfroPecado, do Campus Paulo Freire (slam po\u00e9tico); SolHanna, do\u00a0Campus Sos\u00edgenes Costa (rap ac\u00fastico); Jane In\u00e1cio, do Campus Paulo Freire (rap Travestigenere); e Gera\u00e7\u00e3o Bantu, do Campus Jorge Amado (Rap Brasil Angola). No encerramento, a celebra\u00e7\u00e3o ao movimento hip hop coube aos coletivos\u00a0Conex\u00e3o Rap Baiano, de Itabuna, e a Ocupa\u00e7\u00e3o Hip Hop, do circuito Ilh\u00e9us\/ Itacar\u00e9\/ Uru\u00e7uca. Cada performance evocou e provocou sentidos sobre os problemas do territ\u00f3rio em que a universidade est\u00e1 e no qual atua, e tamb\u00e9m falou das condi\u00e7\u00f5es humanas que existem no Sul da Bahia.<\/p>\n<p><img loading=\"lazy\" class=\"aligncenter wp-image-156451\" src=\"https:\/\/www.blogdothame.blog.br\/v1\/wp-content\/uploads\/2023\/11\/mano-brown-3.jpeg\" alt=\"\" width=\"485\" height=\"323\" srcset=\"https:\/\/www.blogdothame.blog.br\/v1\/wp-content\/uploads\/2023\/11\/mano-brown-3.jpeg 600w, https:\/\/www.blogdothame.blog.br\/v1\/wp-content\/uploads\/2023\/11\/mano-brown-3-300x200.jpeg 300w\" sizes=\"(max-width: 485px) 100vw, 485px\" \/><\/p>\n<p>A sequ\u00eancia de discursos contemplou as falas do representante dos funcion\u00e1rios terceirizados da UFSB, Jorge Raimundo dos Santos; do representante discente no Consuni, Felipe Soares de Moraes; da coordenadora de Culturas Populares e Rela\u00e7\u00f5es Comunit\u00e1rias, e representante dos t\u00e9cnicos administrativos em Educa\u00e7\u00e3o, Ize Duque Magno; e do decano do Instituto de Humanidades, Artes e Ci\u00eancias do Campus Sos\u00edgenes Costa, e relator da proposta da honraria no Consuni, professor Francisco de Assis Nascimento J\u00fanior.<\/p>\n<p>Jorge Raimundo dos Santos marcou sua fala pela emo\u00e7\u00e3o em estar \u00e0 mesa com um artista que considera seu her\u00f3i. Para ele, a obra dos Racionais MC&#8217;s foi importante para aprimorar sua vis\u00e3o de mundo. Ele concluiu sua manifesta\u00e7\u00e3o desejando que mais pessoas com a coer\u00eancia de Brown surjam e que se lembrem, quando progredirem na vida, de &#8220;descer a escadaria&#8221; e dialogar com as pessoas ainda na base. Jorge indicou o valor da honraria como uma mensagem de que Brown n\u00e3o est\u00e1 sozinho.<\/p>\n<p><img loading=\"lazy\" class=\"aligncenter wp-image-156452\" src=\"https:\/\/www.blogdothame.blog.br\/v1\/wp-content\/uploads\/2023\/11\/mano-brown-2.jpeg\" alt=\"\" width=\"339\" height=\"226\" srcset=\"https:\/\/www.blogdothame.blog.br\/v1\/wp-content\/uploads\/2023\/11\/mano-brown-2.jpeg 600w, https:\/\/www.blogdothame.blog.br\/v1\/wp-content\/uploads\/2023\/11\/mano-brown-2-300x200.jpeg 300w\" sizes=\"(max-width: 339px) 100vw, 339px\" \/><\/p>\n<p>O representante discente no Consuni, e rec\u00e9m-formado jornalista pela UFSB, Felipe Soares de Moraes, falou do momento hist\u00f3rico para a institui\u00e7\u00e3o e para o seu principal p\u00fablico de interesse. O papel do rap como forma de poesia engajada na den\u00fancia e a lideran\u00e7a de Brown como contador de hist\u00f3rias das comunidades com as quais a sociedade e a academia n\u00e3o dialogam s\u00e3o pontos importantes para compreender o m\u00e9rito da proposta de honraria. \u201cAtrav\u00e9s da sua m\u00fasica, o Mano Brown mostra que a arte n\u00e3o \u00e9 apenas um mero empreendimento, mas tamb\u00e9m uma ferramenta de forma\u00e7\u00e3o pol\u00edtica e transforma\u00e7\u00e3o social. Ao dialogar com a juventude preta, pobre e perif\u00e9rica, Mano Brown dialoga com a juventude que n\u00f3s queremos dentro da Universidade Federal do Sul da Bahia\u201d, disse Felipe, refor\u00e7ando que a concess\u00e3o da honraria mostra para toda a comunidade jovem e perif\u00e9rica do Sul da Bahia que essa universidade lhes pertence.<\/p>\n<p>O professor Francisco de Assis fez uma reflex\u00e3o sobre as expectativas e a realidade escolar para, ent\u00e3o, apontar o valor da cultura como ponto de di\u00e1logo com os jovens. Relator da proposta da honraria no Consuni, Francisco contou que redigiu v\u00e1rias vezes o parecer, sempre achando que poderia melhor\u00e1-lo, dada a import\u00e2ncia que o assunto assumiu para si, enquanto docente da \u00e1rea de licenciatura, da prepara\u00e7\u00e3o de novos professores. A proposta foi aceita unanimemente no Consuni, destacou ele, de modo que considerava que seu relat\u00f3rio n\u00e3o necessitava de defesa, no sentido acad\u00eamico do termo. Isso se deveu ao reconhecimento da mensagem dos Racionais MC&#8217;s e de Brown como a que melhor dialoga com a juventude negra e perif\u00e9rica e a que faz o relato mais contundente da realidade que essa parte do Brasil vive. O t\u00edtulo de Doutor Honoris Causa, assim, materializa e simboliza esse reconhecimento e marca o nome de Brown na hist\u00f3ria da UFSB, um momento hist\u00f3rico do qual disse estar honrado de participar.<\/p>\n<p>A coordenadora de Culturas Populares e Rela\u00e7\u00f5es Comunit\u00e1rias da UFSB e representante dos servidores t\u00e9cnicos administrativos em Educa\u00e7\u00e3o, Ize Duque Magno, em suas pr\u00f3prias palavras, usou o seu momento de fala ao microfone da forma que sabe melhor. Ize cantou sobre uni\u00e3o, a solidariedade entre perseguidos, a cantiga e a mandinga que s\u00e3o as tradi\u00e7\u00f5es cimentando a irmandade, a altivez e o talento perante a adversidade.<\/p>\n<p>Em seguida, o diploma de Doutor Honoris Causa e o termo de outorga da honraria foram lidos e assinados \u00e0 mesa da solenidade. Em seguida, o homenageado da noite, Pedro Paulo Soares Pereira, o Mano Brown, falou ao p\u00fablico sobre o significado da honraria a ele concedida. Ele agradeceu especialmente aos colegas dos Racionais MS&#8217;s pela irmandade firmada ao longo dos anos e pela f\u00e9 nele depositada. Mencionando brevemente o come\u00e7o como artista, Brown lembrou que houve uma \u00e9poca em que n\u00e3o tinha a certeza de seu talento, e que foi a amizade profunda com os colegas de grupo que o fez prosseguir e se aprimorar.\u00a0\u00a0Brown reafirmou ter orgulho de sua origem e de se dizer &#8220;afrobaiano&#8221;, ao lembrar da hist\u00f3ria de vida de sua m\u00e3e, que saiu da Bahia para S\u00e3o Paulo, e da sua cria\u00e7\u00e3o passando por v\u00e1rios terreiros, do cotidiano que sempre foi dif\u00edcil enquanto jovem da periferia, da solidariedade na humildade. Por isso ele tamb\u00e9m destacou a import\u00e2ncia desse reconhecimento no estado de origem de Dona Ana Soares: &#8220;tinha de ser na Bahia, mesmo&#8221;.<\/p>\n<p>Como rapper e pessoa de palavra sem curva, Mano Brown atendeu o pedido de uma m\u00fasica ao final de seu discurso, cantando &#8220;Vida Loka&#8221; ao lado da rapper AfroPecado. A mais vibrante das quebras de protocolo da noite fez o p\u00fablico se levantar mais uma vez e ocupar o espa\u00e7o do teatro\u00a0para dan\u00e7ar e cantar junto com o artista. Se \u00e0quela altura houvesse em algu\u00e9m no Teatro Candinha D\u00f3rea algum resto de d\u00favida sobre o carisma de Brown e a for\u00e7a do rap, esses resqu\u00edcios teriam sido bombardeados ao esquecimento.<\/p>\n<p>A pr\u00f3xima a falar foi a reitora da UFSB, professora Joana Ang\u00e9lica Guimar\u00e3es da Luz. Ao mencionar os sucessos da carreira dos Racionais MC\u2019s, a reitora destacou o vigor po\u00e9tico na den\u00fancia da viol\u00eancia, do racismo e da desigualdade social que a popula\u00e7\u00e3o negra sofre no Brasil. \u201cAo darmos a Mano Brown o t\u00edtulo de Doutor Honoris Causa, estamos reconhecendo a import\u00e2ncia que o seu trabalho, seu pensamento, sua produ\u00e7\u00e3o art\u00edstica tem na interlocu\u00e7\u00e3o com a popula\u00e7\u00e3o jovem, em especial aquelas pessoas que nunca tiveram voz na nossa sociedade. Popula\u00e7\u00f5es de jovens perif\u00e9ricos encontram em sua m\u00fasica uma forma de se expressar e de se sentirem representados na densidade da sua poesia\u201d, declarou a reitora. Joana tamb\u00e9m apontou a dificuldade da universidade brasileira em acolher e em reconhecer e desenvolver os talentos presentes nas camadas perif\u00e9ricas da sociedade, e que essa solenidade foi uma mostra de que a academia n\u00e3o pode andar s\u00f3, sendo vital que a universidade se abra para outras formas de linguagem e de conhecimento.<\/p>\n<p>A sess\u00e3o especial teve continuidade com a exibi\u00e7\u00e3o do document\u00e1rio\u00a0Do Gueto \u00e0 Tela,\u00a0do documentarista Luaran Souza Simi\u00e3o, estudante da UFSB no Campus Sos\u00edgenes Costa. O document\u00e1rio aborda o hip hop na comunidade do Complexo do Baian\u00e3o, em Porto Seguro. O v\u00eddeo fala da organiza\u00e7\u00e3o dos jovens em prol da sua express\u00e3o art\u00edstica e pol\u00edtica, das escolhas que fizeram e fazem na caminhada do rap, forjando uma vis\u00e3o de mundo que combina a poesia e o cuidado dos seus afetos e do lugar onde nasceram e onde vivem.<\/p>\n<p>A \u00faltima apresenta\u00e7\u00e3o cultural tamb\u00e9m coube a artistas locais do hip hop, com a Conex\u00e3o Rap Baiano, de Itabuna, e a Ocupa\u00e7\u00e3o Hip Hop, do circuito Ilh\u00e9us\/ Itacar\u00e9\/ Uru\u00e7uca. O selo Razzo Records, que produz e apoia a gama de rappers regionais, foi apresentado pelos artistas e deve lan\u00e7ar faixas novas em breve.<\/p>\n<p>&nbsp;<\/p>\n","protected":false},"excerpt":{"rendered":"<p>Em solenidade da sess\u00e3o especial do Conselho Universit\u00e1rio, realizada no Teatro Municipal Candinha D\u00f3rea, em Itabuna, o rapper e figura seminal do hip hop brasileiro, Pedro Paulo Soares Pereira, o Mano Brown, recebeu o t\u00edtulo de Doutor Honoris Causa pela Universidade Federal do Sul da Bahia (UFSB) nesta quarta-feira (1\u00ba). Uma das vozes mais importantes [&hellip;]<\/p>\n","protected":false},"author":2,"featured_media":156454,"comment_status":"open","ping_status":"open","sticky":false,"template":"","format":"standard","meta":{"_links_to":"","_links_to_target":""},"categories":[33432],"tags":[16643,9390,10264],"_links":{"self":[{"href":"https:\/\/www.blogdothame.blog.br\/v1\/wp-json\/wp\/v2\/posts\/156447"}],"collection":[{"href":"https:\/\/www.blogdothame.blog.br\/v1\/wp-json\/wp\/v2\/posts"}],"about":[{"href":"https:\/\/www.blogdothame.blog.br\/v1\/wp-json\/wp\/v2\/types\/post"}],"author":[{"embeddable":true,"href":"https:\/\/www.blogdothame.blog.br\/v1\/wp-json\/wp\/v2\/users\/2"}],"replies":[{"embeddable":true,"href":"https:\/\/www.blogdothame.blog.br\/v1\/wp-json\/wp\/v2\/comments?post=156447"}],"version-history":[{"count":2,"href":"https:\/\/www.blogdothame.blog.br\/v1\/wp-json\/wp\/v2\/posts\/156447\/revisions"}],"predecessor-version":[{"id":156455,"href":"https:\/\/www.blogdothame.blog.br\/v1\/wp-json\/wp\/v2\/posts\/156447\/revisions\/156455"}],"wp:featuredmedia":[{"embeddable":true,"href":"https:\/\/www.blogdothame.blog.br\/v1\/wp-json\/wp\/v2\/media\/156454"}],"wp:attachment":[{"href":"https:\/\/www.blogdothame.blog.br\/v1\/wp-json\/wp\/v2\/media?parent=156447"}],"wp:term":[{"taxonomy":"category","embeddable":true,"href":"https:\/\/www.blogdothame.blog.br\/v1\/wp-json\/wp\/v2\/categories?post=156447"},{"taxonomy":"post_tag","embeddable":true,"href":"https:\/\/www.blogdothame.blog.br\/v1\/wp-json\/wp\/v2\/tags?post=156447"}],"curies":[{"name":"wp","href":"https:\/\/api.w.org\/{rel}","templated":true}]}}