{"id":156185,"date":"2023-10-26T15:30:49","date_gmt":"2023-10-26T18:30:49","guid":{"rendered":"https:\/\/www.blogdothame.blog.br\/v1\/?p=156185"},"modified":"2023-10-26T10:45:51","modified_gmt":"2023-10-26T13:45:51","slug":"profissionais-do-hmijs-participam-de-roda-de-conversa-sobre-o-outubro-rosa-com-mulheres-atendidas-pelo-cras-de-ilheus","status":"publish","type":"post","link":"https:\/\/www.blogdothame.blog.br\/v1\/2023\/10\/26\/profissionais-do-hmijs-participam-de-roda-de-conversa-sobre-o-outubro-rosa-com-mulheres-atendidas-pelo-cras-de-ilheus\/","title":{"rendered":"Profissionais do HMIJS participam de roda de conversa sobre o Outubro Rosa com mulheres atendidas pelo CRAS de Ilh\u00e9us"},"content":{"rendered":"<p>&nbsp;<\/p>\n<p><img loading=\"lazy\" class=\"aligncenter  wp-image-156186\" src=\"https:\/\/www.blogdothame.blog.br\/v1\/wp-content\/uploads\/2023\/10\/mat-inf.jpg\" alt=\"\" width=\"536\" height=\"241\" srcset=\"https:\/\/www.blogdothame.blog.br\/v1\/wp-content\/uploads\/2023\/10\/mat-inf.jpg 600w, https:\/\/www.blogdothame.blog.br\/v1\/wp-content\/uploads\/2023\/10\/mat-inf-300x135.jpg 300w\" sizes=\"(max-width: 536px) 100vw, 536px\" \/><\/p>\n<p>Profissionais que atuam na linha de frente do Hospital Materno-Infantil Dr. Joaquim Sampaio, em Ilh\u00e9us, participaram hoje (26) pela manh\u00e3, do 3\u00ba Encontro de Gestantes promovido pela Secretaria Municipal de Promo\u00e7\u00e3o Social e Combate \u00e0 Pobreza, compondo uma roda de conversa que debateu o \u201cOutubro Rosa\u201d, m\u00eas de conscientiza\u00e7\u00e3o sobre o C\u00e2ncer de Mama. O p\u00fablico-alvo da iniciativa foram gestantes atendidas pelo Centro de Refer\u00eancia de Assist\u00eancia Social (CRAS SUL), localizado no populoso bairro Nossa Senhora da Vit\u00f3ria. O CRAS \u00e9 uma unidade respons\u00e1vel pela oferta de servi\u00e7os de prote\u00e7\u00e3o b\u00e1sica do Sistema \u00danico de Assist\u00eancia Social, nas \u00e1reas de vulnerabilidade e risco social.<\/p>\n<p>As enfermeiras Ayalla Rodrigues e Iasminie Maiara s\u00e3o, respectivamente, coordenadoras de Educa\u00e7\u00e3o Permanente e da Pediatria e Emerg\u00eancia Obst\u00e9trica do HMIJS. Durante o encontro elas esclareceram d\u00favidas das gestantes, falaram sobre a finalidade do Outubro Rosa e destacaram a import\u00e2ncia da amamenta\u00e7\u00e3o como forma de preven\u00e7\u00e3o da doen\u00e7a. Tamb\u00e9m exemplificaram os cuidados que as futuras pu\u00e9rperas devem ter para evitar a mastite (inflama\u00e7\u00e3o aguda dos tecidos da mama), o ingurgitamento (condi\u00e7\u00e3o que provoca o latejamento, incha\u00e7o e sensa\u00e7\u00e3o de muito calor e encaro\u00e7amento das mamas) e fissuras (poss\u00edveis de ocorrer em mulheres que est\u00e3o amamentando, apresentando sintomas de dor, crostas, incha\u00e7o e sangramento do tecido do mamilo).<\/p>\n<p>Aberto \u00e0 parcerias<\/p>\n<p><!--more--><\/p>\n<p>O Hospital Materno-Infantil atendeu a um convite do munic\u00edpio para refor\u00e7ar a campanha do Outubro Rosa. Para a diretora Domilene Borges \u00e9 de fundamental import\u00e2ncia a consolida\u00e7\u00e3o desta rede de integra\u00e7\u00e3o e este tem sido o papel do hospital materno-infantil. \u201cNosso trabalho vai muito al\u00e9m das a\u00e7\u00f5es que constru\u00edmos dentro da unidade\u201d, destaca a diretora, lembrando que uma s\u00e9rie de mutir\u00f5es est\u00e1 prevista para acontecer em Ilh\u00e9us e em munic\u00edpios abrigados pela unidade. Ela tamb\u00e9m destaca o programa de visita aos bairros de Ilh\u00e9us, executado pela dire\u00e7\u00e3o do hospital, promovendo escuta da popula\u00e7\u00e3o, condi\u00e7\u00e3o que auxilia cada vez mais na melhoria do atendimento.<\/p>\n<p>O Hospital Materno-Infantil Dr. Joaquim Sampaio \u00e9 a primeira maternidade 100 por cento SUS da regi\u00e3o. Completa 2 anos em dezembro. J\u00e1 ultrapassou a casa dos 5.500 partos. A unidade constru\u00edda pelo Governo da Bahia, \u00e9 administrado pela Funda\u00e7\u00e3o Estatal Sa\u00fade da Fam\u00edlia. Possui 105 leitos para obstetr\u00edcia, partos normal e de alto risco, pediatria cl\u00ednica, UTIs pedi\u00e1trica e Neonatal.<\/p>\n","protected":false},"excerpt":{"rendered":"<p>&nbsp; Profissionais que atuam na linha de frente do Hospital Materno-Infantil Dr. Joaquim Sampaio, em Ilh\u00e9us, participaram hoje (26) pela manh\u00e3, do 3\u00ba Encontro de Gestantes promovido pela Secretaria Municipal de Promo\u00e7\u00e3o Social e Combate \u00e0 Pobreza, compondo uma roda de conversa que debateu o \u201cOutubro Rosa\u201d, m\u00eas de conscientiza\u00e7\u00e3o sobre o C\u00e2ncer de Mama. [&hellip;]<\/p>\n","protected":false},"author":2,"featured_media":156186,"comment_status":"open","ping_status":"open","sticky":false,"template":"","format":"standard","meta":{"_links_to":"","_links_to_target":""},"categories":[33434],"tags":[36465,24776,13400],"_links":{"self":[{"href":"https:\/\/www.blogdothame.blog.br\/v1\/wp-json\/wp\/v2\/posts\/156185"}],"collection":[{"href":"https:\/\/www.blogdothame.blog.br\/v1\/wp-json\/wp\/v2\/posts"}],"about":[{"href":"https:\/\/www.blogdothame.blog.br\/v1\/wp-json\/wp\/v2\/types\/post"}],"author":[{"embeddable":true,"href":"https:\/\/www.blogdothame.blog.br\/v1\/wp-json\/wp\/v2\/users\/2"}],"replies":[{"embeddable":true,"href":"https:\/\/www.blogdothame.blog.br\/v1\/wp-json\/wp\/v2\/comments?post=156185"}],"version-history":[{"count":1,"href":"https:\/\/www.blogdothame.blog.br\/v1\/wp-json\/wp\/v2\/posts\/156185\/revisions"}],"predecessor-version":[{"id":156187,"href":"https:\/\/www.blogdothame.blog.br\/v1\/wp-json\/wp\/v2\/posts\/156185\/revisions\/156187"}],"wp:featuredmedia":[{"embeddable":true,"href":"https:\/\/www.blogdothame.blog.br\/v1\/wp-json\/wp\/v2\/media\/156186"}],"wp:attachment":[{"href":"https:\/\/www.blogdothame.blog.br\/v1\/wp-json\/wp\/v2\/media?parent=156185"}],"wp:term":[{"taxonomy":"category","embeddable":true,"href":"https:\/\/www.blogdothame.blog.br\/v1\/wp-json\/wp\/v2\/categories?post=156185"},{"taxonomy":"post_tag","embeddable":true,"href":"https:\/\/www.blogdothame.blog.br\/v1\/wp-json\/wp\/v2\/tags?post=156185"}],"curies":[{"name":"wp","href":"https:\/\/api.w.org\/{rel}","templated":true}]}}