{"id":155488,"date":"2023-10-06T11:55:25","date_gmt":"2023-10-06T14:55:25","guid":{"rendered":"https:\/\/www.blogdothame.blog.br\/v1\/?p=155488"},"modified":"2023-10-06T11:55:25","modified_gmt":"2023-10-06T14:55:25","slug":"colegio-batista-de-itabuna-promove-culto-de-gratidao-pelos-30-anos-de-fundacao","status":"publish","type":"post","link":"https:\/\/www.blogdothame.blog.br\/v1\/2023\/10\/06\/colegio-batista-de-itabuna-promove-culto-de-gratidao-pelos-30-anos-de-fundacao\/","title":{"rendered":"Col\u00e9gio Batista de Itabuna promove Culto de Gratid\u00e3o  pelos 30 anos de  Funda\u00e7\u00e3o"},"content":{"rendered":"<p><img loading=\"lazy\" class=\"aligncenter size-full wp-image-155489\" src=\"https:\/\/www.blogdothame.blog.br\/v1\/wp-content\/uploads\/2023\/10\/PHOTO-2023-10-06-11-29-06-1.jpg\" alt=\"\" width=\"259\" height=\"194\" \/><\/p>\n<p>&nbsp;<\/p>\n<p>O Col\u00e9gio Batista de Itabuna (CBI) realiza neste domingo (8) \u00e0s 18 horas na Igreja Batista Teos\u00f3polis, localizada na Avenida Felix Mendon\u00e7a,75, bairro da Concei\u00e7\u00e3o, em Itabuna, Culto de Gratid\u00e3o pelos 30 anos de funda\u00e7\u00e3o. Na ocasi\u00e3o ser\u00e3o homenageados ex-diretores, funcion\u00e1rios e pessoas que contribu\u00edram para o fortalecimento da institui\u00e7\u00e3o, considerada refer\u00eancia de ensino no Sul da Bahia.<\/p>\n<p><img loading=\"lazy\" class=\"aligncenter size-full wp-image-155490\" src=\"https:\/\/www.blogdothame.blog.br\/v1\/wp-content\/uploads\/2023\/10\/PHOTO-2023-10-06-11-29-06.jpg\" alt=\"\" width=\"275\" height=\"183\" \/><\/p>\n<p>Gerido pela Associa\u00e7\u00e3o de Benefic\u00eancia e Cultura Teos\u00f3polis (ABCT), bra\u00e7o social e cultural da Igreja Teos\u00f3polis, o CBI foi fundado em setembro de 1993 pelo Pastor H\u00e9lio Louren\u00e7o Silva. oferece do ensino fundamental ao ensino m\u00e9dio. Durante seus 30 anos formou centenas de pessoas, j\u00e1 tendo encaminhado estudantes para prestigiosas universidades do Brasil e do exterior. Muitos deles, hoje, profissionais renomados em suas \u00e1reas de atua\u00e7\u00e3o.<\/p>\n<p>Uma das pessoas que acompanhou o in\u00edcio da sua constru\u00e7\u00e3o, o Pastor Geraldo Meireles, na \u00e9poca Coordenador de Projetos da igreja, lembrou que foram realizados v\u00e1rios mutir\u00f5es para as obras iniciais do col\u00e9gio sob a lideran\u00e7a do Pastor H\u00e9lio Louren\u00e7o, mentor da sua funda\u00e7\u00e3o.<\/p>\n<p>CELEIRO DE TALENTOS<\/p>\n<p><!--more--><br \/>\n\u201cO CBI \u00e9 um celeiro produtor de talentos de onde j\u00e1 sa\u00edram alunos que, em p\u00e9 de igualdade com as melhores escolas do pa\u00eds puderam se tornar, m\u00e9dicos, advogados, engenheiros, professores, administradores, pastores, especialistas, mestres, doutores&#8230; Enfim, se tornaram o que sonharam porque aqui receberam uma educa\u00e7\u00e3o emancipadora e de qualidade\u201d, refor\u00e7ou,<\/p>\n<p>\u201cPortanto, precisamos celebrar o passado com gratid\u00e3o, com muita gratid\u00e3o, para que possamos olhar o futuro com esperan\u00e7a&#8221;, disse Meireles que \u00e9 servidor p\u00fablico federal aposentado da Ceplac e Pastor Titular da IBT.<\/p>\n<p>PAPEL SOCIAL<\/p>\n<p>A escola vem cumprindo seu papel social, anualmente a escola tem oferecido bolsas de estudo para estudantes carentes atrav\u00e9s de edital amplamente divulgado na imprensa. S\u00e3o bolsas parciais e integrais que garantem educa\u00e7\u00e3o de qualidade a centenas de estudantes ao longo das suas tr\u00eas d\u00e9cadas de ensino.<\/p>\n<p>\u201cQueremos convidar toda a comunidade para participar desse momento de celebra\u00e7\u00e3o\u201d, pontuou o professor Aur\u00e9lio Macedo que preside a ABCT.<\/p>\n","protected":false},"excerpt":{"rendered":"<p>&nbsp; O Col\u00e9gio Batista de Itabuna (CBI) realiza neste domingo (8) \u00e0s 18 horas na Igreja Batista Teos\u00f3polis, localizada na Avenida Felix Mendon\u00e7a,75, bairro da Concei\u00e7\u00e3o, em Itabuna, Culto de Gratid\u00e3o pelos 30 anos de funda\u00e7\u00e3o. Na ocasi\u00e3o ser\u00e3o homenageados ex-diretores, funcion\u00e1rios e pessoas que contribu\u00edram para o fortalecimento da institui\u00e7\u00e3o, considerada refer\u00eancia de ensino [&hellip;]<\/p>\n","protected":false},"author":2,"featured_media":155489,"comment_status":"open","ping_status":"open","sticky":false,"template":"","format":"standard","meta":{"_links_to":"","_links_to_target":""},"categories":[33432],"tags":[3437,28991,35835,10009],"_links":{"self":[{"href":"https:\/\/www.blogdothame.blog.br\/v1\/wp-json\/wp\/v2\/posts\/155488"}],"collection":[{"href":"https:\/\/www.blogdothame.blog.br\/v1\/wp-json\/wp\/v2\/posts"}],"about":[{"href":"https:\/\/www.blogdothame.blog.br\/v1\/wp-json\/wp\/v2\/types\/post"}],"author":[{"embeddable":true,"href":"https:\/\/www.blogdothame.blog.br\/v1\/wp-json\/wp\/v2\/users\/2"}],"replies":[{"embeddable":true,"href":"https:\/\/www.blogdothame.blog.br\/v1\/wp-json\/wp\/v2\/comments?post=155488"}],"version-history":[{"count":1,"href":"https:\/\/www.blogdothame.blog.br\/v1\/wp-json\/wp\/v2\/posts\/155488\/revisions"}],"predecessor-version":[{"id":155491,"href":"https:\/\/www.blogdothame.blog.br\/v1\/wp-json\/wp\/v2\/posts\/155488\/revisions\/155491"}],"wp:featuredmedia":[{"embeddable":true,"href":"https:\/\/www.blogdothame.blog.br\/v1\/wp-json\/wp\/v2\/media\/155489"}],"wp:attachment":[{"href":"https:\/\/www.blogdothame.blog.br\/v1\/wp-json\/wp\/v2\/media?parent=155488"}],"wp:term":[{"taxonomy":"category","embeddable":true,"href":"https:\/\/www.blogdothame.blog.br\/v1\/wp-json\/wp\/v2\/categories?post=155488"},{"taxonomy":"post_tag","embeddable":true,"href":"https:\/\/www.blogdothame.blog.br\/v1\/wp-json\/wp\/v2\/tags?post=155488"}],"curies":[{"name":"wp","href":"https:\/\/api.w.org\/{rel}","templated":true}]}}