{"id":155400,"date":"2023-10-05T15:28:44","date_gmt":"2023-10-05T18:28:44","guid":{"rendered":"https:\/\/www.blogdothame.blog.br\/v1\/?p=155400"},"modified":"2023-10-05T09:28:08","modified_gmt":"2023-10-05T12:28:08","slug":"o-que-a-geracao-de-energia-tem-a-ver-com-os-direitos-da-natureza","status":"publish","type":"post","link":"https:\/\/www.blogdothame.blog.br\/v1\/2023\/10\/05\/o-que-a-geracao-de-energia-tem-a-ver-com-os-direitos-da-natureza\/","title":{"rendered":"O que a gera\u00e7\u00e3o de energia tem a ver com os direitos da natureza?"},"content":{"rendered":"<p><img loading=\"lazy\" class=\"aligncenter size-full wp-image-155401\" src=\"https:\/\/www.blogdothame.blog.br\/v1\/wp-content\/uploads\/2023\/10\/curso.jpg\" alt=\"\" width=\"425\" height=\"251\" srcset=\"https:\/\/www.blogdothame.blog.br\/v1\/wp-content\/uploads\/2023\/10\/curso.jpg 425w, https:\/\/www.blogdothame.blog.br\/v1\/wp-content\/uploads\/2023\/10\/curso-300x177.jpg 300w\" sizes=\"(max-width: 425px) 100vw, 425px\" \/><\/p>\n<p>&nbsp;<\/p>\n<p style=\"text-align: right;\"><strong>Por Zoraide Vilasboas<\/strong><\/p>\n<p>&nbsp;<\/p>\n<p>Reconhecido pela Organiza\u00e7\u00e3o das Na\u00e7\u00f5es Unidas, o 2\u00ba F\u00f3rum Brasileiro dos Direitos da Natureza, que ser\u00e1 realizado sexta-feira e s\u00e1bado pr\u00f3ximos, dias 06 e 07, em Ilh\u00e9us, d\u00e1 in\u00edcio \u00e0 constru\u00e7\u00e3o da Assembleia da Terra Brasil da ONU, que ocorrer\u00e1 em abril de 2024. Esta importante iniciativa contribuir\u00e1 para destacar a necessidade do reconhecimento da natureza, como sujeito de direitos, a ser debatido internamente em cada pa\u00eds e globalmente para serem incorporados \u00e0 Declara\u00e7\u00e3o Universal dos Direitos da M\u00e3e Terra.<\/p>\n<p>O evento \u00e9 uma realiza\u00e7\u00e3o da Articula\u00e7\u00e3o Nacional pelos Direitos da Natureza e outras entidades e movimentos socioambientais com o objetivo de compartilhar a escuta de saberes das comunidades ind\u00edgenas, tradicionais, acad\u00eamicas e da sociedade civil para promover incid\u00eancias em diversos n\u00edveis e setores.<\/p>\n<p>Cuidado com a M\u00e3e Terra<\/p>\n<p>As atividades acontecer\u00e3o em dois espa\u00e7os distintos. No primeiro dia na Aldeia Ind\u00edgena Tukum, territ\u00f3rio dos Tupinamb\u00e1, de Oliven\u00e7a, estar\u00e3o em foco conversas e compartilhamento de saberes ancestrais sobre o relacionamento e o cuidado com a M\u00e3e Terra. As conclus\u00f5es das atividades do primeiro dia ser\u00e3o dialogadas depois no s\u00e1bado, na Universidade de Santa Cruz, em Ilh\u00e9us, com um p\u00fablico mais amplo, incluindo pesquisadores, a fim de subsidiar a elabora\u00e7\u00e3o de trabalhos acad\u00eamicos dirigidos ao fortalecimento das lutas pelo reconhecimento em lei dos direitos da natureza.<\/p>\n<p><!--more--><\/p>\n<p>Entre as atividades programadas, destacamos a oficina \u201cDireitos da Natureza e Transi\u00e7\u00e3o Energ\u00e9tica Popular no Combate \u00e0s Mudan\u00e7as Clim\u00e1ticas\u201d, que colocar\u00e1 em foco, o que a gera\u00e7\u00e3o de energia tem a ver com os direitos da natureza, como a transi\u00e7\u00e3o energ\u00e9tica pode ajudar a enfrentar as mudan\u00e7as clim\u00e1ticas no planeta e o que \u00e9 transi\u00e7\u00e3o energ\u00e9tica justa, popular e inclusiva.<\/p>\n<p>A oficina acontecer\u00e1 de 10:30 \u00e0s 12:30h no s\u00e1bado na Faculdade de Direito da Universidade Estadual de Santa Cruz. Se voc\u00ea quiser compreender um pouco mais sobre a transi\u00e7\u00e3o energ\u00e9tica, os desafios que nos s\u00e3o impostos pelas mudan\u00e7as clim\u00e1ticas e a urg\u00eancia do reconhecimento dos direitos da natureza n\u00e3o deixe de participar.<\/p>\n<p>A Articula\u00e7\u00e3o Antinuclear Brasileira, rede nacional de especialistas, pesquisadores, entidades e movimentos socioambientais, que defende o uso de fontes renov\u00e1veis e condena o uso da fonte at\u00f4mica &#8211; suja, perigosa e cara &#8211; na produ\u00e7\u00e3o de energia nuclear participar\u00e1 do evento.<\/p>\n<p>Est\u00e3o previstas diversas outras atividades, como oficina para impulsionamento de processos de Protocolos de Consulta pr\u00e9via, livre e informada; oficina de bioconstru\u00e7\u00e3o na Aldeia Tukum e impulsionamento de processos de demarca\u00e7\u00e3o de territ\u00f3rios, sabendo que 80% da biodiversidade brasileira est\u00e1 sob a guarda das comunidades cultivadoras destes territ\u00f3rios.<\/p>\n<p>As inscri\u00e7\u00f5es para o F\u00f3rum ainda podem ser feitas pelo site:\u00a0www.forumdireitosdanatureza.org.br.<\/p>\n<p>&nbsp;<\/p>\n<p>\u00b4&#8211;<\/p>\n<p>Zoraide Vilasboas\u00a0 \u00e9 jornalista da coordena\u00e7\u00e3o de Comunica\u00e7\u00e3o do Movimento Paulo Jackson &#8211; \u00c9tica, Justi\u00e7a, Cidadania<\/p>\n","protected":false},"excerpt":{"rendered":"<p>&nbsp; Por Zoraide Vilasboas &nbsp; Reconhecido pela Organiza\u00e7\u00e3o das Na\u00e7\u00f5es Unidas, o 2\u00ba F\u00f3rum Brasileiro dos Direitos da Natureza, que ser\u00e1 realizado sexta-feira e s\u00e1bado pr\u00f3ximos, dias 06 e 07, em Ilh\u00e9us, d\u00e1 in\u00edcio \u00e0 constru\u00e7\u00e3o da Assembleia da Terra Brasil da ONU, que ocorrer\u00e1 em abril de 2024. Esta importante iniciativa contribuir\u00e1 para destacar [&hellip;]<\/p>\n","protected":false},"author":2,"featured_media":155401,"comment_status":"open","ping_status":"open","sticky":false,"template":"","format":"standard","meta":{"_links_to":"","_links_to_target":""},"categories":[1],"tags":[36323,36322],"_links":{"self":[{"href":"https:\/\/www.blogdothame.blog.br\/v1\/wp-json\/wp\/v2\/posts\/155400"}],"collection":[{"href":"https:\/\/www.blogdothame.blog.br\/v1\/wp-json\/wp\/v2\/posts"}],"about":[{"href":"https:\/\/www.blogdothame.blog.br\/v1\/wp-json\/wp\/v2\/types\/post"}],"author":[{"embeddable":true,"href":"https:\/\/www.blogdothame.blog.br\/v1\/wp-json\/wp\/v2\/users\/2"}],"replies":[{"embeddable":true,"href":"https:\/\/www.blogdothame.blog.br\/v1\/wp-json\/wp\/v2\/comments?post=155400"}],"version-history":[{"count":1,"href":"https:\/\/www.blogdothame.blog.br\/v1\/wp-json\/wp\/v2\/posts\/155400\/revisions"}],"predecessor-version":[{"id":155402,"href":"https:\/\/www.blogdothame.blog.br\/v1\/wp-json\/wp\/v2\/posts\/155400\/revisions\/155402"}],"wp:featuredmedia":[{"embeddable":true,"href":"https:\/\/www.blogdothame.blog.br\/v1\/wp-json\/wp\/v2\/media\/155401"}],"wp:attachment":[{"href":"https:\/\/www.blogdothame.blog.br\/v1\/wp-json\/wp\/v2\/media?parent=155400"}],"wp:term":[{"taxonomy":"category","embeddable":true,"href":"https:\/\/www.blogdothame.blog.br\/v1\/wp-json\/wp\/v2\/categories?post=155400"},{"taxonomy":"post_tag","embeddable":true,"href":"https:\/\/www.blogdothame.blog.br\/v1\/wp-json\/wp\/v2\/tags?post=155400"}],"curies":[{"name":"wp","href":"https:\/\/api.w.org\/{rel}","templated":true}]}}