{"id":155213,"date":"2023-09-29T17:30:32","date_gmt":"2023-09-29T20:30:32","guid":{"rendered":"https:\/\/www.blogdothame.blog.br\/v1\/?p=155213"},"modified":"2023-09-29T15:03:42","modified_gmt":"2023-09-29T18:03:42","slug":"itacare-faz-grande-ofensiva-de-divulgacao-do-destino-turistico-na-abav-expo-2023-no-rio","status":"publish","type":"post","link":"https:\/\/www.blogdothame.blog.br\/v1\/2023\/09\/29\/itacare-faz-grande-ofensiva-de-divulgacao-do-destino-turistico-na-abav-expo-2023-no-rio\/","title":{"rendered":"Itacar\u00e9 faz grande ofensiva de divulga\u00e7\u00e3o do  destino  tur\u00edstico na ABAV Expo 2023 no Rio"},"content":{"rendered":"<p><img loading=\"lazy\" class=\"aligncenter  wp-image-155214\" src=\"https:\/\/www.blogdothame.blog.br\/v1\/wp-content\/uploads\/2023\/09\/turiatc-1.jpg\" alt=\"\" width=\"416\" height=\"312\" srcset=\"https:\/\/www.blogdothame.blog.br\/v1\/wp-content\/uploads\/2023\/09\/turiatc-1.jpg 600w, https:\/\/www.blogdothame.blog.br\/v1\/wp-content\/uploads\/2023\/09\/turiatc-1-300x225.jpg 300w\" sizes=\"(max-width: 416px) 100vw, 416px\" \/><\/p>\n<p>(do Pimenta)- A ofensiva de divulga\u00e7\u00e3o do destino Itacar\u00e9 na Abav Expo 2023, no Rio de Janeiro (RJ), impressionou autoridades, expositores e visitantes e teve at\u00e9 uma divulga\u00e7\u00e3o especial durante apresenta\u00e7\u00e3o do cantor Diogo Nogueira. O munic\u00edpio sul-baiano enviou comitiva com servidores, conselheiros e empres\u00e1rios do trade para divulgar os seus atrativos no evento que come\u00e7ou na quarta-feira (27) e chega ao fim hoje (29), no Riocentro.<\/p>\n<p>Al\u00e9m da divulga\u00e7\u00e3o do destino com vasto material e informa\u00e7\u00f5es, o munic\u00edpio tamb\u00e9m participou de rodadas de neg\u00f3cios. O secret\u00e1rio de Turismo, Marcos Japu, apontou resultados das conversas com representantes das companhias a\u00e9reas TAP e Azul e ag\u00eancias como a CVC, a Bancorbras e a Viagens Promo, dentre outras empresas e institui\u00e7\u00f5es.<\/p>\n<p>\u2013 Conversamos muito com a Azul Viagens, com a CVC e a Viagens Promo. Chegaremos j\u00e1 a Itacar\u00e9 para avaliar o evento e fazer calend\u00e1rio, junto com a Bancorbras tamb\u00e9m, para que a gente avance ainda mais no turismo, o que impacta positivamente a nossa economia, a nossa cidade \u2013 disse ele, revelando que Tap e Prefeitura de Itacar\u00e9 avaliam a\u00e7\u00e3o do munic\u00edpio para divulga\u00e7\u00e3o do destino em Portugal, aproveitando a exposi\u00e7\u00e3o da cidade com a exibi\u00e7\u00e3o, em 2024, de\u00a0Cacau, novela produzida por um dos principais canais de TV do pa\u00eds europeu e que ter\u00e1 Itacar\u00e9 como uma das loca\u00e7\u00f5es<\/p>\n<div id=\"attachment_155215\" style=\"width: 320px\" class=\"wp-caption aligncenter\"><img aria-describedby=\"caption-attachment-155215\" loading=\"lazy\" class=\" wp-image-155215\" src=\"https:\/\/www.blogdothame.blog.br\/v1\/wp-content\/uploads\/2023\/09\/turitac-2.jpg\" alt=\"\" width=\"310\" height=\"414\" srcset=\"https:\/\/www.blogdothame.blog.br\/v1\/wp-content\/uploads\/2023\/09\/turitac-2.jpg 412w, https:\/\/www.blogdothame.blog.br\/v1\/wp-content\/uploads\/2023\/09\/turitac-2-225x300.jpg 225w\" sizes=\"(max-width: 310px) 100vw, 310px\" \/><p id=\"caption-attachment-155215\" class=\"wp-caption-text\">Ricardo Gomes, da C\u00e2mara de Com\u00e9rcio e Turismo LGBT, e o secret\u00e1rio Marcos Japu<\/p><\/div>\n<p>MAIOR PERMAN\u00caNCIA DO TURISTA<\/p>\n<p>Com Azul e CVC, munic\u00edpio e empres\u00e1rios trataram, por exemplo, de pacotes de maior perman\u00eancia de 7 dias no destino tur\u00edstico sul-baiano. \u201cFalamos de novos voos para que possamos ampliar muito mais para Ilh\u00e9us e Itacar\u00e9, garantindo essa perman\u00eancia de 7 dias\u201d, afirmou ao PIMENTA. Ainda nas rodadas de negocia\u00e7\u00f5es, a comitiva itacareense conversou com o presidente da C\u00e2mara de Com\u00e9rcio e Turismo LGBT+ do Brasil, Ricardo Gomes, para atrair p\u00fablico com maior t\u00edquete m\u00e9dio do turismo.<\/p>\n<p>\u2013 N\u00f3s estamos transformando a cidade e visionando para os pr\u00f3ximos 20, 30 anos. Estamos aqui na Abav Expo com cerca de 30 pessoas de Itacar\u00e9, que n\u00e3o s\u00e3o apenas do poder p\u00fablico. H\u00e1 simbiose do poder p\u00fablico com a iniciativa privada que faz com que a gente acredite ainda mais que \u00e9 poss\u00edvel melhorar o turismo, o nosso destino completo.<\/p>\n<p><img loading=\"lazy\" class=\"aligncenter  wp-image-155216\" src=\"https:\/\/www.blogdothame.blog.br\/v1\/wp-content\/uploads\/2023\/09\/turiatc-3.jpg\" alt=\"\" width=\"423\" height=\"317\" srcset=\"https:\/\/www.blogdothame.blog.br\/v1\/wp-content\/uploads\/2023\/09\/turiatc-3.jpg 600w, https:\/\/www.blogdothame.blog.br\/v1\/wp-content\/uploads\/2023\/09\/turiatc-3-300x225.jpg 300w\" sizes=\"(max-width: 423px) 100vw, 423px\" \/><\/p>\n<p>MIMOS PARA O VISITANTE<\/p>\n<p>O empres\u00e1rio Jo\u00e3o Viana, da Ertour, diz que a participa\u00e7\u00e3o na Abav Expo, que retorna ao Rio de Janeiro ap\u00f3s 11 anos, engradece Itacar\u00e9, revelando-a ainda mais ao mundo. \u201cDigo ao mundo, porque temos todo tipo de pessoa aqui, conhecendo Itacar\u00e9, chocolate, nossa Mata Atl\u00e2ntica e nossa natureza, todos deslumbrados com tudo o que n\u00f3s temos. Estamos aqui para isso, para divulgar Itacar\u00e9. Queria agradecer \u00e0 Prefeitura de Itacar\u00e9, ao secret\u00e1rio de Turismo, [Marcos Japu], por esse trabalho t\u00e3o grande por nossa cidade\u201d, disse o empres\u00e1rio.<\/p>\n<p><!--more--><\/p>\n<p>Presidente do Conselho Municipal de Turismo de Itacar\u00e9 (Comtur) e empres\u00e1ria da \u00e1rea hoteleira, Cida Aguilar destacou o sucesso da a\u00e7\u00e3o do munic\u00edpio sul-baiano na Abav Expo 2023. \u201cA divulga\u00e7\u00e3o tem sido um sucesso. Evento lotado com um p\u00fablico, de fato, para fazer neg\u00f3cios. N\u00f3s viemos muito bem preparados. Itacar\u00e9 deu show\u201d, assinalou.<\/p>\n<p>\u2013 Quero parabenizar a Secretaria de Turismo, que trouxe brindes, mimos para garantir um p\u00fablico maior em nosso estande. E, o diferencial, para receber esses mimos, o visitante precisava marcar a p\u00e1gina de Itacar\u00e9 nas redes sociais. Com isso, gerou engajamento. Quero parabenizar a iniciativa e quero dizer que eventos como este, sim, d\u00e3o resultado. Juntos somos mais fortes \u2013 afirmou Cida Aguilar, falando, ainda, dos mimos que inclu\u00edam de camisetas a papelaria, com informa\u00e7\u00f5es do destino, e chocolates finos com o sabor da terra.<\/p>\n<div id=\"attachment_155217\" style=\"width: 482px\" class=\"wp-caption aligncenter\"><img aria-describedby=\"caption-attachment-155217\" loading=\"lazy\" class=\" wp-image-155217\" src=\"https:\/\/www.blogdothame.blog.br\/v1\/wp-content\/uploads\/2023\/09\/turitac-4.jpg\" alt=\"\" width=\"472\" height=\"266\" srcset=\"https:\/\/www.blogdothame.blog.br\/v1\/wp-content\/uploads\/2023\/09\/turitac-4.jpg 600w, https:\/\/www.blogdothame.blog.br\/v1\/wp-content\/uploads\/2023\/09\/turitac-4-300x169.jpg 300w\" sizes=\"(max-width: 472px) 100vw, 472px\" \/><p id=\"caption-attachment-155217\" class=\"wp-caption-text\">Maur\u00edcio Bacelar, ao centro, elogiou a\u00e7\u00e3o de marketing de Itacar\u00e9 na Abav Expo<\/p><\/div>\n<p>DESTAQUE DO SUL DA BAHIA<\/p>\n<p>A representatividade de Itacar\u00e9 no evento da Abav Expo 2023 foi elogiado pelo secret\u00e1rio de Turismo da Bahia, Maur\u00edcio Bacelar. \u201cImpressionante a participa\u00e7\u00e3o de Itacar\u00e9 aqui no Rio de Janeiro. Agradecemos ao secret\u00e1rio Marcos Japu, ao Comtur e ao prefeito Ant\u00f4nio de An\u00edzio, por terem a vis\u00e3o e a sensibilidade de mobilizar pessoal e recursos para que estivessem na Abav Expo. S\u00e3o essas a\u00e7\u00f5es que mais impulsionam a Bahia na promo\u00e7\u00e3o dos nossos destinos tur\u00edsticos\u201d, completou Maur\u00edcio Bacelar.<\/p>\n<p>O prefeito Ant\u00f4nio de An\u00edzio (PT) disse que a divulga\u00e7\u00e3o do destino com a assertividade mostrada na Abav Expo \u00e9 investimento que gera mais trabalho e renda. \u201cImportante oportunizar esses momentos e qualificar nossa equipe da gest\u00e3o. A boa rela\u00e7\u00e3o entre o poder p\u00fablico e o trade vai construindo momentos para um futuro mais promissor do destino completo. Estamos com muitos projetos que ampliam essa realidade, a exemplo da constru\u00e7\u00e3o de um centro de conven\u00e7\u00f5es , um aeroporto e o projeto da orla de Itacar\u00e9. S\u00e3o vetores do desenvolvimento, pensando a Itacar\u00e9 do futuro\u201d, afirma An\u00edzio.<\/p>\n<p>&nbsp;<\/p>\n","protected":false},"excerpt":{"rendered":"<p>(do Pimenta)- A ofensiva de divulga\u00e7\u00e3o do destino Itacar\u00e9 na Abav Expo 2023, no Rio de Janeiro (RJ), impressionou autoridades, expositores e visitantes e teve at\u00e9 uma divulga\u00e7\u00e3o especial durante apresenta\u00e7\u00e3o do cantor Diogo Nogueira. O munic\u00edpio sul-baiano enviou comitiva com servidores, conselheiros e empres\u00e1rios do trade para divulgar os seus atrativos no evento que [&hellip;]<\/p>\n","protected":false},"author":2,"featured_media":155217,"comment_status":"open","ping_status":"open","sticky":false,"template":"","format":"standard","meta":{"_links_to":"","_links_to_target":""},"categories":[33432],"tags":[36284,991,30081,1124,16050],"_links":{"self":[{"href":"https:\/\/www.blogdothame.blog.br\/v1\/wp-json\/wp\/v2\/posts\/155213"}],"collection":[{"href":"https:\/\/www.blogdothame.blog.br\/v1\/wp-json\/wp\/v2\/posts"}],"about":[{"href":"https:\/\/www.blogdothame.blog.br\/v1\/wp-json\/wp\/v2\/types\/post"}],"author":[{"embeddable":true,"href":"https:\/\/www.blogdothame.blog.br\/v1\/wp-json\/wp\/v2\/users\/2"}],"replies":[{"embeddable":true,"href":"https:\/\/www.blogdothame.blog.br\/v1\/wp-json\/wp\/v2\/comments?post=155213"}],"version-history":[{"count":1,"href":"https:\/\/www.blogdothame.blog.br\/v1\/wp-json\/wp\/v2\/posts\/155213\/revisions"}],"predecessor-version":[{"id":155218,"href":"https:\/\/www.blogdothame.blog.br\/v1\/wp-json\/wp\/v2\/posts\/155213\/revisions\/155218"}],"wp:featuredmedia":[{"embeddable":true,"href":"https:\/\/www.blogdothame.blog.br\/v1\/wp-json\/wp\/v2\/media\/155217"}],"wp:attachment":[{"href":"https:\/\/www.blogdothame.blog.br\/v1\/wp-json\/wp\/v2\/media?parent=155213"}],"wp:term":[{"taxonomy":"category","embeddable":true,"href":"https:\/\/www.blogdothame.blog.br\/v1\/wp-json\/wp\/v2\/categories?post=155213"},{"taxonomy":"post_tag","embeddable":true,"href":"https:\/\/www.blogdothame.blog.br\/v1\/wp-json\/wp\/v2\/tags?post=155213"}],"curies":[{"name":"wp","href":"https:\/\/api.w.org\/{rel}","templated":true}]}}