{"id":154727,"date":"2023-09-20T07:30:52","date_gmt":"2023-09-20T10:30:52","guid":{"rendered":"https:\/\/www.blogdothame.blog.br\/v1\/?p=154727"},"modified":"2023-09-19T15:22:41","modified_gmt":"2023-09-19T18:22:41","slug":"bahia-discute-estreitamento-de-lacos-comerciais-com-cuba","status":"publish","type":"post","link":"https:\/\/www.blogdothame.blog.br\/v1\/2023\/09\/20\/bahia-discute-estreitamento-de-lacos-comerciais-com-cuba\/","title":{"rendered":"Bahia refor\u00e7a la\u00e7os comerciais com Cuba"},"content":{"rendered":"<p><img loading=\"lazy\" class=\"aligncenter wp-image-154728\" src=\"https:\/\/www.blogdothame.blog.br\/v1\/wp-content\/uploads\/2023\/09\/Fotos_-Ascom-SDE-1.jpeg\" alt=\"\" width=\"399\" height=\"266\" srcset=\"https:\/\/www.blogdothame.blog.br\/v1\/wp-content\/uploads\/2023\/09\/Fotos_-Ascom-SDE-1.jpeg 600w, https:\/\/www.blogdothame.blog.br\/v1\/wp-content\/uploads\/2023\/09\/Fotos_-Ascom-SDE-1-300x200.jpeg 300w\" sizes=\"(max-width: 399px) 100vw, 399px\" \/><\/p>\n<p>Bahia e Cuba t\u00eam avan\u00e7ado em suas rela\u00e7\u00f5es comerciais. Representantes do Governo do Estado e do pa\u00eds da Am\u00e9rica Central se reuniram com objetivo de fortalecer conex\u00f5es, trocar experi\u00eancias e firmar neg\u00f3cios. O encontro, liderado pela Secretaria de Desenvolvimento Econ\u00f4mico (SDE), a partir de uma solicita\u00e7\u00e3o do governador Jer\u00f4nimo Rodrigues, contou com as participa\u00e7\u00f5es das secretarias da Agricultura, Pecu\u00e1ria, Irriga\u00e7\u00e3o, Pesca e Aquicultura (Seagri) e do Desenvolvimento Regional (SDR), al\u00e9m da C\u00e2mara do Com\u00e9rcio Exterior e dos Minist\u00e9rios do Com\u00e9rcio Exterior e Com\u00e9rcio Interior de Cuba.<\/p>\n<p><img loading=\"lazy\" class=\"alignright size-medium wp-image-154729\" src=\"https:\/\/www.blogdothame.blog.br\/v1\/wp-content\/uploads\/2023\/09\/Fotos_-Ascom-SDE-3-300x200.jpeg\" alt=\"\" width=\"300\" height=\"200\" srcset=\"https:\/\/www.blogdothame.blog.br\/v1\/wp-content\/uploads\/2023\/09\/Fotos_-Ascom-SDE-3-300x200.jpeg 300w, https:\/\/www.blogdothame.blog.br\/v1\/wp-content\/uploads\/2023\/09\/Fotos_-Ascom-SDE-3.jpeg 600w\" sizes=\"(max-width: 300px) 100vw, 300px\" \/>A reuni\u00e3o foi presidida pelo secret\u00e1rio da SDE, Angelo Almeida, que destacou que o encontro contribui com a rela\u00e7\u00e3o de irmandade que j\u00e1 existe entre o povo da Bahia e o povo cubano e promove o fortalecimento das trocas comerciais, das rela\u00e7\u00f5es de experi\u00eancias, seja na agricultura, na ind\u00fastria, no turismo ou na biotecnologia. \u201cA Bahia pode atrair investimentos cubanos em setores como turismo, energias renov\u00e1veis, agricultura e infraestrutura, enquanto Cuba pode oferecer oportunidades para empresas baianas em \u00e1reas como sa\u00fade, biotecnologia e educa\u00e7\u00e3o\u201d, pontuou.<\/p>\n<p>O presidente da C\u00e2mara do Com\u00e9rcio Exterior de Cuba, Antonio Luis Carricarte Corona, definiu o encontro como uma \u201cexcelente reuni\u00e3o\u201d e destacou que nele ficou identificado a pot\u00eancia que o Brasil possui na regi\u00e3o Nordeste, e em especial na Bahia. \u201cEssa \u00e9 uma visita que atrai um projeto que pode orientar a participa\u00e7\u00e3o dos empres\u00e1rios brasileiros em Cuba, desde a exporta\u00e7\u00e3o de produtos aliment\u00edcios e produtos para a produ\u00e7\u00e3o animal, mas tamb\u00e9m na participa\u00e7\u00e3o de neg\u00f3cios em conjunto com Cuba, que permitam produzir alimento, energia renov\u00e1vel, aumentar o turismo e fazer o desenvolvimento industrial acontecer\u201d, disse.<\/p>\n<p><!--more--><\/p>\n<p>Na ocasi\u00e3o foi definida a cria\u00e7\u00e3o de um grupo de trabalho composto por representantes do estado e do pa\u00eds, para aprofundar as discuss\u00f5es. \u201cEssa parceria n\u00e3o apenas promove o crescimento econ\u00f4mico, mas tamb\u00e9m fortalece os la\u00e7os culturais e sociais entre as duas regi\u00f5es, criando um ambiente prop\u00edcio para a colabora\u00e7\u00e3o e o desenvolvimento m\u00fatuo. Com a cria\u00e7\u00e3o desse grupo de trabalho, poderemos criar um canal permanente de debate e aprofundar o di\u00e1logo\u201d, finalizou Almeida.<\/p>\n<p>Tamb\u00e9m participam da reuni\u00e3o a Associa\u00e7\u00e3o Baiana de Avicultura (ABA), a Associa\u00e7\u00e3o dos Distribuidores e Atacadistas (ASDAB), a Ag\u00eancia Brasileira de Promo\u00e7\u00e3o de Exporta\u00e7\u00f5es e Investimentos (APEX Brasil), o Sindicato das Ind\u00fastrias de Latic\u00ednios e Produtos Derivados do Leite do Estado da Bahia (Sindleite) e do Sindicato dos Trabalhadores nas Empresas de Abate Animal e Afins no Estado na Bahia (Sindcarne-BA), al\u00e9m de empresas cubanas.<\/p>\n","protected":false},"excerpt":{"rendered":"<p>Bahia e Cuba t\u00eam avan\u00e7ado em suas rela\u00e7\u00f5es comerciais. Representantes do Governo do Estado e do pa\u00eds da Am\u00e9rica Central se reuniram com objetivo de fortalecer conex\u00f5es, trocar experi\u00eancias e firmar neg\u00f3cios. O encontro, liderado pela Secretaria de Desenvolvimento Econ\u00f4mico (SDE), a partir de uma solicita\u00e7\u00e3o do governador Jer\u00f4nimo Rodrigues, contou com as participa\u00e7\u00f5es das [&hellip;]<\/p>\n","protected":false},"author":2,"featured_media":154728,"comment_status":"open","ping_status":"open","sticky":false,"template":"","format":"standard","meta":{"_links_to":"","_links_to_target":""},"categories":[33434],"tags":[30,16,36195],"_links":{"self":[{"href":"https:\/\/www.blogdothame.blog.br\/v1\/wp-json\/wp\/v2\/posts\/154727"}],"collection":[{"href":"https:\/\/www.blogdothame.blog.br\/v1\/wp-json\/wp\/v2\/posts"}],"about":[{"href":"https:\/\/www.blogdothame.blog.br\/v1\/wp-json\/wp\/v2\/types\/post"}],"author":[{"embeddable":true,"href":"https:\/\/www.blogdothame.blog.br\/v1\/wp-json\/wp\/v2\/users\/2"}],"replies":[{"embeddable":true,"href":"https:\/\/www.blogdothame.blog.br\/v1\/wp-json\/wp\/v2\/comments?post=154727"}],"version-history":[{"count":3,"href":"https:\/\/www.blogdothame.blog.br\/v1\/wp-json\/wp\/v2\/posts\/154727\/revisions"}],"predecessor-version":[{"id":154756,"href":"https:\/\/www.blogdothame.blog.br\/v1\/wp-json\/wp\/v2\/posts\/154727\/revisions\/154756"}],"wp:featuredmedia":[{"embeddable":true,"href":"https:\/\/www.blogdothame.blog.br\/v1\/wp-json\/wp\/v2\/media\/154728"}],"wp:attachment":[{"href":"https:\/\/www.blogdothame.blog.br\/v1\/wp-json\/wp\/v2\/media?parent=154727"}],"wp:term":[{"taxonomy":"category","embeddable":true,"href":"https:\/\/www.blogdothame.blog.br\/v1\/wp-json\/wp\/v2\/categories?post=154727"},{"taxonomy":"post_tag","embeddable":true,"href":"https:\/\/www.blogdothame.blog.br\/v1\/wp-json\/wp\/v2\/tags?post=154727"}],"curies":[{"name":"wp","href":"https:\/\/api.w.org\/{rel}","templated":true}]}}