{"id":153423,"date":"2023-08-10T18:13:49","date_gmt":"2023-08-10T21:13:49","guid":{"rendered":"https:\/\/www.blogdothame.blog.br\/v1\/?p=153423"},"modified":"2023-08-10T16:46:05","modified_gmt":"2023-08-10T19:46:05","slug":"pesquisa-ufsb-analisou-fabricacao-de-tijolos-de-adobe-no-sul-da-bahia","status":"publish","type":"post","link":"https:\/\/www.blogdothame.blog.br\/v1\/2023\/08\/10\/pesquisa-ufsb-analisou-fabricacao-de-tijolos-de-adobe-no-sul-da-bahia\/","title":{"rendered":"Pesquisa  da  UFSB analisou fabrica\u00e7\u00e3o de tijolos de adobe no Sul da Bahia"},"content":{"rendered":"<p><img loading=\"lazy\" class=\"aligncenter wp-image-153424\" src=\"https:\/\/www.blogdothame.blog.br\/v1\/wp-content\/uploads\/2023\/08\/adobe-1.jpeg\" alt=\"\" width=\"359\" height=\"269\" srcset=\"https:\/\/www.blogdothame.blog.br\/v1\/wp-content\/uploads\/2023\/08\/adobe-1.jpeg 448w, https:\/\/www.blogdothame.blog.br\/v1\/wp-content\/uploads\/2023\/08\/adobe-1-300x225.jpeg 300w\" sizes=\"(max-width: 359px) 100vw, 359px\" \/><\/p>\n<p style=\"text-align: right;\"><strong>por Heleno Naz\u00e1rio<\/strong><\/p>\n<p>O custo da fabrica\u00e7\u00e3o de tijolos de adobe, um material de constru\u00e7\u00e3o produzido artesanalmente, foi o objeto de um estudo desenvolvido no\u00a0Programa de P\u00f3s-gradua\u00e7\u00e3o em Biossistemas (PPGBiossistemas)\u00a0da Universidade Federal do Sul da Bahia. A an\u00e1lise considerou a chamada composi\u00e7\u00e3o or\u00e7ament\u00e1ria da produ\u00e7\u00e3o realizada em duas localidades rurais na \u00e1rea de abrang\u00eancia de Itabuna e Ilh\u00e9us. O trabalho desenvolvido resultou na disserta\u00e7\u00e3o intitulada\u00a0Produ\u00e7\u00e3o artesanal do adobe e composi\u00e7\u00e3o or\u00e7ament\u00e1ria no eixo Itabuna-Ilh\u00e9us-Uru\u00e7uca, BA, Brasil, de autoria do engenheiro civil e chefe do Setor de Or\u00e7amento e Planejamento da Diretoria de Infraestrutura da UFSB, Luiz Eduardo Souza da Silva, sob orienta\u00e7\u00e3o da professora S\u00edlvia Kimo Costa, docente permanente do PPGBiossistemas e ligada ao\u00a0Centro de Forma\u00e7\u00e3o em Pol\u00edticas P\u00fablicas e Tecnologias Sociais (PopTecs). A defesa ocorreu no dia 28 de julho, no Campus Jorge Amado, contando com a banca de examinadores integrada pela orientadora do trabalho e os professores Ronaldo Lima Gomes (UESC), Jomar Gomes Jardim (CFCAF e PPGBiossistemas\/UFSB) e Nadson Ressye Sim\u00f5es da Silva (CFCAF\/UFSB).<\/p>\n<p><img loading=\"lazy\" class=\"alignleft size-full wp-image-153425\" src=\"https:\/\/www.blogdothame.blog.br\/v1\/wp-content\/uploads\/2023\/08\/adobe-2.jpg\" alt=\"\" width=\"363\" height=\"273\" srcset=\"https:\/\/www.blogdothame.blog.br\/v1\/wp-content\/uploads\/2023\/08\/adobe-2.jpg 363w, https:\/\/www.blogdothame.blog.br\/v1\/wp-content\/uploads\/2023\/08\/adobe-2-300x226.jpg 300w\" sizes=\"(max-width: 363px) 100vw, 363px\" \/>O uso de tijolos de adobe, conforme a pesquisa defendida e aprovada, oferece diversos aspectos a considerar. Em termos ambientais, \u00e9 um material sustent\u00e1vel e reaproveit\u00e1vel. Como material para constru\u00e7\u00e3o, tem pontos positivos em termos de conforto t\u00e9rmico e ac\u00fastico. Do ponto de vista cultural, o estudo confirmou que o modo de fabrica\u00e7\u00e3o continua sendo &#8220;vernacular&#8221; &#8211; isto \u00e9, ainda \u00e9 feito da forma tradicionalmente conhecida e com recursos naturais existentes na regi\u00e3o. E em termos de precifica\u00e7\u00e3o, a an\u00e1lise da composi\u00e7\u00e3o or\u00e7ament\u00e1ria, ou seja, de custos de produ\u00e7\u00e3o, indicou que o tijolo de adobe pode ser tanto um material acess\u00edvel para constru\u00e7\u00e3o quanto uma fonte de receita para comunidades que se dediquem a essa atividade. Soma-se a esses fatores a forte demanda por alternativas para a falta de habita\u00e7\u00f5es no Brasil e na regi\u00e3o Nordeste.<\/p>\n<p>&nbsp;<\/p>\n<p>O autor da disserta\u00e7\u00e3o, Luiz Eduardo, e a orientadora, professora S\u00edlvia, enviaram mais informa\u00e7\u00f5es sobre o estudo para a editoria UFSB Ci\u00eancia.<\/p>\n<p><!--more--><\/p>\n<p>Do que trata a pesquisa?<\/p>\n<p><img loading=\"lazy\" class=\"aligncenter wp-image-153426\" src=\"https:\/\/www.blogdothame.blog.br\/v1\/wp-content\/uploads\/2023\/08\/adobe-1.jpg\" alt=\"\" width=\"377\" height=\"212\" srcset=\"https:\/\/www.blogdothame.blog.br\/v1\/wp-content\/uploads\/2023\/08\/adobe-1.jpg 600w, https:\/\/www.blogdothame.blog.br\/v1\/wp-content\/uploads\/2023\/08\/adobe-1-300x169.jpg 300w\" sizes=\"(max-width: 377px) 100vw, 377px\" \/><\/p>\n<p>A pesquisa objetivou analisar o processo de fabrica\u00e7\u00e3o do adobe na \u00e1rea de abrang\u00eancia do eixo Itabuna \u2013 Ilh\u00e9us \u2013 Uru\u00e7uca, munic\u00edpios localizados no Litoral Sul do Estado da Bahia, considerando os custos associados \u00e0 sua manufatura (composi\u00e7\u00e3o or\u00e7ament\u00e1ria).<\/p>\n<p>Foram escolhidas duas localidades rurais para coleta de dados, o Assentamento Jo\u00e3o Amazonas e o Projeto Sap\u00ea Ecol\u00f3gico. O primeiro localizado na rodovia Ilh\u00e9us-Uru\u00e7uca, a 33Km do centro de Ilh\u00e9us, onde se encontram 74 fam\u00edlias assentadas. O segundo trata-se de uma iniciativa de constru\u00e7\u00e3o em terra iniciada em 2020 por um bioconstrutor. A edifica\u00e7\u00e3o encontra-se situada em \u00e1rea rural a 11km do centro de Itabuna.<\/p>\n<p>&nbsp;<\/p>\n<p>Como a pesquisa foi realizada?<\/p>\n<p>A metodologia compreendeu abordagem metodol\u00f3gica da observa\u00e7\u00e3o participante, que segundo Minaio, Deslandes e Gomes (2016, p. 64), trata-se de processo atrav\u00e9s do qual \u201co pesquisador se coloca como observador de uma situa\u00e7\u00e3o social com a finalidade de realizar uma investiga\u00e7\u00e3o cient\u00edfica\u201d.<\/p>\n<p>Embora a observa\u00e7\u00e3o participante fa\u00e7a com que o \u201cobservador seja parte do contexto de sua observa\u00e7\u00e3o e, sem d\u00favida, modifique esse contexto, por interfere nele, assim como \u00e9 modificado pessoalmente\u201d (MINAIO; DESLANDES; GOMES, 2016, p. 64), durante a coleta dos dados, ateve-se \u00e0 observa\u00e7\u00e3o unicamente para descri\u00e7\u00e3o do processo de fabrica\u00e7\u00e3o do adobe nas localidades selecionadas para a pesquisa.<\/p>\n<p>A observa\u00e7\u00e3o contemplou:<\/p>\n<p>a) descri\u00e7\u00e3o do processo de fabrica\u00e7\u00e3o do adobe e b) os materiais utilizados foram listados e o quantitativo mensurado, assim como os intervalos de tempo gastos entre as etapas de fabrica\u00e7\u00e3o, que contempla desde a extra\u00e7\u00e3o da mat\u00e9ria-prima (solo) ao processo de secagem do adobe (PEREIRA et al., 2014).<\/p>\n<p>A atividade de campo envolveu o registro fotogr\u00e1fico do processo de fabrica\u00e7\u00e3o do adobe. O uso das imagens para fins de publica\u00e7\u00e3o, encontra-se autorizado pelo Parecer Consubstanciado do Comit\u00ea de \u00c9tica n. 5.700.715\/ 2022.<\/p>\n<p>J\u00e1 o processo de composi\u00e7\u00e3o or\u00e7ament\u00e1ria considerou o procedimento sugerido por Tisaka (2011) e Matos (2009) e compreendeu as seguintes etapas:<\/p>\n<p>Etapa 1: c\u00e1lculo do volume de barro m\u00ednimo necess\u00e1rio para suprir a produ\u00e7\u00e3o di\u00e1ria (que variou conforme a localidade analisada) \u2013 considerou-se o quantitativo de unidades fabricadas em fun\u00e7\u00e3o do fornecimento ininterrupto de barro, horas de trabalho, tra\u00e7o do barro e dimens\u00e3o das formas utilizadas.<\/p>\n<p>Etapa 2: c\u00e1lculo do custo para escava\u00e7\u00e3o (mecanizada ou n\u00e3o mecanizada) \u2013 considerou-se o volume de escava\u00e7\u00e3o do solo em rela\u00e7\u00e3o \u00e0 produ\u00e7\u00e3o m\u00ednima di\u00e1ria do adobe.<\/p>\n<p>Etapa 3: c\u00e1lculo do custo de carga, transporte e descarga (manual ou mecanizado) \u2013 considerou-se a dist\u00e2ncia entre o local de onde a mat\u00e9ria-prima foi extra\u00edda e o transporte at\u00e9 o local para produ\u00e7\u00e3o do adobe.<\/p>\n<p>Etapa 4: c\u00e1lculo do custo de mistura (obten\u00e7\u00e3o do barro), moldagem e desmoldagem do adobe \u2013 considerou-se o volume m\u00ednimo de mistura em rela\u00e7\u00e3o ao tempo de produ\u00e7\u00e3o de cada \u201cmasseira\u201d.<\/p>\n<p>Etapa 5 \u2013 pre\u00e7o unit\u00e1rio do adobe \u2013 somat\u00f3rio dos custos associados \u00e0 cada etapa de produ\u00e7\u00e3o do adobe divididos pela quantidade de adobes produzidos diariamente em cada localidade.<\/p>\n<p>&nbsp;<\/p>\n<p>Como refer\u00eancia, utilizou-se a base de pre\u00e7os SINAPI, disponibilizada pela Caixa Econ\u00f4mica Federal. A base de pre\u00e7os SINAPI, inclui, al\u00e9m dos materiais, os sal\u00e1rios dos profissionais envolvidos na produ\u00e7\u00e3o, com encargos sociais, transporte e alimenta\u00e7\u00e3o.<\/p>\n<p>&nbsp;<\/p>\n<p>Qual a import\u00e2ncia do tema?<\/p>\n<p>A palavra espanhola \u201cadobe\u201d vem do \u00e1rabe \u201cattob\u201d, relacionado ao eg\u00edpcio \u201cthobe\u201d, que significa tijolo de barro seco ao sol. O adobe \u00e9 uma das t\u00e9cnicas construtivas em terra mais antigas do mundo e oferece benef\u00edcios econ\u00f4micos e ambientais, especialmente quando usado em pa\u00edses onde os custos de material se sobrep\u00f5em aos custos de m\u00e3o-de-obra.<\/p>\n<p>De maneira simplificada, o processo de fabrica\u00e7\u00e3o do elemento construtivo consiste em moldar blocos de terra crua, acrescidos de \u00e1gua, em formas de madeira e, ap\u00f3s desforma, sec\u00e1-los ao ar. Sua utiliza\u00e7\u00e3o possibilita n\u00e3o s\u00f3 redu\u00e7\u00e3o do custo construtivo da edifica\u00e7\u00e3o como constitui-se num elemento sustent\u00e1vel, revers\u00edvel e recicl\u00e1vel. Al\u00e9m disso, o adobe apresenta propriedades do ponto de vista do conforto termoac\u00fastico e possibilita a revaloriza\u00e7\u00e3o de t\u00e9cnicas construtivas ancestrais.<\/p>\n<p>Considerando que o d\u00e9ficit habitacional brasileiro estimado, alcan\u00e7a 5,876 milh\u00f5es de domic\u00edlios, dos quais aproximadamente 460 mil referem-se somente \u00e0s \u00e1reas rurais do Nordeste (conforme Funda\u00e7\u00e3o Jo\u00e3o Pinheiro, 2021), \u00e9 latente a necessidade de solu\u00e7\u00f5es construtivas n\u00e3o s\u00f3 de baixo custo como tamb\u00e9m de baixo impacto ambiental. Atualmente, o emprego do adobe est\u00e1 voltado para constru\u00e7\u00e3o pr\u00f3pria em mutir\u00e3o, isto \u00e9, para suprir a demanda habitacional nas localidades onde s\u00e3o fabricados. Contudo, havendo viabilidade de produ\u00e7\u00e3o e precifica\u00e7\u00e3o, a comercializa\u00e7\u00e3o do adobe pode se tornar meio de sustento financeiro para as fam\u00edlias envolvidas no processo.<\/p>\n<p>Nesse sentido, a pesquisa realizada \u00e9 de suma import\u00e2ncia, pois n\u00e3o s\u00f3 permitiu acompanhar e descrever os processos de fabrica\u00e7\u00e3o do adobe em sua \u00e1rea de abrang\u00eancia, como elaborar a composi\u00e7\u00e3o or\u00e7ament\u00e1ria para precifica\u00e7\u00e3o do elemento construtivo, considerando as caracter\u00edsticas da regi\u00e3o.<\/p>\n<p>&nbsp;<\/p>\n<p>O que os resultados indicam?<\/p>\n<p>Os resultados mostraram que, em rela\u00e7\u00e3o \u00e0 fabrica\u00e7\u00e3o do adobe, constatou-se que o processo se mant\u00e9m vern\u00e1culo compreendendo moldagem dos blocos de terra em estado pl\u00e1stico em formas de madeira, desforma e secagem ao ar.<\/p>\n<p>No que se refere ao custo final para produ\u00e7\u00e3o do adobe, o procedimento de composi\u00e7\u00e3o or\u00e7ament\u00e1ria permitiu encontrar dois valores unit\u00e1rios: R$2,34 a unidade adobe no Assentamento Jo\u00e3o Amazonas e R$2,82 no Projeto Sap\u00ea Ecol\u00f3gico. Ambos podem ser considerados como par\u00e2metro para precifica\u00e7\u00e3o de venda do elemento construtivo, caso se mantenham as condi\u00e7\u00f5es de produ\u00e7\u00e3o, j\u00e1 que o custo para fabrica\u00e7\u00e3o arca com os custos de materiais e honor\u00e1rios dos envolvidos na produ\u00e7\u00e3o.<\/p>\n<p>O fornecimento de dados sobre a viabilidade financeira de produ\u00e7\u00e3o e comercializa\u00e7\u00e3o do adobe em localidades rurais de baixa renda contribui n\u00e3o s\u00f3 para incentivar o uso do elemento construtivo pela popula\u00e7\u00e3o em geral, como poder\u00e1 se constituir em meio de sustento financeiro para as fam\u00edlias envolvidas no processo.<\/p>\n<p>&nbsp;<\/p>\n<p>Que contribui\u00e7\u00f5es os resultados oferecem ou permitem antever?<\/p>\n<p>A pesquisa possibilitou descrever e analisar o processo de fabrica\u00e7\u00e3o do adobe no eixo Itabuna \u2013 Ilh\u00e9us \u2013 Uru\u00e7uca, BA e elaborar a composi\u00e7\u00e3o or\u00e7ament\u00e1ria considerando os processos de fabrica\u00e7\u00e3o descritos e analisados.<\/p>\n<p>Dentre os produtos cient\u00edficos e t\u00e9cnicos oriundos da pesquisa, listam-se:<\/p>\n<p>Um cap\u00edtulo publicado no e-book\u00a0Aspectos bioconstrutivos do espa\u00e7o constru\u00eddo: colet\u00e2nea de artigos, v.02;<\/p>\n<p>Dois artigos aceitos para publica\u00e7\u00e3o, que se encontram em fase de edi\u00e7\u00e3o. O primeiro na Revista Ibero Americana de Ci\u00eancias Ambientais e o segundo na Revista Mix Sustent\u00e1vel. Esta \u00faltima Qualis A3.<\/p>\n<p>Uma\u00a0cartilha informativa sobre o processo de fabrica\u00e7\u00e3o do adobe e instru\u00e7\u00f5es de como preparar a composi\u00e7\u00e3o or\u00e7ament\u00e1ria do elemento construtivo, elaborada para produtores rurais. J\u00e1 dispon\u00edvel para p\u00fablico.<\/p>\n","protected":false},"excerpt":{"rendered":"<p>por Heleno Naz\u00e1rio O custo da fabrica\u00e7\u00e3o de tijolos de adobe, um material de constru\u00e7\u00e3o produzido artesanalmente, foi o objeto de um estudo desenvolvido no\u00a0Programa de P\u00f3s-gradua\u00e7\u00e3o em Biossistemas (PPGBiossistemas)\u00a0da Universidade Federal do Sul da Bahia. A an\u00e1lise considerou a chamada composi\u00e7\u00e3o or\u00e7ament\u00e1ria da produ\u00e7\u00e3o realizada em duas localidades rurais na \u00e1rea de abrang\u00eancia de [&hellip;]<\/p>\n","protected":false},"author":2,"featured_media":153424,"comment_status":"open","ping_status":"open","sticky":false,"template":"","format":"standard","meta":{"_links_to":"","_links_to_target":""},"categories":[33433],"tags":[35969,185,10406,233],"_links":{"self":[{"href":"https:\/\/www.blogdothame.blog.br\/v1\/wp-json\/wp\/v2\/posts\/153423"}],"collection":[{"href":"https:\/\/www.blogdothame.blog.br\/v1\/wp-json\/wp\/v2\/posts"}],"about":[{"href":"https:\/\/www.blogdothame.blog.br\/v1\/wp-json\/wp\/v2\/types\/post"}],"author":[{"embeddable":true,"href":"https:\/\/www.blogdothame.blog.br\/v1\/wp-json\/wp\/v2\/users\/2"}],"replies":[{"embeddable":true,"href":"https:\/\/www.blogdothame.blog.br\/v1\/wp-json\/wp\/v2\/comments?post=153423"}],"version-history":[{"count":2,"href":"https:\/\/www.blogdothame.blog.br\/v1\/wp-json\/wp\/v2\/posts\/153423\/revisions"}],"predecessor-version":[{"id":153428,"href":"https:\/\/www.blogdothame.blog.br\/v1\/wp-json\/wp\/v2\/posts\/153423\/revisions\/153428"}],"wp:featuredmedia":[{"embeddable":true,"href":"https:\/\/www.blogdothame.blog.br\/v1\/wp-json\/wp\/v2\/media\/153424"}],"wp:attachment":[{"href":"https:\/\/www.blogdothame.blog.br\/v1\/wp-json\/wp\/v2\/media?parent=153423"}],"wp:term":[{"taxonomy":"category","embeddable":true,"href":"https:\/\/www.blogdothame.blog.br\/v1\/wp-json\/wp\/v2\/categories?post=153423"},{"taxonomy":"post_tag","embeddable":true,"href":"https:\/\/www.blogdothame.blog.br\/v1\/wp-json\/wp\/v2\/tags?post=153423"}],"curies":[{"name":"wp","href":"https:\/\/api.w.org\/{rel}","templated":true}]}}