{"id":152538,"date":"2023-07-17T17:13:35","date_gmt":"2023-07-17T20:13:35","guid":{"rendered":"https:\/\/www.blogdothame.blog.br\/v1\/?p=152538"},"modified":"2023-07-17T14:36:48","modified_gmt":"2023-07-17T17:36:48","slug":"ao-lado-de-ministros-jeronimo-entrega-colegio-de-tempo-integral-e-adere-a-programas-federais-em-feira-de-santana","status":"publish","type":"post","link":"https:\/\/www.blogdothame.blog.br\/v1\/2023\/07\/17\/ao-lado-de-ministros-jeronimo-entrega-colegio-de-tempo-integral-e-adere-a-programas-federais-em-feira-de-santana\/","title":{"rendered":"Ao lado de ministros, Jer\u00f4nimo entrega Col\u00e9gio de Tempo Integral e adere a programas federais em Feira de Santana"},"content":{"rendered":"<p><img loading=\"lazy\" class=\"aligncenter wp-image-152539\" src=\"https:\/\/www.blogdothame.blog.br\/v1\/wp-content\/uploads\/2023\/07\/colegio-feira-santana-5.jpg\" alt=\"\" width=\"428\" height=\"241\" srcset=\"https:\/\/www.blogdothame.blog.br\/v1\/wp-content\/uploads\/2023\/07\/colegio-feira-santana-5.jpg 600w, https:\/\/www.blogdothame.blog.br\/v1\/wp-content\/uploads\/2023\/07\/colegio-feira-santana-5-300x169.jpg 300w\" sizes=\"(max-width: 428px) 100vw, 428px\" \/><\/p>\n<p>&nbsp;<\/p>\n<p>Cerca de 1.300 alunos da rede estadual de Feira de Santana est\u00e3o de casa nova. Nesta segunda-feira (17), em visita ao munic\u00edpio, o governador Jer\u00f4nimo Rodrigues inaugurou mais um Col\u00e9gio de Educa\u00e7\u00e3o em Tempo Integral, com uma estrutura completa e moderna para proporcionar uma educa\u00e7\u00e3o de qualidade aos estudantes da regi\u00e3o. Mais de R$ 30 milh\u00f5es foram investidos na constru\u00e7\u00e3o da unidade, que conta com 24 salas de aulas, biblioteca bem equipada, quatro laborat\u00f3rios, um teatro com capacidade para 175 lugares, piscina semiol\u00edmpica, restaurante estudantil, quadra coberta, campo de futebol de grama, pista de atletismo, entre outros equipamentos.<\/p>\n<p><img loading=\"lazy\" class=\"aligncenter wp-image-152540\" src=\"https:\/\/www.blogdothame.blog.br\/v1\/wp-content\/uploads\/2023\/07\/colegio-feira-santana-3.jpg\" alt=\"\" width=\"401\" height=\"267\" srcset=\"https:\/\/www.blogdothame.blog.br\/v1\/wp-content\/uploads\/2023\/07\/colegio-feira-santana-3.jpg 600w, https:\/\/www.blogdothame.blog.br\/v1\/wp-content\/uploads\/2023\/07\/colegio-feira-santana-3-300x200.jpg 300w\" sizes=\"(max-width: 401px) 100vw, 401px\" \/><\/p>\n<p>O governador, que foi acompanhado dos ministros da Educa\u00e7\u00e3o, Camilo Santana, e da Casa Civil, Rui Costa, destacou que, al\u00e9m da infraestrutura moderna e adequada, os Col\u00e9gios de Tempo Integral na Bahia possuem bons professores, estudantes, servidores e planejamento de atividades que focam a forma\u00e7\u00e3o na totalidade. &#8220;Estamos entregando aqui num bairro importante essa escola de tempo integral, os alunos v\u00e3o chegar pela manh\u00e3, v\u00e3o tomar caf\u00e9, seguem para a sala de aula, e t\u00eam garantido almo\u00e7o e durante a tarde t\u00eam agenda de refor\u00e7o escolar, atividades de ci\u00eancia, de educa\u00e7\u00e3o f\u00edsica e cultura, de esporte, entre outras&#8221;.<\/p>\n<p><img loading=\"lazy\" class=\"aligncenter wp-image-152541\" src=\"https:\/\/www.blogdothame.blog.br\/v1\/wp-content\/uploads\/2023\/07\/colegio-feira-santana-6.jpg\" alt=\"\" width=\"431\" height=\"287\" srcset=\"https:\/\/www.blogdothame.blog.br\/v1\/wp-content\/uploads\/2023\/07\/colegio-feira-santana-6.jpg 600w, https:\/\/www.blogdothame.blog.br\/v1\/wp-content\/uploads\/2023\/07\/colegio-feira-santana-6-300x200.jpg 300w\" sizes=\"(max-width: 431px) 100vw, 431px\" \/><\/p>\n<p>A implanta\u00e7\u00e3o do Col\u00e9gio de Educa\u00e7\u00e3o em Tempo Integral representa um importante avan\u00e7o para o sistema educacional de Feira de Santana, pois oferecer\u00e1 aos alunos uma estrutura adequada para o desenvolvimento integral, possibilitando o acesso a diversas atividades esportivas, culturais e de forma\u00e7\u00e3o profissional. Cerca de 40 colaboradores atuam na unidade, entre dire\u00e7\u00e3o, coordena\u00e7\u00e3o pedag\u00f3gica, professores e equipe de apoio. A inaugura\u00e7\u00e3o contou com apresenta\u00e7\u00f5es esportivas e art\u00edsticas promovidas pelos alunos da unidade.<\/p>\n<p><!--more--><\/p>\n<p>Conforme a diretora da escola, Ana Verena Rodrigues, \u201co espa\u00e7o n\u00e3o \u00e9 apenas uma escola, mas um ambiente de aprendizado, crescimento e descobertas para os estudantes da regi\u00e3o. A Educa\u00e7\u00e3o em Tempo Integral \u00e9 uma aposta no futuro, e o novo col\u00e9gio \u00e9 um exemplo do compromisso do governo em transformar vidas por meio da educa\u00e7\u00e3o\u201d.<\/p>\n<p><img loading=\"lazy\" class=\"aligncenter wp-image-152542\" src=\"https:\/\/www.blogdothame.blog.br\/v1\/wp-content\/uploads\/2023\/07\/colegio-feira-santana-1.jpg\" alt=\"\" width=\"399\" height=\"266\" srcset=\"https:\/\/www.blogdothame.blog.br\/v1\/wp-content\/uploads\/2023\/07\/colegio-feira-santana-1.jpg 600w, https:\/\/www.blogdothame.blog.br\/v1\/wp-content\/uploads\/2023\/07\/colegio-feira-santana-1-300x200.jpg 300w\" sizes=\"(max-width: 399px) 100vw, 399px\" \/><br \/>\nRetomada de obras e alfabetiza\u00e7\u00e3o infantil<\/p>\n<p>Durante o evento, o governador participou da apresenta\u00e7\u00e3o do Pacto pela Retomada de Obras da Educa\u00e7\u00e3o, ao lado dos ministros da Educa\u00e7\u00e3o, Camilo Santana; e da Casa Civil, Rui Costa. Jer\u00f4nimo assinou o protocolo de inten\u00e7\u00f5es para firmar a parceria entre o Governo Federal e o Governo da Bahia visando ampliar os investimentos na \u00e1rea educacional.<br \/>\n<img loading=\"lazy\" class=\"aligncenter wp-image-152543\" src=\"https:\/\/www.blogdothame.blog.br\/v1\/wp-content\/uploads\/2023\/07\/colegio-feira-santana-2.jpg\" alt=\"\" width=\"414\" height=\"276\" srcset=\"https:\/\/www.blogdothame.blog.br\/v1\/wp-content\/uploads\/2023\/07\/colegio-feira-santana-2.jpg 600w, https:\/\/www.blogdothame.blog.br\/v1\/wp-content\/uploads\/2023\/07\/colegio-feira-santana-2-300x200.jpg 300w\" sizes=\"(max-width: 414px) 100vw, 414px\" \/><br \/>\nSegundo o ministro Camilo, o Pacto visa possibilitar a conclus\u00e3o de mais de 3.500 obras de infraestrutura escolar paralisadas ou inacabadas em todo o pa\u00eds. A a\u00e7\u00e3o pode criar cerca de 450 mil vagas nas redes p\u00fablicas de ensino no Brasil, com um investimento previsto de quase R$ 4 bilh\u00f5es, entre 2023 e 2026.<\/p>\n<p>Sobre o pacto que prev\u00ea a retoma de obra de creches e escolas no pa\u00eds, o ministro da Casa Civil, Rui Costa, detalhou as metas do programa que vai contemplar 203 munic\u00edpios baianos. &#8220;S\u00e3o quase quatro mil escolas no Brasil. Na Bahia, esse n\u00famero chega a quase 400 unidades que estavam a\u00ed paralisadas, e n\u00f3s vamos retomar essas obras, para que, em cerca de um ano, crian\u00e7as e adolescentes possam ter escolas novas onde estudar e possam sonhar e projetar o seu futuro&#8221;, frisou.<\/p>\n<p><img loading=\"lazy\" class=\"aligncenter wp-image-152544\" src=\"https:\/\/www.blogdothame.blog.br\/v1\/wp-content\/uploads\/2023\/07\/colegio-feira-santana-4.jpg\" alt=\"\" width=\"431\" height=\"287\" srcset=\"https:\/\/www.blogdothame.blog.br\/v1\/wp-content\/uploads\/2023\/07\/colegio-feira-santana-4.jpg 600w, https:\/\/www.blogdothame.blog.br\/v1\/wp-content\/uploads\/2023\/07\/colegio-feira-santana-4-300x200.jpg 300w\" sizes=\"(max-width: 431px) 100vw, 431px\" \/><\/p>\n<p>Os ministros e o governador tamb\u00e9m assinaram o documento que garante a ades\u00e3o da Bahia ao programa do Governo Federal Crian\u00e7a Alfabetizada, que vai subsidiar a\u00e7\u00f5es concretas dos estados, munic\u00edpios e Distrito Federal para a promo\u00e7\u00e3o da alfabetiza\u00e7\u00e3o de todas as crian\u00e7as do pa\u00eds.<\/p>\n<p>Certifica\u00e7\u00e3o<\/p>\n<p>Al\u00e9m da inaugura\u00e7\u00e3o do novo col\u00e9gio e da apresenta\u00e7\u00e3o do Pacto, o governador Jer\u00f4nimo participou da solenidade de certifica\u00e7\u00e3o de 300 educandos do Projeto Educa Mais A\u00e7\u00e3o, uma iniciativa que capacita em \u00e1reas pr\u00e1ticas, com empregabilidade e oportunidade de presta\u00e7\u00e3o de servi\u00e7os, como penteados, designer de corte de cabelo, barbearia e panifica\u00e7\u00e3o.<\/p>\n<p>Entre o p\u00fablico atendido pela a\u00e7\u00e3o est\u00e3o jovens a partir de 17 anos, mulheres v\u00edtimas de viol\u00eancias e chefes de fam\u00edlia que est\u00e3o fora do mercado de trabalho ou sem fonte de gera\u00e7\u00e3o de renda.<\/p>\n<p>Inclus\u00e3o<\/p>\n<p>Na ocasi\u00e3o, o governador entregou tr\u00eas unidades do equipamento OrCam MyEye 2.0, destinado a estudantes da rede p\u00fablica cegos ou com baixa vis\u00e3o. Considerada a ferramenta mais avan\u00e7ada do mundo para prover assist\u00eancia e reabilita\u00e7\u00e3o de pessoas com defici\u00eancia visual, o dispositivo se anexa a um \u00f3culos convencional e faz a leitura autom\u00e1tica de diversos elementos apresentados, como textos, telas, rostos e objetos, melhorando a qualidade de vida dos usu\u00e1rios e promovendo inclus\u00e3o social.<\/p>\n<p>Fotos: Mateus Pereira\/GOVBA<\/p>\n","protected":false},"excerpt":{"rendered":"<p>&nbsp; Cerca de 1.300 alunos da rede estadual de Feira de Santana est\u00e3o de casa nova. Nesta segunda-feira (17), em visita ao munic\u00edpio, o governador Jer\u00f4nimo Rodrigues inaugurou mais um Col\u00e9gio de Educa\u00e7\u00e3o em Tempo Integral, com uma estrutura completa e moderna para proporcionar uma educa\u00e7\u00e3o de qualidade aos estudantes da regi\u00e3o. Mais de R$ [&hellip;]<\/p>\n","protected":false},"author":2,"featured_media":152539,"comment_status":"open","ping_status":"open","sticky":false,"template":"","format":"standard","meta":{"_links_to":"","_links_to_target":""},"categories":[33432],"tags":[18516,33968,358,16,638,12213,615],"_links":{"self":[{"href":"https:\/\/www.blogdothame.blog.br\/v1\/wp-json\/wp\/v2\/posts\/152538"}],"collection":[{"href":"https:\/\/www.blogdothame.blog.br\/v1\/wp-json\/wp\/v2\/posts"}],"about":[{"href":"https:\/\/www.blogdothame.blog.br\/v1\/wp-json\/wp\/v2\/types\/post"}],"author":[{"embeddable":true,"href":"https:\/\/www.blogdothame.blog.br\/v1\/wp-json\/wp\/v2\/users\/2"}],"replies":[{"embeddable":true,"href":"https:\/\/www.blogdothame.blog.br\/v1\/wp-json\/wp\/v2\/comments?post=152538"}],"version-history":[{"count":1,"href":"https:\/\/www.blogdothame.blog.br\/v1\/wp-json\/wp\/v2\/posts\/152538\/revisions"}],"predecessor-version":[{"id":152545,"href":"https:\/\/www.blogdothame.blog.br\/v1\/wp-json\/wp\/v2\/posts\/152538\/revisions\/152545"}],"wp:featuredmedia":[{"embeddable":true,"href":"https:\/\/www.blogdothame.blog.br\/v1\/wp-json\/wp\/v2\/media\/152539"}],"wp:attachment":[{"href":"https:\/\/www.blogdothame.blog.br\/v1\/wp-json\/wp\/v2\/media?parent=152538"}],"wp:term":[{"taxonomy":"category","embeddable":true,"href":"https:\/\/www.blogdothame.blog.br\/v1\/wp-json\/wp\/v2\/categories?post=152538"},{"taxonomy":"post_tag","embeddable":true,"href":"https:\/\/www.blogdothame.blog.br\/v1\/wp-json\/wp\/v2\/tags?post=152538"}],"curies":[{"name":"wp","href":"https:\/\/api.w.org\/{rel}","templated":true}]}}