{"id":15171,"date":"2023-12-12T08:13:51","date_gmt":"2023-12-12T11:13:51","guid":{"rendered":"http:\/\/www.blogdothame.blog.br\/v1\/?p=15171"},"modified":"2023-12-12T08:30:00","modified_gmt":"2023-12-12T11:30:00","slug":"no-ar-a-tv-cabralia","status":"publish","type":"post","link":"https:\/\/www.blogdothame.blog.br\/v1\/2023\/12\/12\/no-ar-a-tv-cabralia\/","title":{"rendered":"No ar, a TV Cabr\u00e1lia"},"content":{"rendered":"<h2 align=\"right\"><img loading=\"lazy\" class=\"aligncenter wp-image-157740\" src=\"https:\/\/www.blogdothame.blog.br\/v1\/wp-content\/uploads\/2023\/12\/cabralia.jpg\" alt=\"\" width=\"490\" height=\"215\" srcset=\"https:\/\/www.blogdothame.blog.br\/v1\/wp-content\/uploads\/2023\/12\/cabralia.jpg 600w, https:\/\/www.blogdothame.blog.br\/v1\/wp-content\/uploads\/2023\/12\/cabralia-300x132.jpg 300w\" sizes=\"(max-width: 490px) 100vw, 490px\" \/><\/h2>\n<h2 style=\"text-align: center;\" align=\"right\">No ar, a TV Cabr\u00e1lia<\/h2>\n<p align=\"right\"><strong><em>Daniel Thame<\/em><\/strong><\/p>\n<p>&nbsp;<\/p>\n<p><a href=\"http:\/\/www.blogdothame.blog.br\/v1\/wp-content\/uploads\/2012\/12\/cabralia-1.jpg\"><img loading=\"lazy\" class=\"alignleft size-full wp-image-15172\" title=\"cabralia 1\" src=\"http:\/\/www.blogdothame.blog.br\/v1\/wp-content\/uploads\/2012\/12\/cabralia-1.jpg\" alt=\"\" width=\"200\" height=\"174\" \/><\/a><img loading=\"lazy\" class=\"alignleft wp-image-69319\" src=\"http:\/\/www.blogdothame.blog.br\/v1\/wp-content\/uploads\/2012\/12\/Dt-w6news-279x300.jpg\" alt=\"Dt w6news\" width=\"159\" height=\"171\" srcset=\"https:\/\/www.blogdothame.blog.br\/v1\/wp-content\/uploads\/2012\/12\/Dt-w6news-279x300.jpg 279w, https:\/\/www.blogdothame.blog.br\/v1\/wp-content\/uploads\/2012\/12\/Dt-w6news.jpg 300w\" sizes=\"(max-width: 159px) 100vw, 159px\" \/>O m\u00eas era dezembro e o ano era 1987.<\/p>\n<p>Em Itabuna, todas as cores no ar anunciavam a chegada de uma nova esta\u00e7\u00e3o. N\u00e3o era o ver\u00e3o.<\/p>\n<p>Quem chegava -e l\u00e1 se v\u00e3o 36 anos- era a TV Cabr\u00e1lia, primeira emissora de televis\u00e3o do interior do Norte\/Nordeste, n\u00e3o apenas uma repetidora da programa\u00e7\u00e3o da Rede Manchete, a quem era afiliada.<\/p>\n<p>Mas uma emissora com programa\u00e7\u00e3o pr\u00f3pria, vida pr\u00f3pria e, principalmente, com a alma do Sul da Bahia.<\/p>\n<p>A chegada de TV Cabr\u00e1lia, como era de se esperar, gerou expectativa e euforia, numa civiliza\u00e7\u00e3o orgulhosa de seu fruto de ouro e de ter forjado o pr\u00f3prio desenvolvimento.<\/p>\n<p><img loading=\"lazy\" class=\"alignright size-full wp-image-122957\" src=\"https:\/\/www.blogdothame.blog.br\/v1\/wp-content\/uploads\/2021\/08\/nestor.jpg\" alt=\"\" width=\"282\" height=\"253\" \/>O fruto de ouro, dois anos depois, perderia seu brilho, esplendor e pujan\u00e7a por conta de uma doen\u00e7a com poderes de bruxa malvada.<\/p>\n<p>A TV Cabr\u00e1lia, s\u00edmbolo daquele tempo, atravessou sobressaltos, mas resistiu ao apocalipse econ\u00f4mico e social\u00a0 que as bruxarias provocaram, fez hist\u00f3ria. E que hist\u00f3ria.<\/p>\n<p>Come\u00e7ou como afiliada da Rede Manchete, depois SBT e, adquirida pela Igreja Universal do Reino de Deus, passou pela\u00a0 fugaz\u00a0 Rede Familia, teve uma incipiente fase na Rede Mulher e hoje integra a Rede Record.<\/p>\n<p>\u00c9 poss\u00edvel dizer que mudou sem mudar, porque ao longo destas quase quatro d\u00e9cadas, continua sendo o que sempre se prop\u00f4s a ser: uma televis\u00e3o com a cara e as cores do Sul da Bahia, com uma profunda identidade regional.<\/p>\n<p><img loading=\"lazy\" class=\" wp-image-35377\" src=\"https:\/\/www.blogdothame.blog.br\/v1\/wp-content\/uploads\/2014\/12\/tv-cabralia.jpg\" alt=\"\" width=\"359\" height=\"268\" srcset=\"https:\/\/www.blogdothame.blog.br\/v1\/wp-content\/uploads\/2014\/12\/tv-cabralia.jpg 1003w, https:\/\/www.blogdothame.blog.br\/v1\/wp-content\/uploads\/2014\/12\/tv-cabralia-300x224.jpg 300w\" sizes=\"(max-width: 359px) 100vw, 359px\" \/><\/p>\n<p>Gestada pelo esp\u00edrito empreendedor do Dr. Luiz Viana Neto e que ganhou forma nas m\u00e3os do vision\u00e1rio Nestor Amazonas, a TV Cabr\u00e1lia, al\u00e9m de acompanhar os principais acontecimentos e se envolver nas grandes causas sulbaianas nestes 36 anos, foi uma esp\u00e9cie de escola de profissionais de televis\u00e3o, profiss\u00e3o at\u00e9 ent\u00e3o inexistente por essas plagas amadianas e\/ou pragas vassorianas, com o perd\u00e3o do trocadilho irresist\u00edvel.<\/p>\n<p>&nbsp;<\/p>\n<p>Vilma Medina, Mauricio Maron, Claudia Barthel,\u00a0 Selma Aguiar,\u00a0 Paula Maciel, Eduardo Lins, Roger Sarmento, Napole\u00e3o Fernandez, Madalena Braga, Andrea Silva, Adriana Quadros, Valdenor Ferreira, Renata Smith,\u00a0 Delza Schaun, Iruman Contreiras, Junior Patente, Ramiro Aquino, Paulo Lavinsky, C\u00edcero Dantas, Jota Borges, Roger Sarmento, Barbosa Filho, \u00a0Adriana Dantas, Tom Ribeiro, Carlos Barbosa, \u00a0Auriana Bacelar.<\/p>\n<p>&nbsp;<\/p>\n<p>Uma sele\u00e7\u00e3o do melhor jornalismo, em qualidade e comprometimento com a profiss\u00e3o.<\/p>\n<p>No comercial, Rui Carvalho , os saudosos\u00a0 Rog\u00e9lio Duran e Carlos Hellstrom;\u00a0 Cristine Ribeiro.<\/p>\n<p>Gente que fez hist\u00f3ria neste que \u00e9 um momento hist\u00f3rico para as telecomunica\u00e7\u00f5es baianas.<\/p>\n<p>36 anos neste dezembro de 2023. E que venham os 50, os 75, os 100 anos dessa TV Cabr\u00e1lia que \u00e9 e sempre ser\u00e1 o nosso primeiro amor.<\/p>\n<p>&nbsp;<\/p>\n<p align=\"right\"><em>(*) Daniel Thame, paulista de Osasco, radicado h\u00e1 30 anos em Itabuna, foi gerente de jornalismo da TV Cabr\u00e1lia \u00a0desde a sua funda\u00e7\u00e3o em 1987 at\u00e9 o ano 2000. \u00c9 tamb\u00e9m o primeiro funcion\u00e1rio registrado da emissora, o que n\u00e3o \u00e9 muita coisa, mas tamb\u00e9m \u00e9 muita coisa.<\/em><\/p>\n<p>&nbsp;<\/p>\n","protected":false},"excerpt":{"rendered":"<p>No ar, a TV Cabr\u00e1lia Daniel Thame &nbsp; O m\u00eas era dezembro e o ano era 1987. Em Itabuna, todas as cores no ar anunciavam a chegada de uma nova esta\u00e7\u00e3o. N\u00e3o era o ver\u00e3o. Quem chegava -e l\u00e1 se v\u00e3o 36 anos- era a TV Cabr\u00e1lia, primeira emissora de televis\u00e3o do interior do Norte\/Nordeste, [&hellip;]<\/p>\n","protected":false},"author":2,"featured_media":15172,"comment_status":"open","ping_status":"open","sticky":false,"template":"","format":"standard","meta":{"_links_to":"","_links_to_target":""},"categories":[33432],"tags":[751,718,1165,327],"_links":{"self":[{"href":"https:\/\/www.blogdothame.blog.br\/v1\/wp-json\/wp\/v2\/posts\/15171"}],"collection":[{"href":"https:\/\/www.blogdothame.blog.br\/v1\/wp-json\/wp\/v2\/posts"}],"about":[{"href":"https:\/\/www.blogdothame.blog.br\/v1\/wp-json\/wp\/v2\/types\/post"}],"author":[{"embeddable":true,"href":"https:\/\/www.blogdothame.blog.br\/v1\/wp-json\/wp\/v2\/users\/2"}],"replies":[{"embeddable":true,"href":"https:\/\/www.blogdothame.blog.br\/v1\/wp-json\/wp\/v2\/comments?post=15171"}],"version-history":[{"count":12,"href":"https:\/\/www.blogdothame.blog.br\/v1\/wp-json\/wp\/v2\/posts\/15171\/revisions"}],"predecessor-version":[{"id":157742,"href":"https:\/\/www.blogdothame.blog.br\/v1\/wp-json\/wp\/v2\/posts\/15171\/revisions\/157742"}],"wp:featuredmedia":[{"embeddable":true,"href":"https:\/\/www.blogdothame.blog.br\/v1\/wp-json\/wp\/v2\/media\/15172"}],"wp:attachment":[{"href":"https:\/\/www.blogdothame.blog.br\/v1\/wp-json\/wp\/v2\/media?parent=15171"}],"wp:term":[{"taxonomy":"category","embeddable":true,"href":"https:\/\/www.blogdothame.blog.br\/v1\/wp-json\/wp\/v2\/categories?post=15171"},{"taxonomy":"post_tag","embeddable":true,"href":"https:\/\/www.blogdothame.blog.br\/v1\/wp-json\/wp\/v2\/tags?post=15171"}],"curies":[{"name":"wp","href":"https:\/\/api.w.org\/{rel}","templated":true}]}}