{"id":150882,"date":"2023-05-31T16:30:26","date_gmt":"2023-05-31T19:30:26","guid":{"rendered":"http:\/\/www.blogdothame.blog.br\/v1\/?p=150882"},"modified":"2023-05-31T10:17:40","modified_gmt":"2023-05-31T13:17:40","slug":"seminario-marca-40-anos-do-iat-e-levanta-debate-sobre-formacao-inovacao-e-producao-do-conhecimento","status":"publish","type":"post","link":"https:\/\/www.blogdothame.blog.br\/v1\/2023\/05\/31\/seminario-marca-40-anos-do-iat-e-levanta-debate-sobre-formacao-inovacao-e-producao-do-conhecimento\/","title":{"rendered":"Semin\u00e1rio marca 40 anos do IAT e levanta debate sobre forma\u00e7\u00e3o, inova\u00e7\u00e3o e produ\u00e7\u00e3o do conhecimento"},"content":{"rendered":"<p>&nbsp;<\/p>\n<p>&nbsp;<\/p>\n<p><img loading=\"lazy\" class=\"alignright size-medium wp-image-150883\" src=\"http:\/\/www.blogdothame.blog.br\/v1\/wp-content\/uploads\/2023\/05\/iat-40-anos-300x300.jpg\" alt=\"\" width=\"300\" height=\"300\" srcset=\"https:\/\/www.blogdothame.blog.br\/v1\/wp-content\/uploads\/2023\/05\/iat-40-anos-300x300.jpg 300w, https:\/\/www.blogdothame.blog.br\/v1\/wp-content\/uploads\/2023\/05\/iat-40-anos-150x150.jpg 150w, https:\/\/www.blogdothame.blog.br\/v1\/wp-content\/uploads\/2023\/05\/iat-40-anos.jpg 640w\" sizes=\"(max-width: 300px) 100vw, 300px\" \/>Refer\u00eancia nacional na forma\u00e7\u00e3o de profissionais da educa\u00e7\u00e3o, o Instituto An\u00edsio Teixeira comemora, nesta quinta-feira (1\u00ba), 40 anos de exist\u00eancia. Para marcar a quarta d\u00e9cada de exist\u00eancia, a Secretaria da Educa\u00e7\u00e3o do Estado da Bahia realiza o Semin\u00e1rio IAT 40 anos, que traz uma vasta programa\u00e7\u00e3o com palestra e mesas-redondas, com tem\u00e1ticas que levantam di\u00e1logos sobre forma\u00e7\u00e3o dos profissionais da educa\u00e7\u00e3o, inova\u00e7\u00f5es e tecnologias educacionais e, tamb\u00e9m, a produ\u00e7\u00e3o e difus\u00e3o do conhecimento. O Semin\u00e1rio acontece na sede do IAT, em Salvador.<\/p>\n<p>A palestra Magna ser\u00e1 proferida por Roseli de Deus Lopes, da Universidade de S\u00e3o Paulo (USP) com a tem\u00e1tica &#8220;Inovar na forma\u00e7\u00e3o para formar cidad\u00e3os protagonistas de sua hist\u00f3ria&#8221;. Nas mesas-redondas est\u00e3o confirmadas as participa\u00e7\u00f5es de Denise Guerra (UFBA), Jo\u00e3o Danilo (FEE-BA), Lynn Alves (UFBA), Tha\u00ecs Eastwood, da Rede Brasileira de Aprendizagem Criativa (RBAC), entre outros nomes importantes da educa\u00e7\u00e3o baiana e nacional.<\/p>\n","protected":false},"excerpt":{"rendered":"<p>&nbsp; &nbsp; Refer\u00eancia nacional na forma\u00e7\u00e3o de profissionais da educa\u00e7\u00e3o, o Instituto An\u00edsio Teixeira comemora, nesta quinta-feira (1\u00ba), 40 anos de exist\u00eancia. Para marcar a quarta d\u00e9cada de exist\u00eancia, a Secretaria da Educa\u00e7\u00e3o do Estado da Bahia realiza o Semin\u00e1rio IAT 40 anos, que traz uma vasta programa\u00e7\u00e3o com palestra e mesas-redondas, com tem\u00e1ticas que [&hellip;]<\/p>\n","protected":false},"author":2,"featured_media":150883,"comment_status":"open","ping_status":"open","sticky":false,"template":"","format":"standard","meta":{"_links_to":"","_links_to_target":""},"categories":[1],"tags":[6548,51,13015],"_links":{"self":[{"href":"https:\/\/www.blogdothame.blog.br\/v1\/wp-json\/wp\/v2\/posts\/150882"}],"collection":[{"href":"https:\/\/www.blogdothame.blog.br\/v1\/wp-json\/wp\/v2\/posts"}],"about":[{"href":"https:\/\/www.blogdothame.blog.br\/v1\/wp-json\/wp\/v2\/types\/post"}],"author":[{"embeddable":true,"href":"https:\/\/www.blogdothame.blog.br\/v1\/wp-json\/wp\/v2\/users\/2"}],"replies":[{"embeddable":true,"href":"https:\/\/www.blogdothame.blog.br\/v1\/wp-json\/wp\/v2\/comments?post=150882"}],"version-history":[{"count":1,"href":"https:\/\/www.blogdothame.blog.br\/v1\/wp-json\/wp\/v2\/posts\/150882\/revisions"}],"predecessor-version":[{"id":150884,"href":"https:\/\/www.blogdothame.blog.br\/v1\/wp-json\/wp\/v2\/posts\/150882\/revisions\/150884"}],"wp:featuredmedia":[{"embeddable":true,"href":"https:\/\/www.blogdothame.blog.br\/v1\/wp-json\/wp\/v2\/media\/150883"}],"wp:attachment":[{"href":"https:\/\/www.blogdothame.blog.br\/v1\/wp-json\/wp\/v2\/media?parent=150882"}],"wp:term":[{"taxonomy":"category","embeddable":true,"href":"https:\/\/www.blogdothame.blog.br\/v1\/wp-json\/wp\/v2\/categories?post=150882"},{"taxonomy":"post_tag","embeddable":true,"href":"https:\/\/www.blogdothame.blog.br\/v1\/wp-json\/wp\/v2\/tags?post=150882"}],"curies":[{"name":"wp","href":"https:\/\/api.w.org\/{rel}","templated":true}]}}