{"id":150764,"date":"2023-05-30T08:30:17","date_gmt":"2023-05-30T11:30:17","guid":{"rendered":"http:\/\/www.blogdothame.blog.br\/v1\/?p=150764"},"modified":"2023-05-29T14:33:51","modified_gmt":"2023-05-29T17:33:51","slug":"agricultores-familiares-de-itabuna-iniciam-colheita-do-milho-de-sao-joao","status":"publish","type":"post","link":"https:\/\/www.blogdothame.blog.br\/v1\/2023\/05\/30\/agricultores-familiares-de-itabuna-iniciam-colheita-do-milho-de-sao-joao\/","title":{"rendered":"Agricultores familiares de Itabuna iniciam  colheita  do milho de S\u00e3o Jo\u00e3o"},"content":{"rendered":"<p><img loading=\"lazy\" class=\"aligncenter size-full wp-image-150765\" src=\"http:\/\/www.blogdothame.blog.br\/v1\/wp-content\/uploads\/2023\/05\/milho-tabocas.jpeg\" alt=\"\" width=\"410\" height=\"308\" srcset=\"https:\/\/www.blogdothame.blog.br\/v1\/wp-content\/uploads\/2023\/05\/milho-tabocas.jpeg 410w, https:\/\/www.blogdothame.blog.br\/v1\/wp-content\/uploads\/2023\/05\/milho-tabocas-300x225.jpeg 300w\" sizes=\"(max-width: 410px) 100vw, 410px\" \/><\/p>\n<p>Agricultores familiares de Itabuna iniciam nesta quarta-feira, dia 31, \u00e0s 9 horas, na Associa\u00e7\u00e3o Grapi\u00fana dos Agricultores Familiares (AGRAFAM), nas imedia\u00e7\u00f5es do semianel rodovi\u00e1rio, a colheita do milho de S\u00e3o Jo\u00e3o, com ato simb\u00f3lico.<\/p>\n<p>Acompanhados de uma equipe t\u00e9cnica da Secretaria de Agricultura e Meio Ambiente (SEAGRIMA) e pelo secret\u00e1rio Moacir Smith Lima, que estar\u00e1 presente, esta primeira colheita do milho resulta da distribui\u00e7\u00e3o de sementes melhoradas, doadas em mar\u00e7o pela administra\u00e7\u00e3o do prefeito Augusto Castro (PSD) nos festejos do padroeiro S\u00e3o Jos\u00e9.<\/p>\n<p>Pelo terceiro ano consecutivo a Prefeitura de Itabuna doou cerca de 500 quilos de sementes de milho para agricultores familiares que integram 17 associa\u00e7\u00f5es. O secret\u00e1rio Moacir Smith Lima lembrou que o diferencial destas sementes \u00e9 que apresenta melhoramento gen\u00e9tico, o que garante qualidade ao produto final.<\/p>\n","protected":false},"excerpt":{"rendered":"<p>Agricultores familiares de Itabuna iniciam nesta quarta-feira, dia 31, \u00e0s 9 horas, na Associa\u00e7\u00e3o Grapi\u00fana dos Agricultores Familiares (AGRAFAM), nas imedia\u00e7\u00f5es do semianel rodovi\u00e1rio, a colheita do milho de S\u00e3o Jo\u00e3o, com ato simb\u00f3lico. Acompanhados de uma equipe t\u00e9cnica da Secretaria de Agricultura e Meio Ambiente (SEAGRIMA) e pelo secret\u00e1rio Moacir Smith Lima, que estar\u00e1 [&hellip;]<\/p>\n","protected":false},"author":2,"featured_media":150765,"comment_status":"open","ping_status":"open","sticky":false,"template":"","format":"standard","meta":{"_links_to":"","_links_to_target":""},"categories":[33434],"tags":[311,39,35452],"_links":{"self":[{"href":"https:\/\/www.blogdothame.blog.br\/v1\/wp-json\/wp\/v2\/posts\/150764"}],"collection":[{"href":"https:\/\/www.blogdothame.blog.br\/v1\/wp-json\/wp\/v2\/posts"}],"about":[{"href":"https:\/\/www.blogdothame.blog.br\/v1\/wp-json\/wp\/v2\/types\/post"}],"author":[{"embeddable":true,"href":"https:\/\/www.blogdothame.blog.br\/v1\/wp-json\/wp\/v2\/users\/2"}],"replies":[{"embeddable":true,"href":"https:\/\/www.blogdothame.blog.br\/v1\/wp-json\/wp\/v2\/comments?post=150764"}],"version-history":[{"count":1,"href":"https:\/\/www.blogdothame.blog.br\/v1\/wp-json\/wp\/v2\/posts\/150764\/revisions"}],"predecessor-version":[{"id":150766,"href":"https:\/\/www.blogdothame.blog.br\/v1\/wp-json\/wp\/v2\/posts\/150764\/revisions\/150766"}],"wp:featuredmedia":[{"embeddable":true,"href":"https:\/\/www.blogdothame.blog.br\/v1\/wp-json\/wp\/v2\/media\/150765"}],"wp:attachment":[{"href":"https:\/\/www.blogdothame.blog.br\/v1\/wp-json\/wp\/v2\/media?parent=150764"}],"wp:term":[{"taxonomy":"category","embeddable":true,"href":"https:\/\/www.blogdothame.blog.br\/v1\/wp-json\/wp\/v2\/categories?post=150764"},{"taxonomy":"post_tag","embeddable":true,"href":"https:\/\/www.blogdothame.blog.br\/v1\/wp-json\/wp\/v2\/tags?post=150764"}],"curies":[{"name":"wp","href":"https:\/\/api.w.org\/{rel}","templated":true}]}}