{"id":150640,"date":"2023-05-26T10:13:26","date_gmt":"2023-05-26T13:13:26","guid":{"rendered":"http:\/\/www.blogdothame.blog.br\/v1\/?p=150640"},"modified":"2023-05-26T09:01:26","modified_gmt":"2023-05-26T12:01:26","slug":"hospital-de-base-recebe-visita-dos-coordenadores-do-projeto-lean-nas-emergencias-do-sirio-libanes-de-sao-paulo","status":"publish","type":"post","link":"https:\/\/www.blogdothame.blog.br\/v1\/2023\/05\/26\/hospital-de-base-recebe-visita-dos-coordenadores-do-projeto-lean-nas-emergencias-do-sirio-libanes-de-sao-paulo\/","title":{"rendered":"Hospital de Base recebe visita dos coordenadores do Projeto LEAN nas Emerg\u00eancias do S\u00edrio-Liban\u00eas de S\u00e3o Paulo"},"content":{"rendered":"<p><img loading=\"lazy\" class=\"aligncenter wp-image-150641\" src=\"http:\/\/www.blogdothame.blog.br\/v1\/wp-content\/uploads\/2023\/05\/lean-base.jpeg\" alt=\"\" width=\"423\" height=\"190\" srcset=\"https:\/\/www.blogdothame.blog.br\/v1\/wp-content\/uploads\/2023\/05\/lean-base.jpeg 1024w, https:\/\/www.blogdothame.blog.br\/v1\/wp-content\/uploads\/2023\/05\/lean-base-300x135.jpeg 300w, https:\/\/www.blogdothame.blog.br\/v1\/wp-content\/uploads\/2023\/05\/lean-base-768x346.jpeg 768w\" sizes=\"(max-width: 423px) 100vw, 423px\" \/><\/p>\n<p>&nbsp;<\/p>\n<p>O Hospital de Base Lu\u00eds Eduardo Magalh\u00e3es, institui\u00e7\u00e3o administrada pela Funda\u00e7\u00e3o de Aten\u00e7\u00e3o \u00e0 Sa\u00fade de Itabuna (FASI), recebeu nesta semana, os coordenadores do Projeto LEAN nas Emerg\u00eancias do Hospital S\u00edrio Liban\u00eas de S\u00e3o Paulo. Eles foram recebidos pelo presidente da FASI, Roberto Pacheco Junior, e dirigentes m\u00e9dicos.<\/p>\n<p>O m\u00e9dico Rasivel dos Reis Santos J\u00fanior e o consultor N\u00edcolas Marcelino realizaram uma visita t\u00e9cnica para avaliar o pedido da unidade hospitalar itabunense para participar do Projeto Transforma\u00e7\u00e3o LEAN, considerada a segunda fase do LEAN nas Emerg\u00eancias.<\/p>\n<p><img loading=\"lazy\" class=\"aligncenter wp-image-150642\" src=\"http:\/\/www.blogdothame.blog.br\/v1\/wp-content\/uploads\/2023\/05\/lean-base-2.jpeg\" alt=\"\" width=\"407\" height=\"183\" srcset=\"https:\/\/www.blogdothame.blog.br\/v1\/wp-content\/uploads\/2023\/05\/lean-base-2.jpeg 640w, https:\/\/www.blogdothame.blog.br\/v1\/wp-content\/uploads\/2023\/05\/lean-base-2-300x135.jpeg 300w\" sizes=\"(max-width: 407px) 100vw, 407px\" \/><\/p>\n<p>Na primeira fase do projeto, o Hospital de Base foi acompanhado por uma equipe do Hospital Benefic\u00eancia Portuguesa, tamb\u00e9m de S\u00e3o Paulo, que introduziu a metodologia LEAN com o objetivo de reduzir a superlota\u00e7\u00e3o do Pronto-Socorro.<\/p>\n<p><!--more--><\/p>\n<p>J\u00e1 o Projeto Transforma\u00e7\u00e3o LEAN \u00e9 realizado exclusivamente pelo S\u00edrio-Liban\u00eas e na segunda fase o foco ser\u00e1 trabalhar mais nas unidades de destino dos pacientes que passam pelo Pronto Socorro: o Centro Cir\u00fargico, as Unidades de Interna\u00e7\u00e3o Cl\u00ednica e Cir\u00fargica, e as Unidades de Terapia Intensiva.<\/p>\n<p>\u201cA gente vem trazer o que chamamos de \u2018sistema puxado\u2019, que \u00e9 orientar as unidades de interna\u00e7\u00e3o a trabalhar com a previs\u00e3o, programa\u00e7\u00e3o e assertividade das altas hospitalares\u201d, pontuou Rasivel J\u00fanior.<\/p>\n<p>A finalidade \u00e9 fazer com que a sa\u00edda desses pacientes, puxe aqueles pacientes que est\u00e3o aguardando interna\u00e7\u00e3o dentro do Pronto-Socorro. \u201cDessa forma a gente d\u00e1 sustenta\u00e7\u00e3o para as mudan\u00e7as que se iniciaram na primeira fase\u201d, destacou.<\/p>\n<p>Na oportunidade, os coordenadores disseram que o Hospital de Base vem mantendo as ferramentas trazidas pelo Projeto LEAN nas Emerg\u00eancias. \u201c\u00c9 uma equipe muito engajada, envolvida, preocupada com o bem-estar dos pacientes e com a organiza\u00e7\u00e3o dos servi\u00e7os\u201d, elogiou N\u00edcolas Marcelino, o outro coordenador.<\/p>\n<p>Pelas conversas, abordagens realizadas e pelo envolvimento das pessoas, o m\u00e9dico diz n\u00e3o ter d\u00favidas de que o Hospital de Base se beneficiar\u00e1 com o Projeto Transforma\u00e7\u00e3o LEAN. \u201cVamos levar as informa\u00e7\u00f5es para o Minist\u00e9rio da Sa\u00fade que o hospital possui todas as condi\u00e7\u00f5es para participar da fase II e merece\u201d, concluiu ele.<\/p>\n<p>O projeto LEAN nas Emerg\u00eancias visa diminuir a superlota\u00e7\u00e3o na unidade de urg\u00eancia e emerg\u00eancia e faz parte de projeto Minist\u00e9rio da Sa\u00fade, atrav\u00e9s do Programa de Apoio ao Desenvolvimento Institucional do Sistema \u00danico de Sa\u00fade (PROADI-SUS), em parceria com tr\u00eas hospitais de excel\u00eancia, que replicam esse conhecimento: S\u00edrio-Liban\u00eas e Benefic\u00eancia Portuguesa, em S\u00e3o Paulo, e Moinho de Vento, no Rio Grande do Sul.<\/p>\n<p>Al\u00e9m do diretor-presidente da FASI, Roberto Pacheco Jr, est\u00e3o entusiasmados com a possibilidade de o Hospital de Base ingressar na segunda fase do Projeto LEAN o supervisor administrativo-financeiro, Vladson Cruz, o diretor t\u00e9cnico-m\u00e9dico, Paulo Medaur, e o supervisor m\u00e9dico da unidade hospitalar, Fernando Alves Jr. , que prestigiaram o encontro.<\/p>\n","protected":false},"excerpt":{"rendered":"<p>&nbsp; O Hospital de Base Lu\u00eds Eduardo Magalh\u00e3es, institui\u00e7\u00e3o administrada pela Funda\u00e7\u00e3o de Aten\u00e7\u00e3o \u00e0 Sa\u00fade de Itabuna (FASI), recebeu nesta semana, os coordenadores do Projeto LEAN nas Emerg\u00eancias do Hospital S\u00edrio Liban\u00eas de S\u00e3o Paulo. Eles foram recebidos pelo presidente da FASI, Roberto Pacheco Junior, e dirigentes m\u00e9dicos. O m\u00e9dico Rasivel dos Reis Santos [&hellip;]<\/p>\n","protected":false},"author":2,"featured_media":150641,"comment_status":"open","ping_status":"open","sticky":false,"template":"","format":"standard","meta":{"_links_to":"","_links_to_target":""},"categories":[33433],"tags":[7496,1783,32542],"_links":{"self":[{"href":"https:\/\/www.blogdothame.blog.br\/v1\/wp-json\/wp\/v2\/posts\/150640"}],"collection":[{"href":"https:\/\/www.blogdothame.blog.br\/v1\/wp-json\/wp\/v2\/posts"}],"about":[{"href":"https:\/\/www.blogdothame.blog.br\/v1\/wp-json\/wp\/v2\/types\/post"}],"author":[{"embeddable":true,"href":"https:\/\/www.blogdothame.blog.br\/v1\/wp-json\/wp\/v2\/users\/2"}],"replies":[{"embeddable":true,"href":"https:\/\/www.blogdothame.blog.br\/v1\/wp-json\/wp\/v2\/comments?post=150640"}],"version-history":[{"count":1,"href":"https:\/\/www.blogdothame.blog.br\/v1\/wp-json\/wp\/v2\/posts\/150640\/revisions"}],"predecessor-version":[{"id":150643,"href":"https:\/\/www.blogdothame.blog.br\/v1\/wp-json\/wp\/v2\/posts\/150640\/revisions\/150643"}],"wp:featuredmedia":[{"embeddable":true,"href":"https:\/\/www.blogdothame.blog.br\/v1\/wp-json\/wp\/v2\/media\/150641"}],"wp:attachment":[{"href":"https:\/\/www.blogdothame.blog.br\/v1\/wp-json\/wp\/v2\/media?parent=150640"}],"wp:term":[{"taxonomy":"category","embeddable":true,"href":"https:\/\/www.blogdothame.blog.br\/v1\/wp-json\/wp\/v2\/categories?post=150640"},{"taxonomy":"post_tag","embeddable":true,"href":"https:\/\/www.blogdothame.blog.br\/v1\/wp-json\/wp\/v2\/tags?post=150640"}],"curies":[{"name":"wp","href":"https:\/\/api.w.org\/{rel}","templated":true}]}}