{"id":150500,"date":"2023-05-23T11:08:11","date_gmt":"2023-05-23T14:08:11","guid":{"rendered":"http:\/\/www.blogdothame.blog.br\/v1\/?p=150500"},"modified":"2023-05-23T09:13:19","modified_gmt":"2023-05-23T12:13:19","slug":"em-brasilia-wenceslau-junior-apresenta-1o-centro-de-economia-solidaria-digital-do-pais","status":"publish","type":"post","link":"https:\/\/www.blogdothame.blog.br\/v1\/2023\/05\/23\/em-brasilia-wenceslau-junior-apresenta-1o-centro-de-economia-solidaria-digital-do-pais\/","title":{"rendered":"Em Bras\u00edlia, Wenceslau Junior apresenta 1o. Centro de Economia Solid\u00e1ria Digital do pa\u00eds"},"content":{"rendered":"<div id=\"attachment_150501\" style=\"width: 430px\" class=\"wp-caption aligncenter\"><img aria-describedby=\"caption-attachment-150501\" loading=\"lazy\" class=\" wp-image-150501\" src=\"http:\/\/www.blogdothame.blog.br\/v1\/wp-content\/uploads\/2023\/05\/Wences-BSB.jpg\" alt=\"\" width=\"420\" height=\"315\" srcset=\"https:\/\/www.blogdothame.blog.br\/v1\/wp-content\/uploads\/2023\/05\/Wences-BSB.jpg 780w, https:\/\/www.blogdothame.blog.br\/v1\/wp-content\/uploads\/2023\/05\/Wences-BSB-300x225.jpg 300w, https:\/\/www.blogdothame.blog.br\/v1\/wp-content\/uploads\/2023\/05\/Wences-BSB-768x576.jpg 768w\" sizes=\"(max-width: 420px) 100vw, 420px\" \/><p id=\"caption-attachment-150501\" class=\"wp-caption-text\">Wenceslau J\u00fanior em audi\u00eancia com secret\u00e1rio In\u00e1cio Arruda (ao centro) e David Santos || Foto Divulga\u00e7\u00e3o<\/p><\/div>\n<p>O superintendente de Economia Solid\u00e1ria e Cooperativismo da Secretaria Estadual do Trabalho, Emprego, Renda e Esporte (Setre), Wenceslau Junior, teve audi\u00eancia em Bras\u00edlia para captar investimentos e apoio do governo federal para as pol\u00edticas de economia solid\u00e1ria na Bahia. Nesta segunda-feira (22), o superintendente teve audi\u00eancia com o secret\u00e1rio de Ci\u00eancia e Tecnologia para o Desenvolvimento Social, In\u00e1cio Arruda, a quem apresentou o primeiro Centro P\u00fablico de Economia Solid\u00e1ria Digital.<\/p>\n<p>O equipamento, afirma o superintendente, ter\u00e1 como miss\u00e3o prestar assist\u00eancia t\u00e9cnica remota aos empreendimentos econ\u00f4micos solid\u00e1rios, a exemplo de grupos, associa\u00e7\u00f5es e cooperativas. \u00c9 o primeiro do pa\u00eds nesta modalidade, segundo o superintendente. \u201cA Bahia destaca-se porque prima por inovar e acompanhar as novas tecnologias sem perder os princ\u00edpios da economia solid\u00e1ria\u201d, afirmou Wenceslau.<\/p>\n<p>Para Wenceslau, o perfil de inova\u00e7\u00e3o da Bahia tornou o estado refer\u00eancia nacional em economia solid\u00e1ria. \u201cMas \u00e9 s\u00e1bio e necess\u00e1rio dizer que ainda temos um longo caminhar para atingir nossos objetivos, e um deles \u00e9 ajudar o pa\u00eds na reconstru\u00e7\u00e3o social e econ\u00f4mica \u2013 disse Wenceslau, que, na audi\u00eancia, esteve acompanhado do coordenador de Tecnologia Social e Economia Solid\u00e1ria, David Santos, tamb\u00e9m participou da audi\u00eancia com o secretario nacional.<\/p>\n<p>&nbsp;<\/p>\n","protected":false},"excerpt":{"rendered":"<p>O superintendente de Economia Solid\u00e1ria e Cooperativismo da Secretaria Estadual do Trabalho, Emprego, Renda e Esporte (Setre), Wenceslau Junior, teve audi\u00eancia em Bras\u00edlia para captar investimentos e apoio do governo federal para as pol\u00edticas de economia solid\u00e1ria na Bahia. Nesta segunda-feira (22), o superintendente teve audi\u00eancia com o secret\u00e1rio de Ci\u00eancia e Tecnologia para o [&hellip;]<\/p>\n","protected":false},"author":2,"featured_media":150501,"comment_status":"open","ping_status":"open","sticky":false,"template":"","format":"standard","meta":{"_links_to":"","_links_to_target":""},"categories":[33434],"tags":[51,77,35403,12612,844],"_links":{"self":[{"href":"https:\/\/www.blogdothame.blog.br\/v1\/wp-json\/wp\/v2\/posts\/150500"}],"collection":[{"href":"https:\/\/www.blogdothame.blog.br\/v1\/wp-json\/wp\/v2\/posts"}],"about":[{"href":"https:\/\/www.blogdothame.blog.br\/v1\/wp-json\/wp\/v2\/types\/post"}],"author":[{"embeddable":true,"href":"https:\/\/www.blogdothame.blog.br\/v1\/wp-json\/wp\/v2\/users\/2"}],"replies":[{"embeddable":true,"href":"https:\/\/www.blogdothame.blog.br\/v1\/wp-json\/wp\/v2\/comments?post=150500"}],"version-history":[{"count":1,"href":"https:\/\/www.blogdothame.blog.br\/v1\/wp-json\/wp\/v2\/posts\/150500\/revisions"}],"predecessor-version":[{"id":150502,"href":"https:\/\/www.blogdothame.blog.br\/v1\/wp-json\/wp\/v2\/posts\/150500\/revisions\/150502"}],"wp:featuredmedia":[{"embeddable":true,"href":"https:\/\/www.blogdothame.blog.br\/v1\/wp-json\/wp\/v2\/media\/150501"}],"wp:attachment":[{"href":"https:\/\/www.blogdothame.blog.br\/v1\/wp-json\/wp\/v2\/media?parent=150500"}],"wp:term":[{"taxonomy":"category","embeddable":true,"href":"https:\/\/www.blogdothame.blog.br\/v1\/wp-json\/wp\/v2\/categories?post=150500"},{"taxonomy":"post_tag","embeddable":true,"href":"https:\/\/www.blogdothame.blog.br\/v1\/wp-json\/wp\/v2\/tags?post=150500"}],"curies":[{"name":"wp","href":"https:\/\/api.w.org\/{rel}","templated":true}]}}