{"id":150415,"date":"2023-05-19T17:27:54","date_gmt":"2023-05-19T20:27:54","guid":{"rendered":"http:\/\/www.blogdothame.blog.br\/v1\/?p=150415"},"modified":"2023-05-19T18:29:50","modified_gmt":"2023-05-19T21:29:50","slug":"familia-davs-e-atracao-do-congresso-da-familia-da-teosopolis","status":"publish","type":"post","link":"https:\/\/www.blogdothame.blog.br\/v1\/2023\/05\/19\/familia-davs-e-atracao-do-congresso-da-familia-da-teosopolis\/","title":{"rendered":"Fam\u00edlia Davs \u00e9 atra\u00e7\u00e3o do Congresso da Fam\u00edlia da Teos\u00f3polis"},"content":{"rendered":"<p><img loading=\"lazy\" class=\"size-medium wp-image-150416 aligncenter\" src=\"http:\/\/www.blogdothame.blog.br\/v1\/wp-content\/uploads\/2023\/05\/4EF14268-7471-4CBD-BF4C-FEDE3137BC2E-252x300.jpeg\" alt=\"\" width=\"252\" height=\"300\" srcset=\"https:\/\/www.blogdothame.blog.br\/v1\/wp-content\/uploads\/2023\/05\/4EF14268-7471-4CBD-BF4C-FEDE3137BC2E-252x300.jpeg 252w, https:\/\/www.blogdothame.blog.br\/v1\/wp-content\/uploads\/2023\/05\/4EF14268-7471-4CBD-BF4C-FEDE3137BC2E-768x913.jpeg 768w, https:\/\/www.blogdothame.blog.br\/v1\/wp-content\/uploads\/2023\/05\/4EF14268-7471-4CBD-BF4C-FEDE3137BC2E.jpeg 825w\" sizes=\"(max-width: 252px) 100vw, 252px\" \/><\/p>\n<p>Minist\u00e9rio formado h\u00e1 63 anos \u00e9 atra\u00e7\u00e3o; plen\u00e1rias acontecem s\u00e1bado (20) \u00e0s 19 horas e domingo (21) \u00e0s 10 e 18 horas.<\/p>\n<p>O Grupo Evangel\u00edstico Fam\u00edlia Davs, formado h\u00e1 63 anos, \u00e9 a atra\u00e7\u00e3o do Congresso da Fam\u00edlia da Igreja Batista Teos\u00f3polis de Itabuna. Com o tema \u201cSua Fam\u00edlia, Suas Emo\u00e7\u00f5es\u201d, as plen\u00e1rias do Congresso acontecem neste s\u00e1bado (20) \u00e0s 19 horas, e no domingo (21) \u00e0s 10 e \u00e0s 18 horas.<\/p>\n<p>No encontro do domingo, \u00e0s 18 horas, haver\u00e1 ainda, a participa\u00e7\u00e3o do Coral Teos\u00f3polis e do Quarteto Harmonia, al\u00e9m da prele\u00e7\u00e3o do Pastor e Psic\u00f3logo Cl\u00ednico Raimundo Godgloves que, atualmente, lidera a Primeira Igreja Batista em Una.<\/p>\n<p style=\"text-align: center;\">\u201c\u00c9 um momento muito especial para n\u00f3s poder receber esse grupo aben\u00e7oador depois de 30 anos que estiveram em nossa cidade. Que o nosso Congresso possa aben\u00e7oar as fam\u00edlias\u201d, disse a professora Gra\u00e7a Souza, uma das coordenadoras do Congresso.<!--more--><\/p>\n<p>A trajet\u00f3ria da Fam\u00edlia Davs teve in\u00edcio em 1960. Inicialmente com quatro pessoas, Daniel, Paulo, Juvenil e Wilson formavam o Quarteto DAVS. Eles relatam n\u00e3o saberem mensurar o que havia em seus cora\u00e7\u00f5es ao iniciarem a jornada de louvor a Deus, em Barra de S\u00e3o Francisco.<\/p>\n<p>Hoje a Fam\u00edlia Davs \u00e9 composta por Toni, Glaucia, Henrique, Tain\u00e1, Hebert, Roberta, Rodrigo, Tha\u00eds, M\u00e1rcio, Poliana, Messias, Eliana, Lieberty. Eles formam o Minist\u00e9rio que tem levado a Palavra de Deus a todo o Brasil.<\/p>\n<p>Os congressos da fam\u00edlia da Igreja Batista Teos\u00f3polis t\u00eam levado informa\u00e7\u00e3o e orienta\u00e7\u00e3o nas \u00e1reas da sa\u00fade, educa\u00e7\u00e3o, empreendedorismo, sobretudo ajuda espiritual \u00e0s fam\u00edlias.<\/p>\n<p>\u201cNesse Congresso da Fam\u00edlia teremos a oportunidade \u00fanica de aprendermos mais sobre o tema: Sua fam\u00edlia, suas emo\u00e7\u00f5es. Participe desses dias aben\u00e7oadores: 20 e 21 de maio, com a participa\u00e7\u00e3o especial da Fam\u00edlia Davs. Voc\u00ea \u00e9 nosso convidado!.<\/p>\n","protected":false},"excerpt":{"rendered":"<p>Minist\u00e9rio formado h\u00e1 63 anos \u00e9 atra\u00e7\u00e3o; plen\u00e1rias acontecem s\u00e1bado (20) \u00e0s 19 horas e domingo (21) \u00e0s 10 e 18 horas. O Grupo Evangel\u00edstico Fam\u00edlia Davs, formado h\u00e1 63 anos, \u00e9 a atra\u00e7\u00e3o do Congresso da Fam\u00edlia da Igreja Batista Teos\u00f3polis de Itabuna. Com o tema \u201cSua Fam\u00edlia, Suas Emo\u00e7\u00f5es\u201d, as plen\u00e1rias do Congresso [&hellip;]<\/p>\n","protected":false},"author":2,"featured_media":150416,"comment_status":"open","ping_status":"open","sticky":false,"template":"","format":"standard","meta":{"_links_to":"","_links_to_target":""},"categories":[1],"tags":[],"_links":{"self":[{"href":"https:\/\/www.blogdothame.blog.br\/v1\/wp-json\/wp\/v2\/posts\/150415"}],"collection":[{"href":"https:\/\/www.blogdothame.blog.br\/v1\/wp-json\/wp\/v2\/posts"}],"about":[{"href":"https:\/\/www.blogdothame.blog.br\/v1\/wp-json\/wp\/v2\/types\/post"}],"author":[{"embeddable":true,"href":"https:\/\/www.blogdothame.blog.br\/v1\/wp-json\/wp\/v2\/users\/2"}],"replies":[{"embeddable":true,"href":"https:\/\/www.blogdothame.blog.br\/v1\/wp-json\/wp\/v2\/comments?post=150415"}],"version-history":[{"count":2,"href":"https:\/\/www.blogdothame.blog.br\/v1\/wp-json\/wp\/v2\/posts\/150415\/revisions"}],"predecessor-version":[{"id":150418,"href":"https:\/\/www.blogdothame.blog.br\/v1\/wp-json\/wp\/v2\/posts\/150415\/revisions\/150418"}],"wp:featuredmedia":[{"embeddable":true,"href":"https:\/\/www.blogdothame.blog.br\/v1\/wp-json\/wp\/v2\/media\/150416"}],"wp:attachment":[{"href":"https:\/\/www.blogdothame.blog.br\/v1\/wp-json\/wp\/v2\/media?parent=150415"}],"wp:term":[{"taxonomy":"category","embeddable":true,"href":"https:\/\/www.blogdothame.blog.br\/v1\/wp-json\/wp\/v2\/categories?post=150415"},{"taxonomy":"post_tag","embeddable":true,"href":"https:\/\/www.blogdothame.blog.br\/v1\/wp-json\/wp\/v2\/tags?post=150415"}],"curies":[{"name":"wp","href":"https:\/\/api.w.org\/{rel}","templated":true}]}}