{"id":150224,"date":"2023-05-15T11:00:11","date_gmt":"2023-05-15T14:00:11","guid":{"rendered":"http:\/\/www.blogdothame.blog.br\/v1\/?p=150224"},"modified":"2023-05-15T10:53:13","modified_gmt":"2023-05-15T13:53:13","slug":"centro-cultural-teosopolis-e-uesc-abrem-exposicao-cem-anos-sem-ruy-barbosa","status":"publish","type":"post","link":"https:\/\/www.blogdothame.blog.br\/v1\/2023\/05\/15\/centro-cultural-teosopolis-e-uesc-abrem-exposicao-cem-anos-sem-ruy-barbosa\/","title":{"rendered":"Centro Cultural Teos\u00f3polis e UESC abrem exposi\u00e7\u00e3o \u201cCem anos sem Ruy Barbosa\u201d"},"content":{"rendered":"<p>&nbsp;<\/p>\n<div id=\"attachment_150225\" style=\"width: 310px\" class=\"wp-caption alignright\"><img aria-describedby=\"caption-attachment-150225\" loading=\"lazy\" class=\"size-medium wp-image-150225\" src=\"http:\/\/www.blogdothame.blog.br\/v1\/wp-content\/uploads\/2023\/05\/raimunda-assis-300x241.jpg\" alt=\"\" width=\"300\" height=\"241\" srcset=\"https:\/\/www.blogdothame.blog.br\/v1\/wp-content\/uploads\/2023\/05\/raimunda-assis-300x241.jpg 300w, https:\/\/www.blogdothame.blog.br\/v1\/wp-content\/uploads\/2023\/05\/raimunda-assis.jpg 640w\" sizes=\"(max-width: 300px) 100vw, 300px\" \/><p id=\"caption-attachment-150225\" class=\"wp-caption-text\">Professora Raimunda Assis<\/p><\/div>\n<p>No ano que marca os 100 anos da morte do jurista baiano Ruy Barbosa, o Centro Cultural Teos\u00f3polis (CCT) e a UESC promovem a partir de hoje (15) a exposi\u00e7\u00e3o \u201cCem Anos Sem Ruy Barbosa\u201d, com uma palestra proferida pela professora da UESC, Raimunda Alves Moreira de Assis, Doutora em Educa\u00e7\u00e3o pela Universidade Federal Fluminense com o tema Ruy e a Educa\u00e7\u00e3o a partir das 18h30.<\/p>\n<p>A exposi\u00e7\u00e3o que fica em cartaz at\u00e9 o dia 21 de julho, estar\u00e1 recebendo o p\u00fablico estudantil com visita\u00e7\u00e3o agendada e monitorada por estudantes do curso de Hist\u00f3ria da Universidade Estadual de Santa Cruz (UESC). As visitas a exposi\u00e7\u00e3o est\u00e3o abertas ao p\u00fablico em geral, podem ser agendadas atrav\u00e9s do e-mail\u00a0cedoc@uesc.br.<\/p>\n<p>A homenagem ao jurista \u00e9 uma iniciativa da UESC e do CCT tem o apoio da Alita e faz parte de um desafio lan\u00e7ado pelo ICOM (Conselho Internacional de Museus) as casas culturais do mundo para a celebra\u00e7\u00e3o do Dia Internacional dos Museus, celebrado no dia 18 de maio.<\/p>\n<p><!--more--><\/p>\n<p>No Brasil a atividade \u00e9 repercutida pelo IBRAM &#8211; Instituto Nacional de Museus- com a realiza\u00e7\u00e3o dessa temporada cultural, a Semana Nacional de Museus, que tem como objetivos: promover, divulgar e valorizar os museus brasileiros; aumentar o p\u00fablico visitante e intensificar a rela\u00e7\u00e3o dos museus com a sociedade.<\/p>\n<p>O homenageado<\/p>\n<p>Considerado um dos maiores intelectuais brasileiros, Ruy Barbosa de Oliveira, nasceu em Salvador em 5 de novembro de 1849 e faleceu em Petr\u00f3polis no Rio de Janeiro 1 de mar\u00e7o de 1923. Se destacou como jurista, advogado, pol\u00edtico, diplomata, escritor fil\u00f3logo, jornalista, tradutor e orador.<\/p>\n<p>Not\u00e1vel orador e estudioso da l\u00edngua portuguesa, foi membro fundador da Academia Brasileira de Letras, em 1897, ocupando a cadeira n.\u00ba 10, e seu presidente entre 1908 e 1919. Como delegado do Brasil na II Confer\u00eancia da Paz, em Haia na Holanda, notabilizou-se pela defesa do princ\u00edpio da igualdade dos Estados Por sua atua\u00e7\u00e3o nessa confer\u00eancia, recebeu do Bar\u00e3o do Rio Branco ep\u00edteto de &#8220;O \u00c1guia de Haia&#8221;.<\/p>\n<p>A palestrante<\/p>\n<p>Raimunda Alves Moreira de Assis tem uma hist\u00f3ria marcada pela supera\u00e7\u00e3o e persist\u00eancia. Filha de pai ferrovi\u00e1rio Jos\u00e9 Isidro Neto (Seu Zequinha) memorialista Itabunense, t\u00edtulo outorgado pela C\u00e2mara Municipal e de uma dona de casa (dona Nice) moradores de Banco do Pedro povoado na zona rural de Ilh\u00e9us que depois mudaram-se para Itabuna.<\/p>\n<p>Passou a residir em Itabuna para estudar indo morar com uma amiga da fam\u00edlia, dona Mirinha, figura conhecida que trabalhou em a\u00e7\u00f5es sociais com dona Am\u00e9lia Amado. Foi na casa de dona Mirinha que o atual presidente Luiz In\u00e1cio Lula da Silva almo\u00e7ou na sua primeira visita a Itabuna.<\/p>\n<p>Ingressou na Universidade Estadual de Santa Cruz onde se graduou em Pedagogia (1974). Doutora em Educa\u00e7\u00e3o pela Universidade Federal Fluminense (UFF) (2008) e Mestre em Educa\u00e7\u00e3o pela Universidade Federal da Bahia (2000). Professora Adjunta da Universidade Estadual de Santa Cruz.<\/p>\n<p>Tem experi\u00eancia na \u00e1rea de Educa\u00e7\u00e3o, com \u00eanfase em Hist\u00f3ria da Educa\u00e7\u00e3o e pol\u00edtica educacional, atuando principalmente nos seguintes temas: hist\u00f3ria da educa\u00e7\u00e3o, organiza\u00e7\u00e3o escolar, pol\u00edticas p\u00fablicas de educa\u00e7\u00e3o Munic\u00edpio de Itabuna, pensamento educacional na regi\u00e3o sul da Bahia.<\/p>\n","protected":false},"excerpt":{"rendered":"<p>&nbsp; No ano que marca os 100 anos da morte do jurista baiano Ruy Barbosa, o Centro Cultural Teos\u00f3polis (CCT) e a UESC promovem a partir de hoje (15) a exposi\u00e7\u00e3o \u201cCem Anos Sem Ruy Barbosa\u201d, com uma palestra proferida pela professora da UESC, Raimunda Alves Moreira de Assis, Doutora em Educa\u00e7\u00e3o pela Universidade Federal [&hellip;]<\/p>\n","protected":false},"author":2,"featured_media":150227,"comment_status":"open","ping_status":"open","sticky":false,"template":"","format":"standard","meta":{"_links_to":"","_links_to_target":""},"categories":[33433],"tags":[32745,1296,3371,35346],"_links":{"self":[{"href":"https:\/\/www.blogdothame.blog.br\/v1\/wp-json\/wp\/v2\/posts\/150224"}],"collection":[{"href":"https:\/\/www.blogdothame.blog.br\/v1\/wp-json\/wp\/v2\/posts"}],"about":[{"href":"https:\/\/www.blogdothame.blog.br\/v1\/wp-json\/wp\/v2\/types\/post"}],"author":[{"embeddable":true,"href":"https:\/\/www.blogdothame.blog.br\/v1\/wp-json\/wp\/v2\/users\/2"}],"replies":[{"embeddable":true,"href":"https:\/\/www.blogdothame.blog.br\/v1\/wp-json\/wp\/v2\/comments?post=150224"}],"version-history":[{"count":1,"href":"https:\/\/www.blogdothame.blog.br\/v1\/wp-json\/wp\/v2\/posts\/150224\/revisions"}],"predecessor-version":[{"id":150226,"href":"https:\/\/www.blogdothame.blog.br\/v1\/wp-json\/wp\/v2\/posts\/150224\/revisions\/150226"}],"wp:featuredmedia":[{"embeddable":true,"href":"https:\/\/www.blogdothame.blog.br\/v1\/wp-json\/wp\/v2\/media\/150227"}],"wp:attachment":[{"href":"https:\/\/www.blogdothame.blog.br\/v1\/wp-json\/wp\/v2\/media?parent=150224"}],"wp:term":[{"taxonomy":"category","embeddable":true,"href":"https:\/\/www.blogdothame.blog.br\/v1\/wp-json\/wp\/v2\/categories?post=150224"},{"taxonomy":"post_tag","embeddable":true,"href":"https:\/\/www.blogdothame.blog.br\/v1\/wp-json\/wp\/v2\/tags?post=150224"}],"curies":[{"name":"wp","href":"https:\/\/api.w.org\/{rel}","templated":true}]}}