{"id":150169,"date":"2023-05-15T08:30:13","date_gmt":"2023-05-15T11:30:13","guid":{"rendered":"http:\/\/www.blogdothame.blog.br\/v1\/?p=150169"},"modified":"2023-05-12T15:48:27","modified_gmt":"2023-05-12T18:48:27","slug":"uesc-participa-da-21a-semana-nacional-de-museus","status":"publish","type":"post","link":"https:\/\/www.blogdothame.blog.br\/v1\/2023\/05\/15\/uesc-participa-da-21a-semana-nacional-de-museus\/","title":{"rendered":"Uesc participa da 21\u00aa Semana Nacional de Museus"},"content":{"rendered":"<p><img loading=\"lazy\" class=\" wp-image-150170 aligncenter\" src=\"http:\/\/www.blogdothame.blog.br\/v1\/wp-content\/uploads\/2023\/05\/museu-1.jpeg\" alt=\"\" width=\"340\" height=\"453\" srcset=\"https:\/\/www.blogdothame.blog.br\/v1\/wp-content\/uploads\/2023\/05\/museu-1.jpeg 720w, https:\/\/www.blogdothame.blog.br\/v1\/wp-content\/uploads\/2023\/05\/museu-1-225x300.jpeg 225w\" sizes=\"(max-width: 340px) 100vw, 340px\" \/>Com o tema \u201cMuseus, sustentabilidade e bem-estar\u201d, a 21\u00aa Semana Nacional de Museus ocorre entre os dias 15 e 19 de maio com eventos programados na Rede de Museus da Universidade Estadual de Santa Cruz e em v\u00e1rias outras institui\u00e7\u00f5es de Ilh\u00e9us, Itabuna e Itacar\u00e9.<\/p>\n<p>A programa\u00e7\u00e3o na Rede de Museus da Uesc ter\u00e1 in\u00edcio no dia 16 e prossegue at\u00e9 o dia 23 de maio, com as exposi\u00e7\u00f5es: \u201cUma senhora e tr\u00eas patronos\u201d, no Museu do Cacau, no centro de Ilh\u00e9us: \u201cAs grandes pandemias da hist\u00f3ria\u201d, no Cedoc, (campus da Uesc): \u201cCem anos sem Rui Barbosa\u201d, no Centro Cultural Teos\u00f3polis e \u201cBicenten\u00e1rio da independ\u00eancia da Bahia\u201d, no Museu Am\u00e9lia Amado, ambos em Itabuna.<\/p>\n<p>No dia 18, est\u00e3o previstas roda e c\u00edrculo de leitura na sala Rui do Carmo P\u00f3voas, em Ilh\u00e9us, a partir das 9 horas. Ainda no dia 18, a Rede de Museus e pontos de Mem\u00f3ria do Sul da Bahia promovem Oficina de percuss\u00e3o afro-brasileira, ministrada pelo Tata Marinho Rodrigues, da Orquestra Gongombira de Percuss\u00e3o, das 9 \u00e0s 10h30min, no Col\u00e9gio Estadual Professor Arl\u00e9o Barbosa, em Ilh\u00e9us.<\/p>\n<p>No mesmo dia, das 13 \u00e0s 14 horas, na Academia de Letras de Ilh\u00e9us, Conta\u00e7\u00e3o de hist\u00f3rias com Mirian Oliveira e das 14 \u00e0s 16 horas, tamb\u00e9m na Academia, Mesa Redonda com o tema \u201cMuseus e Bem Estar Socioambiental\u201d com a Psic\u00f3loga e Psicopedagoga Marilene Ara\u00fajo e o presidente do Grupo Cultural Dilazenze Gilsonei Rodrigues, mediada pela Educadora e Muse\u00f3loga Anarleide Menezes.<\/p>\n<p>No dia 19, das 13h30 \u00e0s 16 horas, ainda na Academia de Letras, a Mesa Redonda abordando \u201cTradi\u00e7\u00e3o dos povos origin\u00e1rios, patrim\u00f4nio cultural e Musealiza\u00e7\u00e3o\u201d com a participa\u00e7\u00e3o de N\u00e1dia Akaw\u00e3, mulher medicina Tupinamb\u00e1; a professora Dra. Diadney Helena de Almeida tendo como mediador o professor Dr. Andr\u00e9 Rosa Ribeiro, ambos da Universidade Estadual de Santa Cruz.<\/p>\n<p>Na cidade de Itacar\u00e9, ser\u00e3o realizadas a\u00e7\u00f5es no Museu Hist\u00f3rico de S\u00e3o Miguel. A Semana Nacional de Museus \u00e9 uma das a\u00e7\u00f5es da Pol\u00edtica Nacional de Museus do Instituto Brasileiro de Museus \u2013 Ibram, constru\u00edda e proposta de forma articulada com o setor museal brasileiro, e que tem como prop\u00f3sito mobilizar os museus de todo o pa\u00eds a partir de um esfor\u00e7o de converg\u00eancia de suas programa\u00e7\u00f5es em torno de um mesmo tema.<\/p>\n<p>&nbsp;<\/p>\n","protected":false},"excerpt":{"rendered":"<p>Com o tema \u201cMuseus, sustentabilidade e bem-estar\u201d, a 21\u00aa Semana Nacional de Museus ocorre entre os dias 15 e 19 de maio com eventos programados na Rede de Museus da Universidade Estadual de Santa Cruz e em v\u00e1rias outras institui\u00e7\u00f5es de Ilh\u00e9us, Itabuna e Itacar\u00e9. A programa\u00e7\u00e3o na Rede de Museus da Uesc ter\u00e1 in\u00edcio [&hellip;]<\/p>\n","protected":false},"author":2,"featured_media":150170,"comment_status":"open","ping_status":"open","sticky":false,"template":"","format":"standard","meta":{"_links_to":"","_links_to_target":""},"categories":[1],"tags":[35338,35339],"_links":{"self":[{"href":"https:\/\/www.blogdothame.blog.br\/v1\/wp-json\/wp\/v2\/posts\/150169"}],"collection":[{"href":"https:\/\/www.blogdothame.blog.br\/v1\/wp-json\/wp\/v2\/posts"}],"about":[{"href":"https:\/\/www.blogdothame.blog.br\/v1\/wp-json\/wp\/v2\/types\/post"}],"author":[{"embeddable":true,"href":"https:\/\/www.blogdothame.blog.br\/v1\/wp-json\/wp\/v2\/users\/2"}],"replies":[{"embeddable":true,"href":"https:\/\/www.blogdothame.blog.br\/v1\/wp-json\/wp\/v2\/comments?post=150169"}],"version-history":[{"count":1,"href":"https:\/\/www.blogdothame.blog.br\/v1\/wp-json\/wp\/v2\/posts\/150169\/revisions"}],"predecessor-version":[{"id":150171,"href":"https:\/\/www.blogdothame.blog.br\/v1\/wp-json\/wp\/v2\/posts\/150169\/revisions\/150171"}],"wp:featuredmedia":[{"embeddable":true,"href":"https:\/\/www.blogdothame.blog.br\/v1\/wp-json\/wp\/v2\/media\/150170"}],"wp:attachment":[{"href":"https:\/\/www.blogdothame.blog.br\/v1\/wp-json\/wp\/v2\/media?parent=150169"}],"wp:term":[{"taxonomy":"category","embeddable":true,"href":"https:\/\/www.blogdothame.blog.br\/v1\/wp-json\/wp\/v2\/categories?post=150169"},{"taxonomy":"post_tag","embeddable":true,"href":"https:\/\/www.blogdothame.blog.br\/v1\/wp-json\/wp\/v2\/tags?post=150169"}],"curies":[{"name":"wp","href":"https:\/\/api.w.org\/{rel}","templated":true}]}}