{"id":149848,"date":"2023-05-05T08:30:13","date_gmt":"2023-05-05T11:30:13","guid":{"rendered":"http:\/\/www.blogdothame.blog.br\/v1\/?p=149848"},"modified":"2023-05-05T07:57:43","modified_gmt":"2023-05-05T10:57:43","slug":"inovacao-e-fortalecimento-da-economia-solidaria-na-bahia-sao-debatidos-em-encontro-tecnico","status":"publish","type":"post","link":"https:\/\/www.blogdothame.blog.br\/v1\/2023\/05\/05\/inovacao-e-fortalecimento-da-economia-solidaria-na-bahia-sao-debatidos-em-encontro-tecnico\/","title":{"rendered":"Inova\u00e7\u00e3o e fortalecimento da economia solid\u00e1ria na Bahia s\u00e3o debatidos em Encontro T\u00e9cnico"},"content":{"rendered":"<p><img loading=\"lazy\" class=\"aligncenter  wp-image-149849\" src=\"http:\/\/www.blogdothame.blog.br\/v1\/wp-content\/uploads\/2023\/05\/ecosol-2.jpg\" alt=\"\" width=\"420\" height=\"236\" srcset=\"https:\/\/www.blogdothame.blog.br\/v1\/wp-content\/uploads\/2023\/05\/ecosol-2.jpg 576w, https:\/\/www.blogdothame.blog.br\/v1\/wp-content\/uploads\/2023\/05\/ecosol-2-300x169.jpg 300w\" sizes=\"(max-width: 420px) 100vw, 420px\" \/><\/p>\n<p>Mais de 70 representantes de Centros P\u00fablicos de Economia Solid\u00e1ria (Cesol) participam, em Salvador do VI Encontro T\u00e9cnico para discutir a elabora\u00e7\u00e3o de um plano de a\u00e7\u00e3o comum. O evento come\u00e7ou na quinta (04) e continua nesta sexta-feira (05), no Instituto An\u00edsio Teixeira (IAT), a partir das 9 da manh\u00e3.<\/p>\n<p>Durante o encontro, as representa\u00e7\u00f5es compartilham avan\u00e7os e desafios e debatem formas de refor\u00e7ar a intera\u00e7\u00e3o entre os 15 Centros espalhados pela Bahia, visando \u00e0 constru\u00e7\u00e3o da pol\u00edtica p\u00fablica de economia solid\u00e1ria no estado sob a gest\u00e3o Secretaria do Trabalho, Emprego, Renda e Esporte (Setre). Outro aspecto em discuss\u00e3o \u00e9 a renova\u00e7\u00e3o e reinven\u00e7\u00e3o desses equipamentos.<\/p>\n<p><img loading=\"lazy\" class=\"aligncenter  wp-image-149850\" src=\"http:\/\/www.blogdothame.blog.br\/v1\/wp-content\/uploads\/2023\/05\/ecosol-1.jpg\" alt=\"\" width=\"367\" height=\"245\" srcset=\"https:\/\/www.blogdothame.blog.br\/v1\/wp-content\/uploads\/2023\/05\/ecosol-1.jpg 512w, https:\/\/www.blogdothame.blog.br\/v1\/wp-content\/uploads\/2023\/05\/ecosol-1-300x200.jpg 300w\" sizes=\"(max-width: 367px) 100vw, 367px\" \/><\/p>\n<p>\u201cA pol\u00edtica p\u00fablica da Economia Solid\u00e1ria da Bahia, por meio dos 15 Centros P\u00fablicos, \u00e9 uma pol\u00edtica j\u00e1 consagrada do ponto de vista do acompanhamento do empreendimento, do desenvolvimento regional e sustent\u00e1vel e do fortalecimento da economia popular . Realizar esses encontros \u00e9 trocar experi\u00eancias para buscar o aperfei\u00e7oamento do nosso trabalho\u201d, disse o secret\u00e1rio da Setre, Davidson Magalh\u00e3es que pontuou novos desafios postos ao Governo da Bahia para o desenvolvimento regional, fortalecimento da economia solid\u00e1ria e o combate \u00e0 fome. \u201cOs Cesols s\u00e3o importantes instrumentos para esse desenvolvimento\u201d, pontuou.<\/p>\n<p><!--more--><br \/>\nPara o Superintendente de Economia Solid\u00e1ria e Cooperativismo, Wenceslau Junior, essa \u00e9 uma oportunidade de avan\u00e7os em prol da Economia Solid\u00e1ria e os temas debatidos contribuem para que as a\u00e7\u00f5es sejam concretizadas.<br \/>\n&#8221; Estamos fazendo um balan\u00e7o e avalia\u00e7\u00e3o desses 16 anos da atua\u00e7\u00e3o dos Centros P\u00fablicos de Economia Solid\u00e1ria na Bahia e definir o horizonte para onde n\u00f3s queremos levar essa pol\u00edtica p\u00fablica, de que forma podemos melhorar a assist\u00eancia t\u00e9cnica de fomento, de financiamento aos Empreendimentos Econ\u00f4micos Solid\u00e1rios da Bahia&#8221;, avaliou.<\/p>\n<p>Na oportunidade foram debatidos: \u201cEconomia Solid\u00e1ria: desafios te\u00f3ricos, barreiras e os rumos da assist\u00eancia t\u00e9cnica\u201d; \u201cAvalia\u00e7\u00e3o do trabalho de cada Centro P\u00fablico: avan\u00e7os, limita\u00e7\u00f5es, desafios e condi\u00e7\u00f5es de trabalho\u201d e \u201cA percep\u00e7\u00e3o da gest\u00e3o sobre os Centros P\u00fablicos: propostas e perspectivas\u201d.<\/p>\n<p>O evento contou com a presen\u00e7a do Pr\u00f3- reitor da Universidade Federal do Sudoeste da Bahia (UDSB), Richard Santos; o professor da UCSAL, Gabriel Kraychete, integrantes dos Cesols (presidentes das organiza\u00e7\u00f5es sociais, coordenadores gerais, coordenadores de articula\u00e7\u00e3o e coordenadores administrativos), al\u00e9m dos servidores da Superintend\u00eancia de Economia Solid\u00e1ria e Cooperativismo da Setre.<\/p>\n","protected":false},"excerpt":{"rendered":"<p>Mais de 70 representantes de Centros P\u00fablicos de Economia Solid\u00e1ria (Cesol) participam, em Salvador do VI Encontro T\u00e9cnico para discutir a elabora\u00e7\u00e3o de um plano de a\u00e7\u00e3o comum. O evento come\u00e7ou na quinta (04) e continua nesta sexta-feira (05), no Instituto An\u00edsio Teixeira (IAT), a partir das 9 da manh\u00e3. Durante o encontro, as representa\u00e7\u00f5es [&hellip;]<\/p>\n","protected":false},"author":2,"featured_media":149849,"comment_status":"open","ping_status":"open","sticky":false,"template":"","format":"standard","meta":{"_links_to":"","_links_to_target":""},"categories":[33432],"tags":[19496,16,12612],"_links":{"self":[{"href":"https:\/\/www.blogdothame.blog.br\/v1\/wp-json\/wp\/v2\/posts\/149848"}],"collection":[{"href":"https:\/\/www.blogdothame.blog.br\/v1\/wp-json\/wp\/v2\/posts"}],"about":[{"href":"https:\/\/www.blogdothame.blog.br\/v1\/wp-json\/wp\/v2\/types\/post"}],"author":[{"embeddable":true,"href":"https:\/\/www.blogdothame.blog.br\/v1\/wp-json\/wp\/v2\/users\/2"}],"replies":[{"embeddable":true,"href":"https:\/\/www.blogdothame.blog.br\/v1\/wp-json\/wp\/v2\/comments?post=149848"}],"version-history":[{"count":1,"href":"https:\/\/www.blogdothame.blog.br\/v1\/wp-json\/wp\/v2\/posts\/149848\/revisions"}],"predecessor-version":[{"id":149851,"href":"https:\/\/www.blogdothame.blog.br\/v1\/wp-json\/wp\/v2\/posts\/149848\/revisions\/149851"}],"wp:featuredmedia":[{"embeddable":true,"href":"https:\/\/www.blogdothame.blog.br\/v1\/wp-json\/wp\/v2\/media\/149849"}],"wp:attachment":[{"href":"https:\/\/www.blogdothame.blog.br\/v1\/wp-json\/wp\/v2\/media?parent=149848"}],"wp:term":[{"taxonomy":"category","embeddable":true,"href":"https:\/\/www.blogdothame.blog.br\/v1\/wp-json\/wp\/v2\/categories?post=149848"},{"taxonomy":"post_tag","embeddable":true,"href":"https:\/\/www.blogdothame.blog.br\/v1\/wp-json\/wp\/v2\/tags?post=149848"}],"curies":[{"name":"wp","href":"https:\/\/api.w.org\/{rel}","templated":true}]}}