{"id":149835,"date":"2023-05-05T07:48:39","date_gmt":"2023-05-05T10:48:39","guid":{"rendered":"http:\/\/www.blogdothame.blog.br\/v1\/?p=149835"},"modified":"2023-05-04T14:52:44","modified_gmt":"2023-05-04T17:52:44","slug":"valmir-assuncao-quer-internet-nos-assentamentos-no-rol-dos-investimentos-do-fust","status":"publish","type":"post","link":"https:\/\/www.blogdothame.blog.br\/v1\/2023\/05\/05\/valmir-assuncao-quer-internet-nos-assentamentos-no-rol-dos-investimentos-do-fust\/","title":{"rendered":"Valmir Assun\u00e7\u00e3o quer internet nos assentamentos no rol dos investimentos do FUST"},"content":{"rendered":"<p><img loading=\"lazy\" class=\"aligncenter size-full wp-image-149836\" src=\"http:\/\/www.blogdothame.blog.br\/v1\/wp-content\/uploads\/2023\/05\/valmir_Pablo-Valadares_Camara-dos-Deputados.jpg\" alt=\"\" width=\"384\" height=\"256\" srcset=\"https:\/\/www.blogdothame.blog.br\/v1\/wp-content\/uploads\/2023\/05\/valmir_Pablo-Valadares_Camara-dos-Deputados.jpg 384w, https:\/\/www.blogdothame.blog.br\/v1\/wp-content\/uploads\/2023\/05\/valmir_Pablo-Valadares_Camara-dos-Deputados-300x200.jpg 300w\" sizes=\"(max-width: 384px) 100vw, 384px\" \/><\/p>\n<p>O acesso \u00e0 internet \u00e9 uma das principais reivindica\u00e7\u00f5es da popula\u00e7\u00e3o brasileira e no meio rural n\u00e3o \u00e9 diferente. O Projeto de Lei (PL) 2356\/2023, de autoria do deputado federal Valmir Assun\u00e7\u00e3o (PT-BA) e protocolado nesta quinta-feira (04\/5), incide na quest\u00e3o ao propor a inclus\u00e3o dos assentamentos de reforma agr\u00e1ria no rol de investimentos do Fundo de Universaliza\u00e7\u00e3o dos Servi\u00e7os de Telecomunica\u00e7\u00f5es (FUST).<\/p>\n<p>&nbsp;<\/p>\n<p>\u201cAl\u00e9m do FUST, a proposta tamb\u00e9m trata da internet de banda larga m\u00f3vel, ao incluir os assentamentos de reforma agr\u00e1ria no Programa Internet Brasil ainda em vigor. Ainda proponho que a internet esteja entre investimentos que s\u00e3o realizados para que um assentamento de reforma agr\u00e1ria seja consolidado. Ou seja, a internet deve ser parte dos cr\u00e9ditos iniciais disponibilizados aos assentados\u201d, explicou o parlamentar.<\/p>\n<p>&nbsp;<\/p>\n<p>De acordo com Assun\u00e7\u00e3o, \u00e9 hist\u00f3rica a exclus\u00e3o digital no meio rural. Segundo a pesquisa TIC Domic\u00edlios 2020, entre os usu\u00e1rios das \u00e1reas rurais, 84% se conectam \u00e0 internet exclusivamente pelo celular; entre os das \u00e1reas urbanas, 54% o faziam. \u201cA Pandemia nos mostrou o quanto a internet \u00e9 um servi\u00e7o essencial, mas quando se trata de comunidades rurais, o acesso ao servi\u00e7o tende a ser caro e de m\u00e1 qualidade\u201d, disse.<\/p>\n<p><!--more--><\/p>\n<p>\u201cN\u00e3o se trata de garantir um consumo de redes sociais, ou aplicativos mensageiros somente. O acesso \u00e0 internet \u00e9 importante para o aprimoramento da educa\u00e7\u00e3o, para a comercializa\u00e7\u00e3o e divulga\u00e7\u00e3o da produ\u00e7\u00e3o dos assentamentos, para o desenvolvimento de tecnologias que ajudem o cotidiano da vida do trabalhador\/a rural, numa economia cada vez mais digitalizada\u201d, completa o deputado baiano.<\/p>\n<p>&nbsp;<\/p>\n<p>FOTO: PABLO VALADARES\/C\u00c2MARA\u00a0DOS DEPUTADOS<\/p>\n","protected":false},"excerpt":{"rendered":"<p>O acesso \u00e0 internet \u00e9 uma das principais reivindica\u00e7\u00f5es da popula\u00e7\u00e3o brasileira e no meio rural n\u00e3o \u00e9 diferente. O Projeto de Lei (PL) 2356\/2023, de autoria do deputado federal Valmir Assun\u00e7\u00e3o (PT-BA) e protocolado nesta quinta-feira (04\/5), incide na quest\u00e3o ao propor a inclus\u00e3o dos assentamentos de reforma agr\u00e1ria no rol de investimentos do [&hellip;]<\/p>\n","protected":false},"author":2,"featured_media":149836,"comment_status":"open","ping_status":"open","sticky":false,"template":"","format":"standard","meta":{"_links_to":"","_links_to_target":""},"categories":[33433],"tags":[4067,35275,5175],"_links":{"self":[{"href":"https:\/\/www.blogdothame.blog.br\/v1\/wp-json\/wp\/v2\/posts\/149835"}],"collection":[{"href":"https:\/\/www.blogdothame.blog.br\/v1\/wp-json\/wp\/v2\/posts"}],"about":[{"href":"https:\/\/www.blogdothame.blog.br\/v1\/wp-json\/wp\/v2\/types\/post"}],"author":[{"embeddable":true,"href":"https:\/\/www.blogdothame.blog.br\/v1\/wp-json\/wp\/v2\/users\/2"}],"replies":[{"embeddable":true,"href":"https:\/\/www.blogdothame.blog.br\/v1\/wp-json\/wp\/v2\/comments?post=149835"}],"version-history":[{"count":1,"href":"https:\/\/www.blogdothame.blog.br\/v1\/wp-json\/wp\/v2\/posts\/149835\/revisions"}],"predecessor-version":[{"id":149837,"href":"https:\/\/www.blogdothame.blog.br\/v1\/wp-json\/wp\/v2\/posts\/149835\/revisions\/149837"}],"wp:featuredmedia":[{"embeddable":true,"href":"https:\/\/www.blogdothame.blog.br\/v1\/wp-json\/wp\/v2\/media\/149836"}],"wp:attachment":[{"href":"https:\/\/www.blogdothame.blog.br\/v1\/wp-json\/wp\/v2\/media?parent=149835"}],"wp:term":[{"taxonomy":"category","embeddable":true,"href":"https:\/\/www.blogdothame.blog.br\/v1\/wp-json\/wp\/v2\/categories?post=149835"},{"taxonomy":"post_tag","embeddable":true,"href":"https:\/\/www.blogdothame.blog.br\/v1\/wp-json\/wp\/v2\/tags?post=149835"}],"curies":[{"name":"wp","href":"https:\/\/api.w.org\/{rel}","templated":true}]}}