{"id":149699,"date":"2023-05-02T18:13:19","date_gmt":"2023-05-02T21:13:19","guid":{"rendered":"http:\/\/www.blogdothame.blog.br\/v1\/?p=149699"},"modified":"2023-05-02T16:14:44","modified_gmt":"2023-05-02T19:14:44","slug":"reitor-da-uesc-considera-produtiva-a-missao-institucional-realizada-na-europa","status":"publish","type":"post","link":"https:\/\/www.blogdothame.blog.br\/v1\/2023\/05\/02\/reitor-da-uesc-considera-produtiva-a-missao-institucional-realizada-na-europa\/","title":{"rendered":"Reitor da Uesc considera produtiva a miss\u00e3o institucional realizada na Europa"},"content":{"rendered":"<p><img loading=\"lazy\" class=\"aligncenter wp-image-149700\" src=\"http:\/\/www.blogdothame.blog.br\/v1\/wp-content\/uploads\/2023\/05\/Reitor-considera-produtiva-a-missao-institucional-realizada-na-Europa-2.jpg\" alt=\"\" width=\"338\" height=\"338\" srcset=\"https:\/\/www.blogdothame.blog.br\/v1\/wp-content\/uploads\/2023\/05\/Reitor-considera-produtiva-a-missao-institucional-realizada-na-Europa-2.jpg 576w, https:\/\/www.blogdothame.blog.br\/v1\/wp-content\/uploads\/2023\/05\/Reitor-considera-produtiva-a-missao-institucional-realizada-na-Europa-2-300x300.jpg 300w, https:\/\/www.blogdothame.blog.br\/v1\/wp-content\/uploads\/2023\/05\/Reitor-considera-produtiva-a-missao-institucional-realizada-na-Europa-2-150x150.jpg 150w\" sizes=\"(max-width: 338px) 100vw, 338px\" \/><\/p>\n<p>O reitor da Universidade Estadual de Santa Cruz (Uesc\/Bahia), professor doutor Alessandro Fernandes de Santana, participou de mais uma miss\u00e3o institucional com o objetivo de fortalecer o processo de internacionaliza\u00e7\u00e3o da Universidade. O gestor cumpriu agenda de reuni\u00f5es, semin\u00e1rios, palestras e debates em institui\u00e7\u00f5es na Espanha, Portugal e na Fran\u00e7a, onde foram firmados protocolos de inten\u00e7\u00e3o para realiza\u00e7\u00e3o de novos conv\u00eanios com a Uesc.<\/p>\n<p>&nbsp;<\/p>\n<p><img loading=\"lazy\" class=\"alignright size-medium wp-image-149701\" src=\"http:\/\/www.blogdothame.blog.br\/v1\/wp-content\/uploads\/2023\/05\/Reitor-considera-produtiva-a-missao-institucional-realizada-na-Europa-4-300x300.jpg\" alt=\"\" width=\"300\" height=\"300\" srcset=\"https:\/\/www.blogdothame.blog.br\/v1\/wp-content\/uploads\/2023\/05\/Reitor-considera-produtiva-a-missao-institucional-realizada-na-Europa-4-300x300.jpg 300w, https:\/\/www.blogdothame.blog.br\/v1\/wp-content\/uploads\/2023\/05\/Reitor-considera-produtiva-a-missao-institucional-realizada-na-Europa-4-150x150.jpg 150w, https:\/\/www.blogdothame.blog.br\/v1\/wp-content\/uploads\/2023\/05\/Reitor-considera-produtiva-a-missao-institucional-realizada-na-Europa-4.jpg 576w\" sizes=\"(max-width: 300px) 100vw, 300px\" \/>\u201cConsidero muito produtiva essa nova miss\u00e3o e acredito que teremos resultados promissores na \u00e1rea de coopera\u00e7\u00e3o t\u00e9cnica internacional\u201d, admite Santana. Ele esteve acompanhado pelo professor doutor Clodoaldo Anuncia\u00e7\u00e3o, do Departamento de Ci\u00eancias Jur\u00eddicas (Dcijur\/Uesc), um dos coordenadores do \u201cEncontro de Alto N\u00edvel sobre &#8220;Vulnerabilidade social e risco clim\u00e1tico e os desafios das pol\u00edticas de resili\u00eancia no Brasil&#8221;, juntamente com a professora doutora Mara Rute Hercelin, promovido pelo\u00a0Centre de \u00c9tudes Avanc\u00e9es em \u00c9ducation et Developmment Durable,\u00a0durante a Confer\u00eancia Internacional sobre Risco Clim\u00e1tico, Vulnerabilidade e Constru\u00e7\u00e3o de Resili\u00eancia da Unesco-Paris.<\/p>\n<p>&nbsp;<\/p>\n<p>O evento prop\u00f4s reflex\u00f5es sobre a\u00e7\u00f5es no campo t\u00e9cnico e avan\u00e7os em pesquisas de quest\u00f5es ligadas ao risco clim\u00e1tico, vulnerabilidade e desenvolvimento de resili\u00eancia, bem como na concep\u00e7\u00e3o de caminhos para forma\u00e7\u00e3o de compet\u00eancias para os desafios da transi\u00e7\u00e3o ecol\u00f3gica e sociedades socialmente justas. Realizada na sede da Unesco, em Paris, a confer\u00eancia reuniu pesquisadores de mais de 40 centros de pesquisa, incluindo o\u00a0Imperial College de Londres,\u00a0Universidad Mayor de San Andr\u00e9s, Universidade de Botsuana\u00a0e\u00a0Universidade de Southampton.<\/p>\n<p><!--more--><\/p>\n<p><img loading=\"lazy\" class=\"alignleft size-medium wp-image-149702\" src=\"http:\/\/www.blogdothame.blog.br\/v1\/wp-content\/uploads\/2023\/05\/Reitor-considera-produtiva-a-missao-institucional-realizada-na-Europa-3-300x300.jpg\" alt=\"\" width=\"300\" height=\"300\" srcset=\"https:\/\/www.blogdothame.blog.br\/v1\/wp-content\/uploads\/2023\/05\/Reitor-considera-produtiva-a-missao-institucional-realizada-na-Europa-3-300x300.jpg 300w, https:\/\/www.blogdothame.blog.br\/v1\/wp-content\/uploads\/2023\/05\/Reitor-considera-produtiva-a-missao-institucional-realizada-na-Europa-3-150x150.jpg 150w, https:\/\/www.blogdothame.blog.br\/v1\/wp-content\/uploads\/2023\/05\/Reitor-considera-produtiva-a-missao-institucional-realizada-na-Europa-3.jpg 576w\" sizes=\"(max-width: 300px) 100vw, 300px\" \/>Na ocasi\u00e3o, o reitor da Uesc realizou palestra sobre o tema \u201cOs desafios da educa\u00e7\u00e3o na constru\u00e7\u00e3o de uma Agenda para o Clima\u201d, considerando o estudo t\u00e9cnico elaborado pela Unicamp, Cetesb\/SP e Way Carbon ap\u00f3s a Mesa de Altos Estudos composta por uma delega\u00e7\u00e3o de pesquisadores brasileiros, liderados pelo professor Clodoaldo Anuncia\u00e7\u00e3o (Uesc), juntamente com representantes de universidades como a UFSC, UEMS, PUC-Minas, PUC-SP e \u00a0PUC-RS..<\/p>\n<p>&nbsp;<\/p>\n<p>Agenda Brasil\u00a0&#8211; Participaram tamb\u00e9m conselheiros do Tribunal de Justi\u00e7a da Bahia, procuradores, promotores e representantes da OAB, com uma equipe t\u00e9cnica que contou com professores da Universidade Paris Saclay, o Grupo Mulheres do Brasil Paris (Comit\u00ea de Sustentabilidade), diretores de projetos europeus de pesquisa ligados \u00e0 sustentabilidade e t\u00e9cnicos franceses especialistas em clima.<\/p>\n<p>&nbsp;<\/p>\n<p>O Centre D\u2019\u00c9tudes Avanc\u00e9es em Education et D\u00e9veloppement Durable\/CAESE-CAEDD, dirigido pela professora \u00a0Mara Rute Hercelin, ainda convidou os pesquisadores para visitar a sede da Unesco e participar de um encontro na Embaixada do Brasil, com o apoio do Grupo Mulheres do Brasil N\u00facleo Paris. Durante o encontro, os pesquisadores discutiram uma Agenda Brasileira para o Clima, com a participa\u00e7\u00e3o de pol\u00edticos franceses, como os deputados Paul Midy e Theo Lazuech, que apresentaram a metodologia cidadania para o clima, buscando levar em conta o cidad\u00e3o e as novas quest\u00f5es desafiadoras para o futuro.<\/p>\n<p>&nbsp;<\/p>\n<p>O reitor Alessandro de Santana procurou contribuir para ampliar a vis\u00e3o e a compreens\u00e3o dos participantes sobre essas quest\u00f5es, al\u00e9m de estimular reflex\u00f5es e debates mais profundos e criativos no Encontro de Altos Estudos, que ocorrer\u00e1 na Embaixada do Brasil. O corpo diplom\u00e1tico presente &#8211; Andr\u00e9 Maciel (Ministro-Conselheiro) e Luiz de Andrade (Chefe de Mudan\u00e7as Clim\u00e1ticas e Meio Ambiente da Embaixada do Brasil em Paris) &#8211; assinalou que acolher o evento na Embaixada, como a Casa Brasileira na Fran\u00e7a, representa \u00a0uma dimens\u00e3o simb\u00f3lica de retomada de uma diplomacia que, durante muito tempo na hist\u00f3ria global, foi precursora de pontes em tempos sombrios e construtora de la\u00e7os e paz.<\/p>\n<p>&nbsp;<\/p>\n<p>O Centro de Altos Estudos em Sustentabilidade e Educa\u00e7\u00e3o comprometeu-se a permanecer nesse di\u00e1logo e ampliar a rede de discuss\u00e3o nos pr\u00f3ximos encontros que acontecer\u00e3o no Brasil. Al\u00e9m disso, at\u00e9 2030, estabelecer\u00e1 rela\u00e7\u00f5es com os pa\u00edses da Uni\u00e3o Europeia e \u00c1frica a fim de estabelecer uma agenda comum para o clima, envolvendo o m\u00e1ximo poss\u00edvel de atores brasileiros na causa.<\/p>\n","protected":false},"excerpt":{"rendered":"<p>O reitor da Universidade Estadual de Santa Cruz (Uesc\/Bahia), professor doutor Alessandro Fernandes de Santana, participou de mais uma miss\u00e3o institucional com o objetivo de fortalecer o processo de internacionaliza\u00e7\u00e3o da Universidade. O gestor cumpriu agenda de reuni\u00f5es, semin\u00e1rios, palestras e debates em institui\u00e7\u00f5es na Espanha, Portugal e na Fran\u00e7a, onde foram firmados protocolos de [&hellip;]<\/p>\n","protected":false},"author":2,"featured_media":149700,"comment_status":"open","ping_status":"open","sticky":false,"template":"","format":"standard","meta":{"_links_to":"","_links_to_target":""},"categories":[1],"tags":[835,35249,35148,35250],"_links":{"self":[{"href":"https:\/\/www.blogdothame.blog.br\/v1\/wp-json\/wp\/v2\/posts\/149699"}],"collection":[{"href":"https:\/\/www.blogdothame.blog.br\/v1\/wp-json\/wp\/v2\/posts"}],"about":[{"href":"https:\/\/www.blogdothame.blog.br\/v1\/wp-json\/wp\/v2\/types\/post"}],"author":[{"embeddable":true,"href":"https:\/\/www.blogdothame.blog.br\/v1\/wp-json\/wp\/v2\/users\/2"}],"replies":[{"embeddable":true,"href":"https:\/\/www.blogdothame.blog.br\/v1\/wp-json\/wp\/v2\/comments?post=149699"}],"version-history":[{"count":1,"href":"https:\/\/www.blogdothame.blog.br\/v1\/wp-json\/wp\/v2\/posts\/149699\/revisions"}],"predecessor-version":[{"id":149703,"href":"https:\/\/www.blogdothame.blog.br\/v1\/wp-json\/wp\/v2\/posts\/149699\/revisions\/149703"}],"wp:featuredmedia":[{"embeddable":true,"href":"https:\/\/www.blogdothame.blog.br\/v1\/wp-json\/wp\/v2\/media\/149700"}],"wp:attachment":[{"href":"https:\/\/www.blogdothame.blog.br\/v1\/wp-json\/wp\/v2\/media?parent=149699"}],"wp:term":[{"taxonomy":"category","embeddable":true,"href":"https:\/\/www.blogdothame.blog.br\/v1\/wp-json\/wp\/v2\/categories?post=149699"},{"taxonomy":"post_tag","embeddable":true,"href":"https:\/\/www.blogdothame.blog.br\/v1\/wp-json\/wp\/v2\/tags?post=149699"}],"curies":[{"name":"wp","href":"https:\/\/api.w.org\/{rel}","templated":true}]}}