{"id":149652,"date":"2023-05-01T10:09:03","date_gmt":"2023-05-01T13:09:03","guid":{"rendered":"http:\/\/www.blogdothame.blog.br\/v1\/?p=149652"},"modified":"2023-05-01T11:11:40","modified_gmt":"2023-05-01T14:11:40","slug":"mocao-de-pesar-paulo-vicente","status":"publish","type":"post","link":"https:\/\/www.blogdothame.blog.br\/v1\/2023\/05\/01\/mocao-de-pesar-paulo-vicente\/","title":{"rendered":"Mo\u00e7\u00e3o de Pesar-Paulo Vicente"},"content":{"rendered":"<p><img loading=\"lazy\" class=\"aligncenter wp-image-149653\" src=\"http:\/\/www.blogdothame.blog.br\/v1\/wp-content\/uploads\/2023\/05\/paulo-vicente.jpg\" alt=\"\" width=\"389\" height=\"389\" srcset=\"https:\/\/www.blogdothame.blog.br\/v1\/wp-content\/uploads\/2023\/05\/paulo-vicente.jpg 1080w, https:\/\/www.blogdothame.blog.br\/v1\/wp-content\/uploads\/2023\/05\/paulo-vicente-300x300.jpg 300w, https:\/\/www.blogdothame.blog.br\/v1\/wp-content\/uploads\/2023\/05\/paulo-vicente-1024x1024.jpg 1024w, https:\/\/www.blogdothame.blog.br\/v1\/wp-content\/uploads\/2023\/05\/paulo-vicente-150x150.jpg 150w, https:\/\/www.blogdothame.blog.br\/v1\/wp-content\/uploads\/2023\/05\/paulo-vicente-768x768.jpg 768w\" sizes=\"(max-width: 389px) 100vw, 389px\" \/><\/p>\n<p>&nbsp;<\/p>\n<p>Com pesar, soube nesta manh\u00e3 do falecimento do radialista Paulo Vicente Santos locutor e apresentador da R\u00e1dio Morena FM (98,7 Mhz). Profissional s\u00e9rio, habilidoso e competente ele n\u00e3o suportou um c\u00e2ncer de p\u00e2ncreas que o atormentava nos \u00faltimos anos, embora tivesse recorrido a tratamentos especializados em Itabuna e Salvador.<br \/>\nCertamente, sua inesperada partida \u00e0 Casa do Pai Celestial deixar\u00e1 entristecidos sua amada esposa Raquel e seus filhos Yvabelle e Paulo Zilton, demais familiares, amigos e companheiros de profiss\u00e3o, que nele tinham um exemplo de trabalhador dedicado. Neste momento de dor, pe\u00e7o a Deus, Misericordioso que conforte a todos e o receba em sua Gl\u00f3ria.<\/p>\n<p>Itabuna, 1\u00ba de maio de 2023.<\/p>\n<p>Augusto Castro<br \/>\nPrefeito<\/p>\n","protected":false},"excerpt":{"rendered":"<p>&nbsp; Com pesar, soube nesta manh\u00e3 do falecimento do radialista Paulo Vicente Santos locutor e apresentador da R\u00e1dio Morena FM (98,7 Mhz). Profissional s\u00e9rio, habilidoso e competente ele n\u00e3o suportou um c\u00e2ncer de p\u00e2ncreas que o atormentava nos \u00faltimos anos, embora tivesse recorrido a tratamentos especializados em Itabuna e Salvador. Certamente, sua inesperada partida \u00e0 [&hellip;]<\/p>\n","protected":false},"author":2,"featured_media":149653,"comment_status":"open","ping_status":"open","sticky":false,"template":"","format":"standard","meta":{"_links_to":"","_links_to_target":""},"categories":[33435,1],"tags":[30098,35240,30891],"_links":{"self":[{"href":"https:\/\/www.blogdothame.blog.br\/v1\/wp-json\/wp\/v2\/posts\/149652"}],"collection":[{"href":"https:\/\/www.blogdothame.blog.br\/v1\/wp-json\/wp\/v2\/posts"}],"about":[{"href":"https:\/\/www.blogdothame.blog.br\/v1\/wp-json\/wp\/v2\/types\/post"}],"author":[{"embeddable":true,"href":"https:\/\/www.blogdothame.blog.br\/v1\/wp-json\/wp\/v2\/users\/2"}],"replies":[{"embeddable":true,"href":"https:\/\/www.blogdothame.blog.br\/v1\/wp-json\/wp\/v2\/comments?post=149652"}],"version-history":[{"count":1,"href":"https:\/\/www.blogdothame.blog.br\/v1\/wp-json\/wp\/v2\/posts\/149652\/revisions"}],"predecessor-version":[{"id":149654,"href":"https:\/\/www.blogdothame.blog.br\/v1\/wp-json\/wp\/v2\/posts\/149652\/revisions\/149654"}],"wp:featuredmedia":[{"embeddable":true,"href":"https:\/\/www.blogdothame.blog.br\/v1\/wp-json\/wp\/v2\/media\/149653"}],"wp:attachment":[{"href":"https:\/\/www.blogdothame.blog.br\/v1\/wp-json\/wp\/v2\/media?parent=149652"}],"wp:term":[{"taxonomy":"category","embeddable":true,"href":"https:\/\/www.blogdothame.blog.br\/v1\/wp-json\/wp\/v2\/categories?post=149652"},{"taxonomy":"post_tag","embeddable":true,"href":"https:\/\/www.blogdothame.blog.br\/v1\/wp-json\/wp\/v2\/tags?post=149652"}],"curies":[{"name":"wp","href":"https:\/\/api.w.org\/{rel}","templated":true}]}}