{"id":149525,"date":"2023-04-27T11:03:34","date_gmt":"2023-04-27T14:03:34","guid":{"rendered":"http:\/\/www.blogdothame.blog.br\/v1\/?p=149525"},"modified":"2023-04-27T16:33:37","modified_gmt":"2023-04-27T19:33:37","slug":"projeto-lixao-nunca-mais-em-itacare-e-apresentado-na-codevasf","status":"publish","type":"post","link":"https:\/\/www.blogdothame.blog.br\/v1\/2023\/04\/27\/projeto-lixao-nunca-mais-em-itacare-e-apresentado-na-codevasf\/","title":{"rendered":"Projeto Lix\u00e3o Nunca Mais em Itacar\u00e9 \u00e9 apresentado na Codevasf"},"content":{"rendered":"<p><img loading=\"lazy\" class=\"aligncenter size-full wp-image-149526\" src=\"http:\/\/www.blogdothame.blog.br\/v1\/wp-content\/uploads\/2023\/04\/ita-codevasf.jpeg\" alt=\"\" width=\"400\" height=\"300\" srcset=\"https:\/\/www.blogdothame.blog.br\/v1\/wp-content\/uploads\/2023\/04\/ita-codevasf.jpeg 400w, https:\/\/www.blogdothame.blog.br\/v1\/wp-content\/uploads\/2023\/04\/ita-codevasf-300x225.jpeg 300w\" sizes=\"(max-width: 400px) 100vw, 400px\" \/><\/p>\n<p>Em agenda na Companhia de Desenvolvimento dos Vales do S\u00e3o Francisco e do Parna\u00edba (CODEVASF), em Bras\u00edlia, a comitiva de vereadores e o secret\u00e1rio de Administra\u00e7\u00e3o Marcos Vin\u00edcius que representou a Prefeitura de Itacar\u00e9, apresentaram o Programa de sucesso \u201cLix\u00e3o Nunca Mais\u201d, que tem o apoio da CVR Costa do Cacau,\u00a0 \u00a0ao Diretor da \u00c1rea de Revitaliza\u00e7\u00e3o e Sustentabilidade Socioambiental, Dr. Vivaldo Filho, ao Analista Regional, Athadeu, a Gerente de Meio Ambiente, B\u00e1rbara e o Gerente de Saneamento B\u00e1sico, Em\u00edlio.<\/p>\n<p>Na audi\u00eancia os parlamentares e o secret\u00e1rio municipal tamb\u00e9m debateram outra problem\u00e1tica que s\u00e3o os res\u00edduos que chegam \u00e0 cidade por meio do Rio de Contas at\u00e9 o estu\u00e1rio de Itacar\u00e9, em espec\u00edfico as baronesas, situa\u00e7\u00e3o que segundo Dr, Vivaldo j\u00e1 est\u00e1 sendo estudada pela CODEVASF para chegar a uma solu\u00e7\u00e3o.<\/p>\n<p>Importante lembrar que o prefeito de Itacar\u00e9, Ant\u00f4nio de An\u00edzio, j\u00e1 havia solicitado da CODEVASF e da CHESF equipamentos para auxiliar na limpeza das praias, justamente porque as praias de Itacar\u00e9 recebem um montante significativo de baronesas advindas da Usina de Pedra, em Jequi\u00e9 Bahia.<\/p>\n<p><!--more--><\/p>\n<p>Na oportunidade, o secret\u00e1rio de Administra\u00e7\u00e3o, Marcos Vin\u00edcios, transmitiu a mensagem de agradecimento do prefeito Ant\u00f4nio de An\u00edzio, do vice-prefeito Genilson Souza e do secret\u00e1rio de Meio Ambiente Marcos Luedy pela parceria da CODEVASF com o munic\u00edpio, atrav\u00e9s de Dr. Vivaldo Filho.<\/p>\n<p>Acompanhe as pautas apresentadas pelos vereadores<\/p>\n<p>Em audi\u00eancia no gabinete do deputado federal Paulo Magalh\u00e3es, o vereador Djone Santos, solicitou mais investimentos para o munic\u00edpio, desta vez a indica\u00e7\u00e3o de uma emenda parlamentar especial de R$ 300 mil para a revitaliza\u00e7\u00e3o do Centro de Recrea\u00e7\u00e3o do Bairro Santo Ant\u00f4nio.<\/p>\n<p>Paulo Magalh\u00e3es \u00e9 um grande parceiro do prefeito Ant\u00f4nio de An\u00edzio e da comunidade, com investimentos em Itacar\u00e9 e Taboquinhas.<\/p>\n<p>O Vereador Roberto Magalh\u00e3es solicitou emenda parlamentar especial ao deputado federal Paulo Magalh\u00e3es no valor de R$ 300 mil.<\/p>\n<p>A audi\u00eancia aconteceu no gabinete do deputado e o recurso ser\u00e1 investido em mais pavimenta\u00e7\u00f5es na Vila Marambaia.<\/p>\n<p>No Pal\u00e1cio do Planalto, houve audi\u00eancia com Carlos Jorge, chefe de gabinete do ministro Alexandre Padilha, do Minist\u00e9rio das Rela\u00e7\u00f5es Institucionais.<\/p>\n<p>Na pauta as rela\u00e7\u00f5es institucionais, libera\u00e7\u00e3o de recursos de conv\u00eanios e o Servi\u00e7o de Atendimento M\u00f3vel de Urg\u00eancia (SAMU).<\/p>\n","protected":false},"excerpt":{"rendered":"<p>Em agenda na Companhia de Desenvolvimento dos Vales do S\u00e3o Francisco e do Parna\u00edba (CODEVASF), em Bras\u00edlia, a comitiva de vereadores e o secret\u00e1rio de Administra\u00e7\u00e3o Marcos Vin\u00edcius que representou a Prefeitura de Itacar\u00e9, apresentaram o Programa de sucesso \u201cLix\u00e3o Nunca Mais\u201d, que tem o apoio da CVR Costa do Cacau,\u00a0 \u00a0ao Diretor da \u00c1rea [&hellip;]<\/p>\n","protected":false},"author":2,"featured_media":149526,"comment_status":"open","ping_status":"open","sticky":false,"template":"","format":"standard","meta":{"_links_to":"","_links_to_target":""},"categories":[1],"tags":[3518,991,30174],"_links":{"self":[{"href":"https:\/\/www.blogdothame.blog.br\/v1\/wp-json\/wp\/v2\/posts\/149525"}],"collection":[{"href":"https:\/\/www.blogdothame.blog.br\/v1\/wp-json\/wp\/v2\/posts"}],"about":[{"href":"https:\/\/www.blogdothame.blog.br\/v1\/wp-json\/wp\/v2\/types\/post"}],"author":[{"embeddable":true,"href":"https:\/\/www.blogdothame.blog.br\/v1\/wp-json\/wp\/v2\/users\/2"}],"replies":[{"embeddable":true,"href":"https:\/\/www.blogdothame.blog.br\/v1\/wp-json\/wp\/v2\/comments?post=149525"}],"version-history":[{"count":2,"href":"https:\/\/www.blogdothame.blog.br\/v1\/wp-json\/wp\/v2\/posts\/149525\/revisions"}],"predecessor-version":[{"id":149561,"href":"https:\/\/www.blogdothame.blog.br\/v1\/wp-json\/wp\/v2\/posts\/149525\/revisions\/149561"}],"wp:featuredmedia":[{"embeddable":true,"href":"https:\/\/www.blogdothame.blog.br\/v1\/wp-json\/wp\/v2\/media\/149526"}],"wp:attachment":[{"href":"https:\/\/www.blogdothame.blog.br\/v1\/wp-json\/wp\/v2\/media?parent=149525"}],"wp:term":[{"taxonomy":"category","embeddable":true,"href":"https:\/\/www.blogdothame.blog.br\/v1\/wp-json\/wp\/v2\/categories?post=149525"},{"taxonomy":"post_tag","embeddable":true,"href":"https:\/\/www.blogdothame.blog.br\/v1\/wp-json\/wp\/v2\/tags?post=149525"}],"curies":[{"name":"wp","href":"https:\/\/api.w.org\/{rel}","templated":true}]}}