{"id":149368,"date":"2023-04-24T16:20:08","date_gmt":"2023-04-24T19:20:08","guid":{"rendered":"http:\/\/www.blogdothame.blog.br\/v1\/?p=149368"},"modified":"2023-04-24T16:20:15","modified_gmt":"2023-04-24T19:20:15","slug":"ingresso-de-reeducandos-do-conjunto-penal-de-itabuna-no-ensino-superior-repercute-na-bahia-e-em-brasilia","status":"publish","type":"post","link":"https:\/\/www.blogdothame.blog.br\/v1\/2023\/04\/24\/ingresso-de-reeducandos-do-conjunto-penal-de-itabuna-no-ensino-superior-repercute-na-bahia-e-em-brasilia\/","title":{"rendered":"Ingresso de reeducandos do Conjunto Penal de Itabuna no Ensino Superior repercute na Bahia e em Bras\u00edlia"},"content":{"rendered":"<p><img loading=\"lazy\" class=\"aligncenter wp-image-149369\" src=\"http:\/\/www.blogdothame.blog.br\/v1\/wp-content\/uploads\/2023\/04\/CPItabuna.jpg\" alt=\"\" width=\"457\" height=\"229\" srcset=\"https:\/\/www.blogdothame.blog.br\/v1\/wp-content\/uploads\/2023\/04\/CPItabuna.jpg 1280w, https:\/\/www.blogdothame.blog.br\/v1\/wp-content\/uploads\/2023\/04\/CPItabuna-300x150.jpg 300w, https:\/\/www.blogdothame.blog.br\/v1\/wp-content\/uploads\/2023\/04\/CPItabuna-1024x512.jpg 1024w, https:\/\/www.blogdothame.blog.br\/v1\/wp-content\/uploads\/2023\/04\/CPItabuna-768x384.jpg 768w\" sizes=\"(max-width: 457px) 100vw, 457px\" \/><\/p>\n<p>&nbsp;<\/p>\n<p>O sucesso da ressocializa\u00e7\u00e3o por meio da Educa\u00e7\u00e3o tem alcan\u00e7ado grande repercuss\u00e3o no estado e j\u00e1 chegou a Bras\u00edlia. Na \u00faltima quinta-feira (20), o site Metro 1, do grupo Metr\u00f3pole, publicou uma mat\u00e9ria destacando o ingresso de 29 reeducandos no Ensino Superior; em mar\u00e7o, o pr\u00f3prio portal do Governo do Estado repercutiu o feito, bem como dezenas de blogs no estado e a TV Santa Cruz, afiliada da TV Globo no sul da Bahia.<\/p>\n<p>J\u00e1 neste domingo (23), o Conjunto Penal de Itabuna voltou a ser motivo de coment\u00e1rio, dessa vez pelo deputado federal Josias Gomes (PT), que destacou o poder da Educa\u00e7\u00e3o no processo de ressocializa\u00e7\u00e3o dos reeducandos ali custodiados. \u201cNo Conjunto Penal de Itabuna dos 845 internos, 535 est\u00e3o matriculados na escola regular que funciona em dois turnos. Al\u00e9m disso, existe o projeto de remi\u00e7\u00e3o pela leitura, em que a cada obra lida, \u00e9 poss\u00edvel reduzir a pena em 4 dias, excelente medida\u201d, afirmou em texto publicado em suas redes sociais e no site www.josiasgomes.com.br.<\/p>\n<p><!--more--><\/p>\n<p>O deputado falou tamb\u00e9m sobre a import\u00e2ncia de outras atividades de ressocializa\u00e7\u00e3o desenvolvidas na unidade pela equipe da empresa Socializa, que administra o pres\u00eddio emnregime de cogest\u00e3o com o Estado, a exemplo de oficinas de artesanato, m\u00fasica e at\u00e9 xadrez. Por\u00e9m, as atividades relacionadas \u00e0 educa\u00e7\u00e3o envolvem bem mais da metade dos 845 custodiados. Somente nas escolas da rede estadual e municipal s\u00e3o matriculados 535 reeducandos. No projeto de leitura Asas da Imagina\u00e7\u00e3o, 333. Outra iniciativa, o Projeto Relere \u2013 Remi\u00e7\u00e3o, Letramento e Reintegra\u00e7\u00e3o, esta do Minist\u00e9rio P\u00fablico Estadual, conta com 28 participantes, que se integram \u00e0s atividades educacionais e de ressignifaca\u00e7\u00e3o da vida no c\u00e1rcere.<\/p>\n<p>Todo esse esfor\u00e7o foi o que levou o Conjunto Penal de Itabuna a ostentar 29 reeducandos matriculados no Ensino Superior, sendo 28 na Universidade Federal do Sul da Bahia e um na Rede Anhanguera. \u201cFeito not\u00e1vel que demonstra como a educa\u00e7\u00e3o e leitura podem transformar a vida das pessoas\u201d, declarou Josias Gomes.<\/p>\n","protected":false},"excerpt":{"rendered":"<p>&nbsp; O sucesso da ressocializa\u00e7\u00e3o por meio da Educa\u00e7\u00e3o tem alcan\u00e7ado grande repercuss\u00e3o no estado e j\u00e1 chegou a Bras\u00edlia. Na \u00faltima quinta-feira (20), o site Metro 1, do grupo Metr\u00f3pole, publicou uma mat\u00e9ria destacando o ingresso de 29 reeducandos no Ensino Superior; em mar\u00e7o, o pr\u00f3prio portal do Governo do Estado repercutiu o feito, [&hellip;]<\/p>\n","protected":false},"author":2,"featured_media":149369,"comment_status":"open","ping_status":"open","sticky":false,"template":"","format":"standard","meta":{"_links_to":"","_links_to_target":""},"categories":[1],"tags":[7107,320],"_links":{"self":[{"href":"https:\/\/www.blogdothame.blog.br\/v1\/wp-json\/wp\/v2\/posts\/149368"}],"collection":[{"href":"https:\/\/www.blogdothame.blog.br\/v1\/wp-json\/wp\/v2\/posts"}],"about":[{"href":"https:\/\/www.blogdothame.blog.br\/v1\/wp-json\/wp\/v2\/types\/post"}],"author":[{"embeddable":true,"href":"https:\/\/www.blogdothame.blog.br\/v1\/wp-json\/wp\/v2\/users\/2"}],"replies":[{"embeddable":true,"href":"https:\/\/www.blogdothame.blog.br\/v1\/wp-json\/wp\/v2\/comments?post=149368"}],"version-history":[{"count":1,"href":"https:\/\/www.blogdothame.blog.br\/v1\/wp-json\/wp\/v2\/posts\/149368\/revisions"}],"predecessor-version":[{"id":149370,"href":"https:\/\/www.blogdothame.blog.br\/v1\/wp-json\/wp\/v2\/posts\/149368\/revisions\/149370"}],"wp:featuredmedia":[{"embeddable":true,"href":"https:\/\/www.blogdothame.blog.br\/v1\/wp-json\/wp\/v2\/media\/149369"}],"wp:attachment":[{"href":"https:\/\/www.blogdothame.blog.br\/v1\/wp-json\/wp\/v2\/media?parent=149368"}],"wp:term":[{"taxonomy":"category","embeddable":true,"href":"https:\/\/www.blogdothame.blog.br\/v1\/wp-json\/wp\/v2\/categories?post=149368"},{"taxonomy":"post_tag","embeddable":true,"href":"https:\/\/www.blogdothame.blog.br\/v1\/wp-json\/wp\/v2\/tags?post=149368"}],"curies":[{"name":"wp","href":"https:\/\/api.w.org\/{rel}","templated":true}]}}