{"id":149343,"date":"2023-04-23T14:54:24","date_gmt":"2023-04-23T17:54:24","guid":{"rendered":"http:\/\/www.blogdothame.blog.br\/v1\/?p=149343"},"modified":"2023-04-23T14:54:24","modified_gmt":"2023-04-23T17:54:24","slug":"governador-entrega-obras-de-pavimentacao-e-urbanizacao-em-floresta-azul","status":"publish","type":"post","link":"https:\/\/www.blogdothame.blog.br\/v1\/2023\/04\/23\/governador-entrega-obras-de-pavimentacao-e-urbanizacao-em-floresta-azul\/","title":{"rendered":"Governador entrega obras de pavimenta\u00e7\u00e3o e urbaniza\u00e7\u00e3o em Floresta Azul"},"content":{"rendered":"<p><img loading=\"lazy\" class=\"aligncenter size-full wp-image-149348\" src=\"http:\/\/www.blogdothame.blog.br\/v1\/wp-content\/uploads\/2023\/04\/Floresta-Azul-3.jpg\" alt=\"\" width=\"400\" height=\"267\" srcset=\"https:\/\/www.blogdothame.blog.br\/v1\/wp-content\/uploads\/2023\/04\/Floresta-Azul-3.jpg 400w, https:\/\/www.blogdothame.blog.br\/v1\/wp-content\/uploads\/2023\/04\/Floresta-Azul-3-300x200.jpg 300w\" sizes=\"(max-width: 400px) 100vw, 400px\" \/><\/p>\n<p>Neste domingo (23), o munic\u00edpio de Floresta Azul, no sul da Bahia, celebra 61 anos de emancipa\u00e7\u00e3o pol\u00edtica. Em visita ao munic\u00edpio, o governador Jer\u00f4nimo Rodrigues comemorou a data ao lado dos moradores e fez a entrega de novas obras de pavimenta\u00e7\u00e3o e urbaniza\u00e7\u00e3o. Foram inaugurados a pavimenta\u00e7\u00e3o asf\u00e1ltica e o trabalho de urbaniza\u00e7\u00e3o da Avenida 23 de abril, que contou com um investimento de mais R$ 2,5 milh\u00f5es.<\/p>\n<p>&nbsp;<\/p>\n<p><img loading=\"lazy\" class=\"aligncenter  wp-image-149344\" src=\"http:\/\/www.blogdothame.blog.br\/v1\/wp-content\/uploads\/2023\/04\/Floresta-Azul-4.jpg\" alt=\"\" width=\"390\" height=\"260\" srcset=\"https:\/\/www.blogdothame.blog.br\/v1\/wp-content\/uploads\/2023\/04\/Floresta-Azul-4.jpg 640w, https:\/\/www.blogdothame.blog.br\/v1\/wp-content\/uploads\/2023\/04\/Floresta-Azul-4-300x200.jpg 300w\" sizes=\"(max-width: 390px) 100vw, 390px\" \/><br \/>\n&#8220;Viemos celebrar o anivers\u00e1rio do munic\u00edpio e aproveitar para participar de entregas comemorativas e em nome do Governo da Bahia entregar uma retroescavadeira e inaugurarmos essa pavimenta\u00e7\u00e3o. Me comprometi aqui tamb\u00e9m com o projeto da rodovi\u00e1ria e alargamento da ponte, fanfarra e a\u00e7\u00f5es na Pra\u00e7a Encantada. Em breve voltamos para entregar outra pavimenta\u00e7\u00e3o e a\u00e7\u00f5es do Conecta Bahia&#8221;, declarou Jer\u00f4nimo.<\/p>\n<p><img loading=\"lazy\" class=\"aligncenter  wp-image-149345\" src=\"http:\/\/www.blogdothame.blog.br\/v1\/wp-content\/uploads\/2023\/04\/Floresta-Azul-5.jpg\" alt=\"\" width=\"319\" height=\"213\" srcset=\"https:\/\/www.blogdothame.blog.br\/v1\/wp-content\/uploads\/2023\/04\/Floresta-Azul-5.jpg 400w, https:\/\/www.blogdothame.blog.br\/v1\/wp-content\/uploads\/2023\/04\/Floresta-Azul-5-300x200.jpg 300w\" sizes=\"(max-width: 319px) 100vw, 319px\" \/><\/p>\n<p>As obras foram realizadas pela Conder, empresa vinculada \u00e0 Secretaria de Desenvolvimento Urbano do Estado (Sedur). Adonias Silva, morador da Avenida 23 de abril, comemorou a entrega das novas obras de pavimenta\u00e7\u00e3o e urbaniza\u00e7\u00e3o. &#8220;Estamos muito felizes com essa conquista. A avenida estava em p\u00e9ssimas condi\u00e7\u00f5es e agora est\u00e1 um espet\u00e1culo. Com certeza, isso vai melhorar muito a vida dos moradores e de quem passa por aqui. Agradecemos ao governador e \u00e0 Conder por essa realiza\u00e7\u00e3o&#8221;.<\/p>\n<p><img loading=\"lazy\" class=\"aligncenter  wp-image-149346\" src=\"http:\/\/www.blogdothame.blog.br\/v1\/wp-content\/uploads\/2023\/04\/Floresta-Azul-2.jpg\" alt=\"\" width=\"317\" height=\"211\" srcset=\"https:\/\/www.blogdothame.blog.br\/v1\/wp-content\/uploads\/2023\/04\/Floresta-Azul-2.jpg 500w, https:\/\/www.blogdothame.blog.br\/v1\/wp-content\/uploads\/2023\/04\/Floresta-Azul-2-300x200.jpg 300w\" sizes=\"(max-width: 317px) 100vw, 317px\" \/><\/p>\n<p>Fotos: Mateus Pereira\/GOVBA<\/p>\n","protected":false},"excerpt":{"rendered":"<p>Neste domingo (23), o munic\u00edpio de Floresta Azul, no sul da Bahia, celebra 61 anos de emancipa\u00e7\u00e3o pol\u00edtica. Em visita ao munic\u00edpio, o governador Jer\u00f4nimo Rodrigues comemorou a data ao lado dos moradores e fez a entrega de novas obras de pavimenta\u00e7\u00e3o e urbaniza\u00e7\u00e3o. Foram inaugurados a pavimenta\u00e7\u00e3o asf\u00e1ltica e o trabalho de urbaniza\u00e7\u00e3o da [&hellip;]<\/p>\n","protected":false},"author":2,"featured_media":149347,"comment_status":"open","ping_status":"open","sticky":false,"template":"","format":"standard","meta":{"_links_to":"","_links_to_target":""},"categories":[33433],"tags":[3287,12213,9403,17179],"_links":{"self":[{"href":"https:\/\/www.blogdothame.blog.br\/v1\/wp-json\/wp\/v2\/posts\/149343"}],"collection":[{"href":"https:\/\/www.blogdothame.blog.br\/v1\/wp-json\/wp\/v2\/posts"}],"about":[{"href":"https:\/\/www.blogdothame.blog.br\/v1\/wp-json\/wp\/v2\/types\/post"}],"author":[{"embeddable":true,"href":"https:\/\/www.blogdothame.blog.br\/v1\/wp-json\/wp\/v2\/users\/2"}],"replies":[{"embeddable":true,"href":"https:\/\/www.blogdothame.blog.br\/v1\/wp-json\/wp\/v2\/comments?post=149343"}],"version-history":[{"count":1,"href":"https:\/\/www.blogdothame.blog.br\/v1\/wp-json\/wp\/v2\/posts\/149343\/revisions"}],"predecessor-version":[{"id":149349,"href":"https:\/\/www.blogdothame.blog.br\/v1\/wp-json\/wp\/v2\/posts\/149343\/revisions\/149349"}],"wp:featuredmedia":[{"embeddable":true,"href":"https:\/\/www.blogdothame.blog.br\/v1\/wp-json\/wp\/v2\/media\/149347"}],"wp:attachment":[{"href":"https:\/\/www.blogdothame.blog.br\/v1\/wp-json\/wp\/v2\/media?parent=149343"}],"wp:term":[{"taxonomy":"category","embeddable":true,"href":"https:\/\/www.blogdothame.blog.br\/v1\/wp-json\/wp\/v2\/categories?post=149343"},{"taxonomy":"post_tag","embeddable":true,"href":"https:\/\/www.blogdothame.blog.br\/v1\/wp-json\/wp\/v2\/tags?post=149343"}],"curies":[{"name":"wp","href":"https:\/\/api.w.org\/{rel}","templated":true}]}}