{"id":149339,"date":"2023-04-23T17:24:16","date_gmt":"2023-04-23T20:24:16","guid":{"rendered":"http:\/\/www.blogdothame.blog.br\/v1\/?p=149339"},"modified":"2023-04-23T09:28:19","modified_gmt":"2023-04-23T12:28:19","slug":"jovens-baianos-tem-acesso-ao-primeiro-emprego-atraves-de-parcerias-entre-empresas-e-a-sde","status":"publish","type":"post","link":"https:\/\/www.blogdothame.blog.br\/v1\/2023\/04\/23\/jovens-baianos-tem-acesso-ao-primeiro-emprego-atraves-de-parcerias-entre-empresas-e-a-sde\/","title":{"rendered":"Jovens baianos t\u00eam acesso ao primeiro emprego atrav\u00e9s de parcerias entre empresas e a SDE"},"content":{"rendered":"<p>&nbsp;<\/p>\n<p><img loading=\"lazy\" class=\"aligncenter  wp-image-149341\" src=\"http:\/\/www.blogdothame.blog.br\/v1\/wp-content\/uploads\/2023\/04\/primeiro-emprego.jpg\" alt=\"\" width=\"434\" height=\"282\" srcset=\"https:\/\/www.blogdothame.blog.br\/v1\/wp-content\/uploads\/2023\/04\/primeiro-emprego.jpg 1000w, https:\/\/www.blogdothame.blog.br\/v1\/wp-content\/uploads\/2023\/04\/primeiro-emprego-300x195.jpg 300w, https:\/\/www.blogdothame.blog.br\/v1\/wp-content\/uploads\/2023\/04\/primeiro-emprego-768x499.jpg 768w\" sizes=\"(max-width: 434px) 100vw, 434px\" \/><\/p>\n<p>No Dia Internacional do Jovem Trabalhador, celebrado em 24 de abril, a Secretaria de Desenvolvimento Econ\u00f4mico (SDE) comemora o ingresso de jovens no mercado de trabalho por meio do Projeto Estadual de Incentivo \u00e0 Primeira Experi\u00eancia Profissional. Entre 2016 e 2023, o programa possibilitou a contra\u00e7\u00e3o de mais de 17 mil jovens, entre Ocupa\u00e7\u00e3o Formal (Primeiro Emprego), Aprendiz e Est\u00e1gio, no setor p\u00fablico e no setor privado.<\/p>\n<p><img loading=\"lazy\" class=\"alignleft size-medium wp-image-149340\" src=\"http:\/\/www.blogdothame.blog.br\/v1\/wp-content\/uploads\/2023\/04\/primeiro-emprego-300x300.jpeg\" alt=\"\" width=\"300\" height=\"300\" srcset=\"https:\/\/www.blogdothame.blog.br\/v1\/wp-content\/uploads\/2023\/04\/primeiro-emprego-300x300.jpeg 300w, https:\/\/www.blogdothame.blog.br\/v1\/wp-content\/uploads\/2023\/04\/primeiro-emprego-150x150.jpeg 150w, https:\/\/www.blogdothame.blog.br\/v1\/wp-content\/uploads\/2023\/04\/primeiro-emprego-768x765.jpeg 768w, https:\/\/www.blogdothame.blog.br\/v1\/wp-content\/uploads\/2023\/04\/primeiro-emprego.jpeg 856w\" sizes=\"(max-width: 300px) 100vw, 300px\" \/>O Secret\u00e1rio da SDE, Angelo Almeida, celebra os n\u00fameros e destaca que o fomento ao desenvolvimento econ\u00f4mico tem como um de seus objetivos a redu\u00e7\u00e3o das desigualdades no Estado, sendo fundamental, para isso, o incremento do n\u00edvel de emprego e o acesso de jovens ao mercado de trabalho.\u00a0 O gestor destaca que nos \u00faltimos 7 anos a SDE intermediou a ades\u00e3o de 739 empresas ao programa, possibilitando a efetiva\u00e7\u00e3o de 804 contra\u00e7\u00f5es.<\/p>\n<p>\u201cO governador Jer\u00f4nimo Rodrigues tem como prioridade o desenvolvimento social, por isso estamos fortalecendo ainda mais essa iniciativa criada no governo Rui Costa, que gera emprego e renda para a nossa juventude. A SDE tem atuado fortemente para que as empresas que assinam protocolos de inten\u00e7\u00f5es com a secretaria fa\u00e7am a ades\u00e3o ao programa, refor\u00e7ando com os empres\u00e1rios a import\u00e2ncia do programa para a juventude baiana e para o desenvolvimento do estado\u201d, explica Almeida.<\/p>\n<p><!--more--><\/p>\n<p>O projeto, institu\u00eddo em 2015, \u00e9 destinado a estudantes de cursos t\u00e9cnicos de n\u00edvel m\u00e9dio da Rede Estadual de Educa\u00e7\u00e3o Profissional e do ensino m\u00e9dio e fundamental p\u00fablico estadual, qualificados por programas do Estado da Bahia, sem experi\u00eancia formal de trabalho. Ele possibilita Est\u00e1gio, Aprendizagem e Ocupa\u00e7\u00e3o Formal (Projeto Primeiro Emprego \u2013 PPE) na Administra\u00e7\u00e3o P\u00fablica do Estado, em empresas do setor privado e no Terceiro Setor.<\/p>\n<p>Davidson Magalh\u00e3es, secret\u00e1rio do Trabalho, Emprego, Renda e Esporte (Setre), considera o PPE, gerido pela pasta, um marco, uma pol\u00edtica in\u00e9dita e inovadora nas rela\u00e7\u00f5es entre o setor p\u00fablico e o mercado. \u201cO programa proporciona uma sele\u00e7\u00e3o entre alunos das escolas p\u00fablicas pelo seu desempenho, e isso \u00e9 muito importante, porque estabelece um crit\u00e9rio, estimula os estudantes a se dedicarem mais aos estudos e abre a perspectiva da primeira experi\u00eancia nas rela\u00e7\u00f5es de trabalho. Um dos principais problemas no mercado de trabalho \u00e9 a falta de experi\u00eancia\u201d, diz.<\/p>\n<p>Jovem trabalhador<\/p>\n<p>Um dos jovens contemplados por meio da SDE \u00e9 Rodrigo Carvalho (20), contratado como primeiro emprego pela empresa Mundial Color Perfis em Alum\u00ednio h\u00e1 5 meses. Em 2021, a companhia assinou protocolo de intens\u00f5es para instala\u00e7\u00e3o do empreendimento no munic\u00edpio de Sim\u00f5es Filho, na Regi\u00e3o Metropolitana de Salvador, e termo de ades\u00e3o ao projeto.<\/p>\n<p>O jovem, com forma\u00e7\u00e3o t\u00e9cnica em qu\u00edmica, atua na \u00e1rea de produ\u00e7\u00e3o da empresa. Para ele o trabalho representa uma oportunidade de crescimento profissional. \u201cO emprego me proporciona uma experi\u00eancia registrada em carteira, que \u00e9 muito exigida pelo mercado atualmente. \u00c9 o primeiro passo para a minha carreira profissional\u201d, comemora. Rodrigo estimula ainda outros jovens que est\u00e3o em busca de uma chance: \u201co primeiro emprego \u00e9 uma grande oportunidade, mas \u00e9 preciso se esfor\u00e7ar, fazer valer\u201d, finaliza.<\/p>\n<p>Ester Marques (21) tamb\u00e9m teve a primeira oportunidade de trabalho atrav\u00e9s do programa. A jovem \u00e9 primeiro emprego na SDE h\u00e1 1 ano e 8 meses e atua na \u00e1rea de Tecnologia da Informa\u00e7\u00e3o e Comunica\u00e7\u00e3o (TIC). Para ela, o PPE representa uma oportunidade de desenvolvimento pessoal, profissional e financeiro. \u201cEst\u00e1 sendo uma experi\u00eancia de muito aprendizado e que impulsionou os meus sonhos\u201d, disse.<\/p>\n<p>O Programa Primeiro Emprego \u00e9 estruturado pelo Comit\u00ea Gestor composto pelas secretarias da Casa Civil, de Desenvolvimento Econ\u00f4mico (SDE), da Sa\u00fade (Sesab), da Educa\u00e7\u00e3o (SEC), da Administra\u00e7\u00e3o (SAEB), do Trabalho, Emprego, Renda e Esporte (Setre) e de Desenvolvimento Rural (SDR). Tem como executoras contratadas as Funda\u00e7\u00f5es Lu\u00eds Eduardo Magalh\u00e3es (FLEM) e a Estatal Sa\u00fade da Fam\u00edlia (FESF-SUS), e \u00e9 financiado pelo Fundo Estadual de Combate e Erradica\u00e7\u00e3o \u00e0 Pobreza (Funcep).<\/p>\n","protected":false},"excerpt":{"rendered":"<p>&nbsp; No Dia Internacional do Jovem Trabalhador, celebrado em 24 de abril, a Secretaria de Desenvolvimento Econ\u00f4mico (SDE) comemora o ingresso de jovens no mercado de trabalho por meio do Projeto Estadual de Incentivo \u00e0 Primeira Experi\u00eancia Profissional. Entre 2016 e 2023, o programa possibilitou a contra\u00e7\u00e3o de mais de 17 mil jovens, entre Ocupa\u00e7\u00e3o [&hellip;]<\/p>\n","protected":false},"author":2,"featured_media":149341,"comment_status":"open","ping_status":"open","sticky":false,"template":"","format":"standard","meta":{"_links_to":"","_links_to_target":""},"categories":[33434],"tags":[16,12213,35178,615],"_links":{"self":[{"href":"https:\/\/www.blogdothame.blog.br\/v1\/wp-json\/wp\/v2\/posts\/149339"}],"collection":[{"href":"https:\/\/www.blogdothame.blog.br\/v1\/wp-json\/wp\/v2\/posts"}],"about":[{"href":"https:\/\/www.blogdothame.blog.br\/v1\/wp-json\/wp\/v2\/types\/post"}],"author":[{"embeddable":true,"href":"https:\/\/www.blogdothame.blog.br\/v1\/wp-json\/wp\/v2\/users\/2"}],"replies":[{"embeddable":true,"href":"https:\/\/www.blogdothame.blog.br\/v1\/wp-json\/wp\/v2\/comments?post=149339"}],"version-history":[{"count":1,"href":"https:\/\/www.blogdothame.blog.br\/v1\/wp-json\/wp\/v2\/posts\/149339\/revisions"}],"predecessor-version":[{"id":149342,"href":"https:\/\/www.blogdothame.blog.br\/v1\/wp-json\/wp\/v2\/posts\/149339\/revisions\/149342"}],"wp:featuredmedia":[{"embeddable":true,"href":"https:\/\/www.blogdothame.blog.br\/v1\/wp-json\/wp\/v2\/media\/149341"}],"wp:attachment":[{"href":"https:\/\/www.blogdothame.blog.br\/v1\/wp-json\/wp\/v2\/media?parent=149339"}],"wp:term":[{"taxonomy":"category","embeddable":true,"href":"https:\/\/www.blogdothame.blog.br\/v1\/wp-json\/wp\/v2\/categories?post=149339"},{"taxonomy":"post_tag","embeddable":true,"href":"https:\/\/www.blogdothame.blog.br\/v1\/wp-json\/wp\/v2\/tags?post=149339"}],"curies":[{"name":"wp","href":"https:\/\/api.w.org\/{rel}","templated":true}]}}