{"id":148963,"date":"2023-04-14T11:00:11","date_gmt":"2023-04-14T14:00:11","guid":{"rendered":"http:\/\/www.blogdothame.blog.br\/v1\/?p=148963"},"modified":"2023-04-14T09:38:15","modified_gmt":"2023-04-14T12:38:15","slug":"itacare-sedia-encontro-regional-de-desenvolvimento-e-empreendedorismo","status":"publish","type":"post","link":"https:\/\/www.blogdothame.blog.br\/v1\/2023\/04\/14\/itacare-sedia-encontro-regional-de-desenvolvimento-e-empreendedorismo\/","title":{"rendered":"Itacar\u00e9 sedia encontro regional de desenvolvimento e empreendedorismo"},"content":{"rendered":"<p><img loading=\"lazy\" class=\"aligncenter wp-image-148964\" src=\"http:\/\/www.blogdothame.blog.br\/v1\/wp-content\/uploads\/2023\/04\/itacare-empreende-2.jpeg\" alt=\"\" width=\"372\" height=\"279\" srcset=\"https:\/\/www.blogdothame.blog.br\/v1\/wp-content\/uploads\/2023\/04\/itacare-empreende-2.jpeg 512w, https:\/\/www.blogdothame.blog.br\/v1\/wp-content\/uploads\/2023\/04\/itacare-empreende-2-300x225.jpeg 300w\" sizes=\"(max-width: 372px) 100vw, 372px\" \/><\/p>\n<p>Itacar\u00e9 est\u00e1 sediando nesta quinta-feira e sexta-feira (14), mais uma edi\u00e7\u00e3o dos Encontros Regionais de Atores e Comit\u00eas Gestores \u2013 com tema central: Da cidade ao territ\u00f3rio (2023), promovido pelo Servi\u00e7o Brasileiro de Apoio \u00e0s Micro e Pequenas Empresas (Sebrae) em parceria com a prefeitura de Itacar\u00e9. O encontro, desta vez, aconteceu no audit\u00f3rio do Ecoporan Hotel. O objetivo do encontro \u00e9 delinear e validar as a\u00e7\u00f5es anuais da Rede de Atores, apresentar novidades e informar as lideran\u00e7as sobre como inovar e crescer ainda no ano de 2023, promovendo\u00a0o desenvolvimento regional no estado.<\/p>\n<p><img loading=\"lazy\" class=\"aligncenter wp-image-148965\" src=\"http:\/\/www.blogdothame.blog.br\/v1\/wp-content\/uploads\/2023\/04\/itacare-empreende-1.jpeg\" alt=\"\" width=\"342\" height=\"257\" srcset=\"https:\/\/www.blogdothame.blog.br\/v1\/wp-content\/uploads\/2023\/04\/itacare-empreende-1.jpeg 512w, https:\/\/www.blogdothame.blog.br\/v1\/wp-content\/uploads\/2023\/04\/itacare-empreende-1-300x225.jpeg 300w\" sizes=\"(max-width: 342px) 100vw, 342px\" \/><\/p>\n<p>Na ocasi\u00e3o, foi debatido a constru\u00e7\u00e3o de uma regi\u00e3o empreendedora, onde a gest\u00e3o p\u00fablica ter\u00e1 um importante papel no desenvolvimento dessas cidades empreendedoras e na melhoria do ambiente dos neg\u00f3cios.<\/p>\n<p><!--more--><\/p>\n<p>O palestrante e consultor da Empresa Vila, Miguel \u00c2ngelo Lima Qualhano, ressaltou a import\u00e2ncia do trabalho feito junto com a gest\u00e3o p\u00fablica e com a sociedade para melhorar o espa\u00e7o de neg\u00f3cios e fortalecer os empreendedores locais. j\u00e1 a Gerente Regional do Sebrae, Claudiana Figueiredo, destacou a presen\u00e7a de Itacar\u00e9, assim como do Prefeito Ant\u00f4nio de An\u00edzio dentro do programa Cidade Empreendedora. \u201cItacar\u00e9 vem se destacando como uma cidade atraente aos neg\u00f3cios em parceria com a gest\u00e3o p\u00fablica, trabalhando nos diversos setores, buscando desenvolver a cidade. E o nosso objetivo \u00e9 que Itacar\u00e9 continue se destacando, cada vez mais, inclusive no cen\u00e1rio nacional, como uma cidade empreendedora e atraente para neg\u00f3cios, gerando mais empregos, renda\u00a0e oportunidades\u201d, declarou Claudiana.<\/p>\n<p><img loading=\"lazy\" class=\"aligncenter wp-image-148966\" src=\"http:\/\/www.blogdothame.blog.br\/v1\/wp-content\/uploads\/2023\/04\/itacare-empreende-4.jpeg\" alt=\"\" width=\"384\" height=\"288\" srcset=\"https:\/\/www.blogdothame.blog.br\/v1\/wp-content\/uploads\/2023\/04\/itacare-empreende-4.jpeg 512w, https:\/\/www.blogdothame.blog.br\/v1\/wp-content\/uploads\/2023\/04\/itacare-empreende-4-300x225.jpeg 300w\" sizes=\"(max-width: 384px) 100vw, 384px\" \/><\/p>\n<p>O evento contou com a participa\u00e7\u00e3o de mais de vinte munic\u00edpios, o que\u00a0 possibilitou a troca de experi\u00eancias entre gestores p\u00fablicos municipais oriundos das unidades regionais do Sebrae Bahia. Presentes, o prefeito de Itacar\u00e9, Ant\u00f4nio de An\u00edzio, representantes do Sebrae, do Cons\u00f3rcio\u00a0de Desenvolvimento Sustent\u00e1vel- LS, Pol\u00edcia Militar, com o Major Hosannar,\u00a0secret\u00e1rios municipais de mais de vinte cidades, empres\u00e1rios\u00a0locais, agricultores e comunidade.<\/p>\n","protected":false},"excerpt":{"rendered":"<p>Itacar\u00e9 est\u00e1 sediando nesta quinta-feira e sexta-feira (14), mais uma edi\u00e7\u00e3o dos Encontros Regionais de Atores e Comit\u00eas Gestores \u2013 com tema central: Da cidade ao territ\u00f3rio (2023), promovido pelo Servi\u00e7o Brasileiro de Apoio \u00e0s Micro e Pequenas Empresas (Sebrae) em parceria com a prefeitura de Itacar\u00e9. O encontro, desta vez, aconteceu no audit\u00f3rio do [&hellip;]<\/p>\n","protected":false},"author":2,"featured_media":148965,"comment_status":"open","ping_status":"open","sticky":false,"template":"","format":"standard","meta":{"_links_to":"","_links_to_target":""},"categories":[33433],"tags":[16501,35098,991,1549],"_links":{"self":[{"href":"https:\/\/www.blogdothame.blog.br\/v1\/wp-json\/wp\/v2\/posts\/148963"}],"collection":[{"href":"https:\/\/www.blogdothame.blog.br\/v1\/wp-json\/wp\/v2\/posts"}],"about":[{"href":"https:\/\/www.blogdothame.blog.br\/v1\/wp-json\/wp\/v2\/types\/post"}],"author":[{"embeddable":true,"href":"https:\/\/www.blogdothame.blog.br\/v1\/wp-json\/wp\/v2\/users\/2"}],"replies":[{"embeddable":true,"href":"https:\/\/www.blogdothame.blog.br\/v1\/wp-json\/wp\/v2\/comments?post=148963"}],"version-history":[{"count":1,"href":"https:\/\/www.blogdothame.blog.br\/v1\/wp-json\/wp\/v2\/posts\/148963\/revisions"}],"predecessor-version":[{"id":148967,"href":"https:\/\/www.blogdothame.blog.br\/v1\/wp-json\/wp\/v2\/posts\/148963\/revisions\/148967"}],"wp:featuredmedia":[{"embeddable":true,"href":"https:\/\/www.blogdothame.blog.br\/v1\/wp-json\/wp\/v2\/media\/148965"}],"wp:attachment":[{"href":"https:\/\/www.blogdothame.blog.br\/v1\/wp-json\/wp\/v2\/media?parent=148963"}],"wp:term":[{"taxonomy":"category","embeddable":true,"href":"https:\/\/www.blogdothame.blog.br\/v1\/wp-json\/wp\/v2\/categories?post=148963"},{"taxonomy":"post_tag","embeddable":true,"href":"https:\/\/www.blogdothame.blog.br\/v1\/wp-json\/wp\/v2\/tags?post=148963"}],"curies":[{"name":"wp","href":"https:\/\/api.w.org\/{rel}","templated":true}]}}