{"id":148582,"date":"2023-04-05T08:30:19","date_gmt":"2023-04-05T11:30:19","guid":{"rendered":"http:\/\/www.blogdothame.blog.br\/v1\/?p=148582"},"modified":"2023-04-04T17:54:31","modified_gmt":"2023-04-04T20:54:31","slug":"em-acao-de-interiorizacao-geraldo-junior-apresenta-bahia-sem-fome-em-feira-de-santana","status":"publish","type":"post","link":"https:\/\/www.blogdothame.blog.br\/v1\/2023\/04\/05\/em-acao-de-interiorizacao-geraldo-junior-apresenta-bahia-sem-fome-em-feira-de-santana\/","title":{"rendered":"Geraldo J\u00fanior apresenta Bahia Sem Fome em Feira de Santana"},"content":{"rendered":"<p dir=\"ltr\"><img loading=\"lazy\" class=\"aligncenter wp-image-148583\" src=\"http:\/\/www.blogdothame.blog.br\/v1\/wp-content\/uploads\/2023\/04\/feira-bsf-2.jpg\" alt=\"\" width=\"475\" height=\"317\" srcset=\"https:\/\/www.blogdothame.blog.br\/v1\/wp-content\/uploads\/2023\/04\/feira-bsf-2.jpg 640w, https:\/\/www.blogdothame.blog.br\/v1\/wp-content\/uploads\/2023\/04\/feira-bsf-2-300x200.jpg 300w\" sizes=\"(max-width: 475px) 100vw, 475px\" \/><\/p>\n<p dir=\"ltr\">O governador em exerc\u00edcio Geraldo J\u00fanior apresentou o Programa Bahia Sem Fome para profissionais da imprensa e representantes da sociedade civil de Feira de Santana, munic\u00edpio do Portal do Ser\u00e3o, na tarde desta ter\u00e7a-feira (4). A iniciativa faz parte da estrat\u00e9gia de interioriza\u00e7\u00e3o dos eixos do programa criado para garantir a seguran\u00e7a alimentar da popula\u00e7\u00e3o em vulnerabilidade social no estado. Os secret\u00e1rios de Comunica\u00e7\u00e3o, Andr\u00e9 Curvello, e da Justi\u00e7a e Direitos Humanos, Felipe Freitas tamb\u00e9m participaram do encontro e contribu\u00edram com informa\u00e7\u00f5es sobre as fases do programa.<\/p>\n<p dir=\"ltr\"><img loading=\"lazy\" class=\"aligncenter wp-image-148584\" src=\"http:\/\/www.blogdothame.blog.br\/v1\/wp-content\/uploads\/2023\/04\/feira-bsf-4.jpg\" alt=\"\" width=\"321\" height=\"214\" srcset=\"https:\/\/www.blogdothame.blog.br\/v1\/wp-content\/uploads\/2023\/04\/feira-bsf-4.jpg 640w, https:\/\/www.blogdothame.blog.br\/v1\/wp-content\/uploads\/2023\/04\/feira-bsf-4-300x200.jpg 300w\" sizes=\"(max-width: 321px) 100vw, 321px\" \/><\/p>\n<p dir=\"ltr\">Conforme Geraldo J\u00fanior, as a\u00e7\u00f5es de entrega dos alimentos s\u00e3o pensadas em parceria\u00a0 com as entidades da sociedade civil com anteced\u00eancia e os grupos contemplados se enquadram no perfil do p\u00fablico alvo do Bahia Sem Fome. &#8220;A distribui\u00e7\u00e3o \u00e9 feita sob a nossa fiscaliza\u00e7\u00e3o, sob a fiscaliza\u00e7\u00e3o dos \u00f3rg\u00e3os de controle, especialmente o Minist\u00e9rio P\u00fablico da Bahia. Essa busca ativa serve exatamente para que a gente possa identificar quem realmente est\u00e1 em situa\u00e7\u00e3o de vulnerabilidade. As entregas n\u00e3o ser\u00e3o feitas individualmente, e sim atrav\u00e9s da identifica\u00e7\u00e3o das institui\u00e7\u00f5es e \u00f3rg\u00e3os que j\u00e1 desenvolvem trabalhos com essas popula\u00e7\u00f5es&#8221;, detalhou.<\/p>\n<p dir=\"ltr\"><img loading=\"lazy\" class=\"aligncenter wp-image-148585\" src=\"http:\/\/www.blogdothame.blog.br\/v1\/wp-content\/uploads\/2023\/04\/feira-bsf-1.jpg\" alt=\"\" width=\"298\" height=\"199\" srcset=\"https:\/\/www.blogdothame.blog.br\/v1\/wp-content\/uploads\/2023\/04\/feira-bsf-1.jpg 640w, https:\/\/www.blogdothame.blog.br\/v1\/wp-content\/uploads\/2023\/04\/feira-bsf-1-300x200.jpg 300w\" sizes=\"(max-width: 298px) 100vw, 298px\" \/><\/p>\n<p dir=\"ltr\">As diretrizes e estrat\u00e9gias do Bahia Sem Fome est\u00e3o estruturadas para combater a inseguran\u00e7a alimentar da popula\u00e7\u00e3o que mais precisa. Em toda a Bahia, o programa conta com a colabora\u00e7\u00e3o de \u00f3rg\u00e3os do Estado que funcionam tamb\u00e9m como postos de arrecada\u00e7\u00e3o. De acordo com o titular da Comunica\u00e7\u00e3o, Andr\u00e9 Curvello, o programa Bahia Sem Fome foi idealizado ainda durante a campanha. &#8220;\u00c9 uma prioridade do governo pilotado por Jer\u00f4nimo e por Geraldo J\u00fanior. Estamos alinhados com o Governo Federal, somos um time e temos que nos fortalecer cada vez mais. O objetivo \u00e9 nobre, enfrentar essa mazela social, com milh\u00f5es de pessoas passando fome&#8221;.<\/p>\n<p dir=\"ltr\"><!--more--><\/p>\n<p dir=\"ltr\">Primeiros resultados<\/p>\n<p dir=\"ltr\"><img loading=\"lazy\" class=\"aligncenter size-medium wp-image-148586\" src=\"http:\/\/www.blogdothame.blog.br\/v1\/wp-content\/uploads\/2023\/04\/feira-bsf-3-300x200.jpg\" alt=\"\" width=\"300\" height=\"200\" srcset=\"https:\/\/www.blogdothame.blog.br\/v1\/wp-content\/uploads\/2023\/04\/feira-bsf-3-300x200.jpg 300w, https:\/\/www.blogdothame.blog.br\/v1\/wp-content\/uploads\/2023\/04\/feira-bsf-3.jpg 640w\" sizes=\"(max-width: 300px) 100vw, 300px\" \/>06<\/p>\n<p dir=\"ltr\">Com mais de 180 toneladas de alimentos arrecadados e 80 toneladas j\u00e1 entregues, o Bahia Sem Fome se divide em iniciativas estruturantes, como obras para oferecer acesso \u00e0 \u00e1gua e inclus\u00e3o produtiva, e emergenciais, como a mobiliza\u00e7\u00e3o social na arrecada\u00e7\u00e3o e distribui\u00e7\u00e3o de alimentos, e a busca ativa do benefici\u00e1rio. O site<a href=\"http:\/\/www.bahiasemfome.ba.gov.br\/\" target=\"_blank\" rel=\"noopener\" data-saferedirecturl=\"https:\/\/www.google.com\/url?q=http:\/\/www.bahiasemfome.ba.gov.br\/&amp;source=gmail&amp;ust=1680725468493000&amp;usg=AOvVaw2V0_hiE1tqUBJuvZU1LMyI\">\u00a0www.bahiasemfome.ba.gov.<wbr \/>br<\/a>\u00a0 sintetiza todas as informa\u00e7\u00f5es sobre o programa.<\/p>\n<p dir=\"ltr\">Fotos: Feij\u00e3o Almeida\/GOVBA<\/p>\n","protected":false},"excerpt":{"rendered":"<p>O governador em exerc\u00edcio Geraldo J\u00fanior apresentou o Programa Bahia Sem Fome para profissionais da imprensa e representantes da sociedade civil de Feira de Santana, munic\u00edpio do Portal do Ser\u00e3o, na tarde desta ter\u00e7a-feira (4). A iniciativa faz parte da estrat\u00e9gia de interioriza\u00e7\u00e3o dos eixos do programa criado para garantir a seguran\u00e7a alimentar da popula\u00e7\u00e3o [&hellip;]<\/p>\n","protected":false},"author":2,"featured_media":148583,"comment_status":"open","ping_status":"open","sticky":false,"template":"","format":"standard","meta":{"_links_to":"","_links_to_target":""},"categories":[33432],"tags":[12250,34893,358,32497],"_links":{"self":[{"href":"https:\/\/www.blogdothame.blog.br\/v1\/wp-json\/wp\/v2\/posts\/148582"}],"collection":[{"href":"https:\/\/www.blogdothame.blog.br\/v1\/wp-json\/wp\/v2\/posts"}],"about":[{"href":"https:\/\/www.blogdothame.blog.br\/v1\/wp-json\/wp\/v2\/types\/post"}],"author":[{"embeddable":true,"href":"https:\/\/www.blogdothame.blog.br\/v1\/wp-json\/wp\/v2\/users\/2"}],"replies":[{"embeddable":true,"href":"https:\/\/www.blogdothame.blog.br\/v1\/wp-json\/wp\/v2\/comments?post=148582"}],"version-history":[{"count":4,"href":"https:\/\/www.blogdothame.blog.br\/v1\/wp-json\/wp\/v2\/posts\/148582\/revisions"}],"predecessor-version":[{"id":148606,"href":"https:\/\/www.blogdothame.blog.br\/v1\/wp-json\/wp\/v2\/posts\/148582\/revisions\/148606"}],"wp:featuredmedia":[{"embeddable":true,"href":"https:\/\/www.blogdothame.blog.br\/v1\/wp-json\/wp\/v2\/media\/148583"}],"wp:attachment":[{"href":"https:\/\/www.blogdothame.blog.br\/v1\/wp-json\/wp\/v2\/media?parent=148582"}],"wp:term":[{"taxonomy":"category","embeddable":true,"href":"https:\/\/www.blogdothame.blog.br\/v1\/wp-json\/wp\/v2\/categories?post=148582"},{"taxonomy":"post_tag","embeddable":true,"href":"https:\/\/www.blogdothame.blog.br\/v1\/wp-json\/wp\/v2\/tags?post=148582"}],"curies":[{"name":"wp","href":"https:\/\/api.w.org\/{rel}","templated":true}]}}