{"id":148545,"date":"2023-04-04T14:34:50","date_gmt":"2023-04-04T17:34:50","guid":{"rendered":"http:\/\/www.blogdothame.blog.br\/v1\/?p=148545"},"modified":"2023-04-04T14:36:10","modified_gmt":"2023-04-04T17:36:10","slug":"na-china-governador-jeronimo-rodrigues-participa-de-reuniao-sobre-os-investimentos-da-ponte-salvador-itaparica","status":"publish","type":"post","link":"https:\/\/www.blogdothame.blog.br\/v1\/2023\/04\/04\/na-china-governador-jeronimo-rodrigues-participa-de-reuniao-sobre-os-investimentos-da-ponte-salvador-itaparica\/","title":{"rendered":"Na China, governador Jer\u00f4nimo Rodrigues participa de reuni\u00e3o sobre os investimentos da Ponte Salvador-Itaparica"},"content":{"rendered":"<p>&nbsp;<\/p>\n<p><img loading=\"lazy\" class=\"aligncenter wp-image-148546\" src=\"http:\/\/www.blogdothame.blog.br\/v1\/wp-content\/uploads\/2023\/04\/china-4-abril-2.jpg\" alt=\"\" width=\"448\" height=\"253\" srcset=\"https:\/\/www.blogdothame.blog.br\/v1\/wp-content\/uploads\/2023\/04\/china-4-abril-2.jpg 512w, https:\/\/www.blogdothame.blog.br\/v1\/wp-content\/uploads\/2023\/04\/china-4-abril-2-300x169.jpg 300w\" sizes=\"(max-width: 448px) 100vw, 448px\" \/><\/p>\n<p>Uma reuni\u00e3o em Pequim, na sede da empresa CCCC &#8211; China Communications Construction Company, uma das acionistas da Concession\u00e1ria Ponte Salvador-Itaparica, marcou o avan\u00e7o nas negocia\u00e7\u00f5es para a viabiliza\u00e7\u00e3o do projeto. O governador Jer\u00f4nimo Rodrigues e o presidente adjunto da CCCC, Sun Liqiang, discutiram, nesta ter\u00e7a-feira (4), aspectos t\u00e9cnicos e financeiros do projeto, acompanhados de executivos chineses e dos secret\u00e1rios estaduais de Desenvolvimento Econ\u00f4mico, Angelo Almeida; e de Ci\u00eancia e Tecnologia, Andr\u00e9 Joazeiro. Virtualmente, participaram o secret\u00e1rio estadual da Fazenda, Manoel Vit\u00f3rio, e o presidente da Concession\u00e1ria, Cl\u00e1udio Villas Boas.<\/p>\n<p><img loading=\"lazy\" class=\"aligncenter wp-image-148547\" src=\"http:\/\/www.blogdothame.blog.br\/v1\/wp-content\/uploads\/2023\/04\/china-4-abril-3.jpg\" alt=\"\" width=\"399\" height=\"225\" srcset=\"https:\/\/www.blogdothame.blog.br\/v1\/wp-content\/uploads\/2023\/04\/china-4-abril-3.jpg 512w, https:\/\/www.blogdothame.blog.br\/v1\/wp-content\/uploads\/2023\/04\/china-4-abril-3-300x169.jpg 300w\" sizes=\"(max-width: 399px) 100vw, 399px\" \/><\/p>\n<p>Com a pandemia e a guerra da Ucr\u00e2nia houve uma eleva\u00e7\u00e3o no pre\u00e7o dos materiais de constru\u00e7\u00e3o e nos custos de financiamento, o que foi discutido no encontro. &#8220;Aqui, foi a continuidade do que venho fazendo desde a transi\u00e7\u00e3o e depois que assumi o governo. J\u00e1 fomos por diversas vezes ao encontro da CCCC em S\u00e3o Paulo e em Bras\u00edlia, fazendo esse alinhamento da situa\u00e7\u00e3o que \u00e9 uma realidade e que ningu\u00e9m controla, mas que temos de superar. Eles argumentam que, com a pandemia e a infla\u00e7\u00e3o, vai ser preciso reequilibrar os pre\u00e7os e a capta\u00e7\u00e3o de recursos para o financiamento da Ponte&#8221;, explicou Jer\u00f4nimo.<\/p>\n<p><img loading=\"lazy\" class=\"aligncenter wp-image-148548\" src=\"http:\/\/www.blogdothame.blog.br\/v1\/wp-content\/uploads\/2023\/04\/china-4-abril-5.jpg\" alt=\"\" width=\"401\" height=\"301\" srcset=\"https:\/\/www.blogdothame.blog.br\/v1\/wp-content\/uploads\/2023\/04\/china-4-abril-5.jpg 512w, https:\/\/www.blogdothame.blog.br\/v1\/wp-content\/uploads\/2023\/04\/china-4-abril-5-300x225.jpg 300w\" sizes=\"(max-width: 401px) 100vw, 401px\" \/><\/p>\n<p>O governador destacou que, neste sentido, alguns passos importantes j\u00e1 foram dados. Na semana passada, o Banco do Nordeste liberou o montante de R$ 3 bilh\u00f5es para financiar parte do projeto. Al\u00e9m desse valor, o Banco Nacional de Desenvolvimento Econ\u00f4mico e Social (BNDES) e um banco Chin\u00eas tamb\u00e9m est\u00e3o em negocia\u00e7\u00e3o avan\u00e7ada para participar do financiamento da obra.<\/p>\n<p><!--more--><\/p>\n<p>Ainda no encontro desta ter\u00e7a, o governador assistiu a uma apresenta\u00e7\u00e3o sobre a capacidade t\u00e9cnica da CCCC que foi respons\u00e1vel pela constru\u00e7\u00e3o de sete das dez maiores pontes do mundo e possui alta tecnologia construtiva.<\/p>\n<p><img loading=\"lazy\" class=\"aligncenter wp-image-148549\" src=\"http:\/\/www.blogdothame.blog.br\/v1\/wp-content\/uploads\/2023\/04\/china-4-abril-6.jpg\" alt=\"\" width=\"339\" height=\"254\" srcset=\"https:\/\/www.blogdothame.blog.br\/v1\/wp-content\/uploads\/2023\/04\/china-4-abril-6.jpg 512w, https:\/\/www.blogdothame.blog.br\/v1\/wp-content\/uploads\/2023\/04\/china-4-abril-6-300x225.jpg 300w\" sizes=\"(max-width: 339px) 100vw, 339px\" \/><\/p>\n<p>&#8220;Foi uma reuni\u00e3o produtiva, tratamos do aspecto t\u00e9cnico e financeiro. Foi mais uma etapa e podemos acenar na expectativa de que, nos pr\u00f3ximos meses, teremos boas novidades fruto dessas reuni\u00f5es aqui na China&#8221;, afirmou Jer\u00f4nimo.<\/p>\n<p><img loading=\"lazy\" class=\"aligncenter wp-image-148550\" src=\"http:\/\/www.blogdothame.blog.br\/v1\/wp-content\/uploads\/2023\/04\/china-4-abril-1.jpg\" alt=\"\" width=\"230\" height=\"260\" srcset=\"https:\/\/www.blogdothame.blog.br\/v1\/wp-content\/uploads\/2023\/04\/china-4-abril-1.jpg 287w, https:\/\/www.blogdothame.blog.br\/v1\/wp-content\/uploads\/2023\/04\/china-4-abril-1-265x300.jpg 265w\" sizes=\"(max-width: 230px) 100vw, 230px\" \/><\/p>\n<p>Ainda nesta ter\u00e7a-feira (4) \u00e0 noite, hor\u00e1rio Brasil, o governador e a comitiva baiana deixam Pequim e seguem para Xian, outro importante centro de neg\u00f3cios da China, onde participam de uma reuni\u00e3o com a CR20, acionista que det\u00e9m os outros 50% da Concession\u00e1ria Ponte Salvador-Itaparica.<\/p>\n<p>&nbsp;<\/p>\n<p>Texto e fotos: Daniel Senna\/GOVBA<\/p>\n","protected":false},"excerpt":{"rendered":"<p>&nbsp; Uma reuni\u00e3o em Pequim, na sede da empresa CCCC &#8211; China Communications Construction Company, uma das acionistas da Concession\u00e1ria Ponte Salvador-Itaparica, marcou o avan\u00e7o nas negocia\u00e7\u00f5es para a viabiliza\u00e7\u00e3o do projeto. O governador Jer\u00f4nimo Rodrigues e o presidente adjunto da CCCC, Sun Liqiang, discutiram, nesta ter\u00e7a-feira (4), aspectos t\u00e9cnicos e financeiros do projeto, acompanhados [&hellip;]<\/p>\n","protected":false},"author":2,"featured_media":148546,"comment_status":"open","ping_status":"open","sticky":false,"template":"","format":"standard","meta":{"_links_to":"","_links_to_target":""},"categories":[33432],"tags":[1398,34470,795],"_links":{"self":[{"href":"https:\/\/www.blogdothame.blog.br\/v1\/wp-json\/wp\/v2\/posts\/148545"}],"collection":[{"href":"https:\/\/www.blogdothame.blog.br\/v1\/wp-json\/wp\/v2\/posts"}],"about":[{"href":"https:\/\/www.blogdothame.blog.br\/v1\/wp-json\/wp\/v2\/types\/post"}],"author":[{"embeddable":true,"href":"https:\/\/www.blogdothame.blog.br\/v1\/wp-json\/wp\/v2\/users\/2"}],"replies":[{"embeddable":true,"href":"https:\/\/www.blogdothame.blog.br\/v1\/wp-json\/wp\/v2\/comments?post=148545"}],"version-history":[{"count":1,"href":"https:\/\/www.blogdothame.blog.br\/v1\/wp-json\/wp\/v2\/posts\/148545\/revisions"}],"predecessor-version":[{"id":148551,"href":"https:\/\/www.blogdothame.blog.br\/v1\/wp-json\/wp\/v2\/posts\/148545\/revisions\/148551"}],"wp:featuredmedia":[{"embeddable":true,"href":"https:\/\/www.blogdothame.blog.br\/v1\/wp-json\/wp\/v2\/media\/148546"}],"wp:attachment":[{"href":"https:\/\/www.blogdothame.blog.br\/v1\/wp-json\/wp\/v2\/media?parent=148545"}],"wp:term":[{"taxonomy":"category","embeddable":true,"href":"https:\/\/www.blogdothame.blog.br\/v1\/wp-json\/wp\/v2\/categories?post=148545"},{"taxonomy":"post_tag","embeddable":true,"href":"https:\/\/www.blogdothame.blog.br\/v1\/wp-json\/wp\/v2\/tags?post=148545"}],"curies":[{"name":"wp","href":"https:\/\/api.w.org\/{rel}","templated":true}]}}