{"id":148394,"date":"2023-03-31T11:00:52","date_gmt":"2023-03-31T14:00:52","guid":{"rendered":"http:\/\/www.blogdothame.blog.br\/v1\/?p=148394"},"modified":"2023-03-31T11:39:44","modified_gmt":"2023-03-31T14:39:44","slug":"prefeitura-de-itacare-realiza-encontro-sobre-autismo","status":"publish","type":"post","link":"https:\/\/www.blogdothame.blog.br\/v1\/2023\/03\/31\/prefeitura-de-itacare-realiza-encontro-sobre-autismo\/","title":{"rendered":"Prefeitura de Itacar\u00e9 realiza encontro sobre autismo"},"content":{"rendered":"<p><img loading=\"lazy\" class=\"aligncenter  wp-image-148395\" src=\"http:\/\/www.blogdothame.blog.br\/v1\/wp-content\/uploads\/2023\/03\/autismo-itac-2.jpeg\" alt=\"\" width=\"393\" height=\"221\" srcset=\"https:\/\/www.blogdothame.blog.br\/v1\/wp-content\/uploads\/2023\/03\/autismo-itac-2.jpeg 640w, https:\/\/www.blogdothame.blog.br\/v1\/wp-content\/uploads\/2023\/03\/autismo-itac-2-300x169.jpeg 300w\" sizes=\"(max-width: 393px) 100vw, 393px\" \/><\/p>\n<p>Para ampliar o conhecimento e atender melhor os alunos com Transtorno de Espectro Autista da Rede Municipal, a Prefeitura de Itacar\u00e9, atrav\u00e9s da Secretaria Municipal de Educa\u00e7\u00e3o, realizou na tarde desta quinta-feira (30), uma roda de conversa com as m\u00e3es e pais, respons\u00e1veis, professores, alunos e a presen\u00e7a de profissionais da \u00e1rea da sa\u00fade. O encontro aconteceu no Audit\u00f3rio do Centro Educacional de Itacar\u00e9 &#8211; CEI.<\/p>\n<p><img loading=\"lazy\" class=\"alignright size-medium wp-image-148396\" src=\"http:\/\/www.blogdothame.blog.br\/v1\/wp-content\/uploads\/2023\/03\/autismo-itac-1-300x169.jpeg\" alt=\"\" width=\"300\" height=\"169\" srcset=\"https:\/\/www.blogdothame.blog.br\/v1\/wp-content\/uploads\/2023\/03\/autismo-itac-1-300x169.jpeg 300w, https:\/\/www.blogdothame.blog.br\/v1\/wp-content\/uploads\/2023\/03\/autismo-itac-1.jpeg 640w\" sizes=\"(max-width: 300px) 100vw, 300px\" \/>Um importante momento de troca de experi\u00eancias e viv\u00eancia, no qual os pais presentes puderam dialogar, tirar d\u00favidas e compreender o que o munic\u00edpio vem realizando para atender e acolher os seus filhos. A iniciativa teve como objetivo ouvir as principais dificuldades e desafios que os pais e respons\u00e1veis, e professores de crian\u00e7as com TEA (Transtorno do Espectro Autista), enfrentam no dia a dia, al\u00e9m de promover est\u00edmulos e supera\u00e7\u00e3o.<\/p>\n<p>Dentre os assuntos abordados est\u00e3o a rela\u00e7\u00e3o que os pais devem ter com as crian\u00e7as autistas; elabora\u00e7\u00e3o de v\u00e1rios projetos para dar prioridade aos autistas nos servi\u00e7os e benef\u00edcios p\u00fablicos; acompanhamento escolar; capacita\u00e7\u00e3o de profissionais e pais para lidar com essas crian\u00e7as e jovens; e desenvolvimento de a\u00e7\u00f5es que priorizem o lazer e a pr\u00e1tica de esportes para eles, sa\u00fade, educa\u00e7\u00e3o, resid\u00eancia inclusiva, entre outras.<\/p>\n<p><!--more--><\/p>\n<p>Vale ainda ressaltar que a Prefeitura de Itacar\u00e9 vem expandindo e melhorando, cada vez mais, a rede de assist\u00eancia \u00e0s pessoas com defici\u00eancia f\u00edsica, auditiva, visual, intelectual e autismo com a constru\u00e7\u00e3o de uma educa\u00e7\u00e3o inclusiva, equitativa e de qualidade.<\/p>\n","protected":false},"excerpt":{"rendered":"<p>Para ampliar o conhecimento e atender melhor os alunos com Transtorno de Espectro Autista da Rede Municipal, a Prefeitura de Itacar\u00e9, atrav\u00e9s da Secretaria Municipal de Educa\u00e7\u00e3o, realizou na tarde desta quinta-feira (30), uma roda de conversa com as m\u00e3es e pais, respons\u00e1veis, professores, alunos e a presen\u00e7a de profissionais da \u00e1rea da sa\u00fade. O [&hellip;]<\/p>\n","protected":false},"author":2,"featured_media":148395,"comment_status":"open","ping_status":"open","sticky":false,"template":"","format":"standard","meta":{"_links_to":"","_links_to_target":""},"categories":[33435],"tags":[35012,17748],"_links":{"self":[{"href":"https:\/\/www.blogdothame.blog.br\/v1\/wp-json\/wp\/v2\/posts\/148394"}],"collection":[{"href":"https:\/\/www.blogdothame.blog.br\/v1\/wp-json\/wp\/v2\/posts"}],"about":[{"href":"https:\/\/www.blogdothame.blog.br\/v1\/wp-json\/wp\/v2\/types\/post"}],"author":[{"embeddable":true,"href":"https:\/\/www.blogdothame.blog.br\/v1\/wp-json\/wp\/v2\/users\/2"}],"replies":[{"embeddable":true,"href":"https:\/\/www.blogdothame.blog.br\/v1\/wp-json\/wp\/v2\/comments?post=148394"}],"version-history":[{"count":1,"href":"https:\/\/www.blogdothame.blog.br\/v1\/wp-json\/wp\/v2\/posts\/148394\/revisions"}],"predecessor-version":[{"id":148397,"href":"https:\/\/www.blogdothame.blog.br\/v1\/wp-json\/wp\/v2\/posts\/148394\/revisions\/148397"}],"wp:featuredmedia":[{"embeddable":true,"href":"https:\/\/www.blogdothame.blog.br\/v1\/wp-json\/wp\/v2\/media\/148395"}],"wp:attachment":[{"href":"https:\/\/www.blogdothame.blog.br\/v1\/wp-json\/wp\/v2\/media?parent=148394"}],"wp:term":[{"taxonomy":"category","embeddable":true,"href":"https:\/\/www.blogdothame.blog.br\/v1\/wp-json\/wp\/v2\/categories?post=148394"},{"taxonomy":"post_tag","embeddable":true,"href":"https:\/\/www.blogdothame.blog.br\/v1\/wp-json\/wp\/v2\/tags?post=148394"}],"curies":[{"name":"wp","href":"https:\/\/api.w.org\/{rel}","templated":true}]}}