{"id":147962,"date":"2023-03-23T07:00:59","date_gmt":"2023-03-23T10:00:59","guid":{"rendered":"http:\/\/www.blogdothame.blog.br\/v1\/?p=147962"},"modified":"2023-03-22T15:43:10","modified_gmt":"2023-03-22T18:43:10","slug":"neoenergia-lanca-primeiro-complexo-de-geracao-associada-de-energia-renovavel-no-brasil","status":"publish","type":"post","link":"https:\/\/www.blogdothame.blog.br\/v1\/2023\/03\/23\/neoenergia-lanca-primeiro-complexo-de-geracao-associada-de-energia-renovavel-no-brasil\/","title":{"rendered":"Neoenergia lan\u00e7a primeiro complexo de gera\u00e7\u00e3o associada de energia renov\u00e1vel no Brasil"},"content":{"rendered":"<p><img loading=\"lazy\" class=\"aligncenter size-full wp-image-147964\" src=\"http:\/\/www.blogdothame.blog.br\/v1\/wp-content\/uploads\/2023\/03\/coelba-2-1.jpg\" alt=\"\" width=\"379\" height=\"284\" srcset=\"https:\/\/www.blogdothame.blog.br\/v1\/wp-content\/uploads\/2023\/03\/coelba-2-1.jpg 379w, https:\/\/www.blogdothame.blog.br\/v1\/wp-content\/uploads\/2023\/03\/coelba-2-1-300x225.jpg 300w\" sizes=\"(max-width: 379px) 100vw, 379px\" \/>23<\/p>\n<p>&nbsp;<\/p>\n<p>A Neoenergia lan\u00e7ou, nesta quarta-feira (22), o primeiro complexo de gera\u00e7\u00e3o associada de energia renov\u00e1vel no Brasil. Localizado no sert\u00e3o da Para\u00edba, o Complexo Renov\u00e1vel Neoenergia integra de forma in\u00e9dita a gera\u00e7\u00e3o de energia e\u00f3lica e solar de Neoenergia Chafariz e Neoenergia Luzia, respectivamente. Os\u00a0parques est\u00e3o conectados ao Sistema Interligado Nacional (SIN)\u00a0pela subesta\u00e7\u00e3o\u00a0Neoenergia Santa Luzia II?\u00a0e a respectiva linha de transmiss\u00e3o.\u00a0O investimento total soma cerca de R$ 3,5 bilh\u00f5es.<\/p>\n<p><img loading=\"lazy\" class=\"alignright size-medium wp-image-147963\" src=\"http:\/\/www.blogdothame.blog.br\/v1\/wp-content\/uploads\/2023\/03\/coelba-2-300x200.jpg\" alt=\"\" width=\"300\" height=\"200\" srcset=\"https:\/\/www.blogdothame.blog.br\/v1\/wp-content\/uploads\/2023\/03\/coelba-2-300x200.jpg 300w, https:\/\/www.blogdothame.blog.br\/v1\/wp-content\/uploads\/2023\/03\/coelba-2.jpg 484w\" sizes=\"(max-width: 300px) 100vw, 300px\" \/>A energia gerada pelo Complexo Renov\u00e1vel Neoenergia \u00e9 de 0,6GW, suficiente para abastecer 1,3 milh\u00e3o de resid\u00eancias por ano.\u00a0 Pioneiro no pa\u00eds, o projeto destaca-se pela sinergia entre os ativos dos parques e\u00f3lico e solar com a linha de transmiss\u00e3o e a subesta\u00e7\u00e3o. Essa caracter\u00edstica otimiza o uso da rede de transmiss\u00e3o em fun\u00e7\u00e3o da complementariedade das fontes.<\/p>\n<p>Dessa forma, a Neoenergia atende \u00e0 demanda de expans\u00e3o do SIN;\u00a0diversifica o seu portf\u00f3lio em energia limpa; refor\u00e7a seu compromisso com o desenvolvimento do setor de energia brasileiro de forma inovadora, eficiente e sustent\u00e1vel, como tamb\u00e9m se posiciona \u00e0 frente\u00a0para o\u00a0crescimento da liberaliza\u00e7\u00e3o do mercado pela comercializa\u00e7\u00e3o da energia gerada no ambiente livre.<\/p>\n<p><!--more--><\/p>\n<p>\u201cO projeto representa a vis\u00e3o integrada que temos dos nossos neg\u00f3cios.\u00a0Acreditamos que o caminho promissor para um futuro mais econ\u00f4mico e sustent\u00e1vel aponta para a gera\u00e7\u00e3o de energia por fontes renov\u00e1veis integradas atrav\u00e9s de redes inteligentes.\u00a0Com o Complexo Renov\u00e1vel Neoenergia,\u00a0alcan\u00e7amos 90% da capacidade instalada em energia limpa. Estamos preparados para atender os brasileiros com confiabilidade e seguran\u00e7a, tendo em vista a crescente demanda do mercado livre\u201d,\u00a0afirma o CEO da Neoenergia, Eduardo Capelastegui.\u00a0O executivo acrescenta que o empreendimento contou com financiamento de institui\u00e7\u00f5es nacionais e internacionais.<\/p>\n<p>&nbsp;<\/p>\n<p>O Complexo Renov\u00e1vel Neoenergia se estende por uma \u00e1rea arrendada de 8.700 hectares, em que somente 14% est\u00e1 ocupada, nos munic\u00edpios de Santa Luiza, Areia de Bara\u00fanas, S\u00e3o Jos\u00e9 de Sabugi e S\u00e3o Mamede, na Para\u00edba.<\/p>\n<p>Formado por 15 parques e\u00f3licos e 136 aerogeradores, Neoenergia Chafariz atua com capacidade instalada de 471,2 MW, j\u00e1 em opera\u00e7\u00e3o plena desde o in\u00edcio de 2022. J\u00e1 as duas plantas de Neoenergia Luzia, com 228 mil pain\u00e9is e pot\u00eancia instalada de 149,2 MWp, marcam a estreia da companhia na gera\u00e7\u00e3o fotovoltaica centralizada.\u00a0A energia gerada ser\u00e1\u00a0destinada ao Ambiente de Contrata\u00e7\u00e3o Regulada (ACR) e ao Ambiente de Contrata\u00e7\u00e3o Livre (ACL), alinhado com a estrat\u00e9gia de posicionamento na liberaliza\u00e7\u00e3o do mercado de energia brasileiro.<\/p>\n<p>O empreendimento se soma aos demais neg\u00f3cios da Neoenergia que atua em todos os segmentos do setor el\u00e9trico brasileiro. Na distribui\u00e7\u00e3o, a Neoenergia atende a 16 milh\u00f5es de clientes na Bahia (Neoenergia Coelba), Pernambuco, Rio Grande do Norte, S\u00e3o Paulo e Distrito Federal.<\/p>\n<p>&nbsp;<\/p>\n<p>Evento<\/p>\n<p>A cerim\u00f4nia de lan\u00e7amento foi realizada no munic\u00edpio de Santa Luzia (PB), a cerca de 300 quil\u00f4metros da capital Jo\u00e3o Pessoa. O evento contou com a presen\u00e7a do CEO da Neoenergia, Eduardo Capelastegui; do presidente executivo da Iberdrola (grupo espanhol controlador da companhia), Ignacio Gal\u00e1n; do governador da Para\u00edba, Jo\u00e3o Azev\u00eado e; do ministro de Minas e Energia, Alexandre Silveira. O Presidente da Rep\u00fablica, Luiz In\u00e1cio Lula da Silva, tamb\u00e9m esteve presente.<\/p>\n<p>&nbsp;<\/p>\n<p>Inova\u00e7\u00e3o<\/p>\n<p>A gera\u00e7\u00e3o associada de diferentes fontes energ\u00e9ticas \u00e9 uma inova\u00e7\u00e3o regulat\u00f3ria recente no pa\u00eds dentro do conceito de hibrida\u00e7\u00e3o de fontes e otimiza\u00e7\u00e3o do setor. O processo do empreendimento da Neoenergia foi pioneiro no Brasil, aprovado pela Aneel no segundo semestre de 2022.<\/p>\n<p>\u201cEssa estrat\u00e9gia teve o objetivo de aproveitar, de forma eficiente, os recursos dos complexos e\u00f3lico e solar, valorizando a complementariedade dessas fontes com inova\u00e7\u00e3o tecnol\u00f3gica e otimiza\u00e7\u00e3o do uso da rede de transmiss\u00e3o.\u00a0 Assim, de forma combinada, o parque gerador e a linha de transmiss\u00e3o inauguram um novo modelo de neg\u00f3cio, privilegiando a integra\u00e7\u00e3o entre os neg\u00f3cios\u00a0com cria\u00e7\u00e3o de valor na aloca\u00e7\u00e3o de capital e na qualidade da opera\u00e7\u00e3o&#8221;, ressalta a\u00a0diretora-executiva de Renov\u00e1veis, Laura Porto.<\/p>\n<p>O desempenho em Renov\u00e1veis contribuiu para a boa performance em 2022 da Neoenergia, que teve lucro de R$ 4,7 bilh\u00f5es, 20% a mais na compara\u00e7\u00e3o com 2021.\u00a0O lucro no segmento de neg\u00f3cios foi de R$ 314 milh\u00f5es no acumulado do ano, o que representa uma alta relevante de 1.156% em rela\u00e7\u00e3o a 2021.\u00a0A companhia tamb\u00e9m verificou aumento da gera\u00e7\u00e3o\u00a0solar?\u00a0e\u00a0e\u00f3lica\u00a0em 70% em rela\u00e7\u00e3o a 2021, com um total de 3.934\u00a0GWh. A matriz e\u00f3lica apresentou dados expressivos, fechando o ano com alta de 66,15%, com 3.843 GWh produzidos. A gera\u00e7\u00e3o da fonte solar no per\u00edodo foi de 91 GWh.<\/p>\n<p>&nbsp;<\/p>\n<p>Opera\u00e7\u00e3o<\/p>\n<p>A conex\u00e3o \u00e0 rede ser\u00e1 garantida pela subesta\u00e7\u00e3o e linha de transmiss\u00e3o, com extens\u00e3o de 345 quil\u00f4metros.\u00a0 A sinergia permite uma gest\u00e3o mais eficiente das duas fontes renov\u00e1veis, a redu\u00e7\u00e3o de custos e o melhor aproveitamento de todas as respectivas potencialidades, inclusive do sistema de transmiss\u00e3o.\u00a0\u201cTemos condi\u00e7\u00f5es de garantirmos um sistema confi\u00e1vel com a gera\u00e7\u00e3o por fontes renov\u00e1veis. Para tanto, a expans\u00e3o da transmiss\u00e3o \u00e9 fundamental para permitir o escoamento dessa energia e assim acompanharmos o ritmo que a transi\u00e7\u00e3o energ\u00e9tica exige\u201d, afirma\u00a0F\u00falvio Machado, diretor-executivo de Neg\u00f3cio de Redes da Neoenergia.<\/p>\n<p>&nbsp;<\/p>\n<p>Pioneirismo<\/p>\n<p>A execu\u00e7\u00e3o de projetos com fontes renov\u00e1veis faz parte da hist\u00f3ria da Neoenergia. A companhia foi uma das primeiras a instalar parques e\u00f3licos onshore, com Rio do Fogo (RN), em opera\u00e7\u00e3o desde 2006, e vem firmando acordos para o desenvolvimento de projetos de novas tecnologias, como a e\u00f3lica offshore, se mantendo na vanguarda nacional das fontes renov\u00e1veis.<\/p>\n<p>A Neoenergia segue com o compromisso de investir na descarboniza\u00e7\u00e3o e na expans\u00e3o de novas tecnologias. O crescimento em Renov\u00e1veis acompanha a moderniza\u00e7\u00e3o do setor, mantendo\u00a0as melhores pr\u00e1ticas ESG (sigla em ingl\u00eas para ambiental, social e governan\u00e7a), gerando valor para a sociedade e contribuindo de forma respons\u00e1vel para o desenvolvimento sustent\u00e1vel nas regi\u00f5es onde\u00a0a companhia atua.<\/p>\n<p>&nbsp;<\/p>\n<p>Redu\u00e7\u00e3o de CO2<\/p>\n<p>Com a energia limpa produzida no Complexo Renov\u00e1vel Neoenergia, ser\u00e1 poss\u00edvel evitar a emiss\u00e3o de mais de 100 mil\u00a0toneladas de CO2 por ano, apoiando o combate \u00e0s mudan\u00e7as clim\u00e1ticas. Os indicadores refor\u00e7am a dedica\u00e7\u00e3o da Neoenergia em estimular a universaliza\u00e7\u00e3o do acesso \u00e0 energia e as fontes renov\u00e1veis em dire\u00e7\u00e3o \u00e0 meta de situar as emiss\u00f5es na gera\u00e7\u00e3o abaixo de 20 gramas de CO2 por kWh, visando alcan\u00e7ar a neutralidade em carbono em 2050.?<\/p>\n<p>&nbsp;<\/p>\n<p>Aspectos sociais<\/p>\n<p>O Complexo Renov\u00e1vel Neoenergia gera ainda benef\u00edcios socioecon\u00f4micos para a regi\u00e3o. Foram realizadas mais de 680 horas de aulas de capacita\u00e7\u00e3o, em que foram treinadas cerca de 180 pessoas como pedreiro, carpinteiro e ferreiro. Outras 150 pessoas tamb\u00e9m foram formadas em cursos de montador de estruturas met\u00e1licas de placas solares. Essas iniciativas ampliam as oportunidades de inser\u00e7\u00e3o no mercado de trabalho aos moradores. Dos mais de 3,6 mil empregos diretos e indiretos criados desde a constru\u00e7\u00e3o dos parques e da linha de transmiss\u00e3o, 40% foram de m\u00e3o de obra local.<\/p>\n<p>A implanta\u00e7\u00e3o dos parques ainda enfrentou um grande desafio durante a pandemia de Covid-19. A Neoenergia criou um protocolo que se tornou refer\u00eancia para o setor el\u00e9trico brasileiro no que se refere \u00e0 preven\u00e7\u00e3o e cuidados dos empregados e da popula\u00e7\u00e3o local. Al\u00e9m disso, foram mais de 7 milh\u00f5es de horas trabalhadas sem acidentes com afastamento, o que refor\u00e7a o compromisso da companhia com a vida.<\/p>\n<p>Outro\u00a0 exemplo de iniciativa voltada para a regi\u00e3o \u00e9 o\u00a0Programa SER, idealizado pelo\u00a0Instituto Neoenergia\u00a0e realizado pela Ag\u00eancia de Desenvolvimento Econ\u00f4mico Local (Adel), que promove a\u00e7\u00f5es em 14 comunidades da Para\u00edba e do Rio Grande do Norte. Desde 2020, o programa atendeu 775 fam\u00edlias, beneficiando mais de 3 mil pessoas. A iniciativa atua em pilares que impactam diretamente no \u00cdndice de Desenvolvimento Humano Municipal (IDHM) das regi\u00f5es envolvidas, atendendo aos tr\u00eas eixos do \u00cdndice e que tamb\u00e9m representam a sigla do projeto: Sa\u00fade, Educa\u00e7\u00e3o e Renda.<\/p>\n<p>&nbsp;<\/p>\n<p>Para entender a diferen\u00e7a entre usinas h\u00edbridas e usinas associadas.\u00a0Veja abaixo e saiba mais\u00a0no site da Neoenergia.<\/p>\n<p>&nbsp;<\/p>\n<p>O que s\u00e3o usinas h\u00edbridas?<\/p>\n<p>A Central Geradora H\u00edbrida (UGH) \u00e9 uma instala\u00e7\u00e3o para a produ\u00e7\u00e3o de energia el\u00e9trica utilizando a combina\u00e7\u00e3o de mais de uma tecnologia, entre elas, e\u00f3lica e solar, hidr\u00e1ulica e fotovoltaica, entre outras fontes integradas.<\/p>\n<p>Para que seja considerado h\u00edbrido, o projeto deve ter uma\u00a0\u00fanica medi\u00e7\u00e3o\u00a0e\u00a0uma \u00fanica\u00a0outorga, que \u00e9 a autoriza\u00e7\u00e3o concedida pelo poder p\u00fablico para o projeto. No setor el\u00e9trico, o \u00f3rg\u00e3o respons\u00e1vel pela concess\u00e3o para as empresas de gera\u00e7\u00e3o \u00e9 a Ag\u00eancia Nacional de Energia El\u00e9trica (Aneel).<\/p>\n<p>&nbsp;<\/p>\n<p>O que s\u00e3o usinas associadas?<\/p>\n<p>As centrais geradoras associadas tamb\u00e9m integram duas ou mais fontes de energia, mas a diferen\u00e7a entre elas e as usinas h\u00edbridas est\u00e1 na outorga e na medi\u00e7\u00e3o, que ser\u00e3o necessariamente distintas. As associadas obrigatoriamente compartilham a infraestrutura de conex\u00e3o ao sistema el\u00e9trico de transmiss\u00e3o.<\/p>\n<p>Para projetos se associarem estes devem, obrigatoriamente, serem de fontes distintas. Todavia, n\u00e3o h\u00e1 ordem estabelecida para a entrada em opera\u00e7\u00e3o comercial ou para a obten\u00e7\u00e3o da outorga. Quaisquer dos projetos poder\u00e3o j\u00e1 estar em opera\u00e7\u00e3o, sem preju\u00edzo de uma associa\u00e7\u00e3o posterior com o outro parque, desde que atendidos certos condicionantes, quais sejam: o parque que pretende se associar ao outro existente n\u00e3o poder\u00e1 ter Contratos de Uso do Sistema de Transmiss\u00e3o (CUST) assinado e, dever\u00e1 compartilhar as instala\u00e7\u00f5es de uso restrito de transmiss\u00e3o de forma que o ponto de conex\u00e3o ao sistema de transmiss\u00e3o seja \u00fanico.<\/p>\n<p>&nbsp;<\/p>\n<p>Vantagens das usinas h\u00edbridas e associadas<\/p>\n<p>Diminui\u00e7\u00e3o de custos e efici\u00eancia nas instala\u00e7\u00f5es dos projetos.<\/p>\n<p>A otimiza\u00e7\u00e3o do uso da rede el\u00e9trica \u00e9 o principal benef\u00edcio da gera\u00e7\u00e3o de energia por diferentes fontes que compartilham a mesma infraestrutura de transmiss\u00e3o. Como a energia renov\u00e1vel \u00e9 intermitente, dependendo da disponibilidade dos recursos naturais para a produ\u00e7\u00e3o, nos momentos em que um deles n\u00e3o \u00e9 suficiente, o outro pode suprir a demanda utilizando um \u201cespa\u00e7o ocioso\u201d na rede de transmiss\u00e3o, sem necessidade de expans\u00e3o da mesma.<\/p>\n<p>Na integra\u00e7\u00e3o de plantas e\u00f3licas e solares, enquanto as fotovoltaicas t\u00eam o melhor desempenho no meio de dias ensolarados, os ventos mais adequados para a gera\u00e7\u00e3o de energia normalmente acontecem \u00e0 noite porque, sem o sol, h\u00e1 uma mudan\u00e7a na temperatura que provoca a movimenta\u00e7\u00e3o do ar. Assim, ocorre uma complementaridade entre as fontes.<\/p>\n<p>Com isso, especialmente para as usinas h\u00edbridas, \u00e9 poss\u00edvel tamb\u00e9m dar mais previsibilidade aos projetos renov\u00e1veis, reduzindo a variabilidade da gera\u00e7\u00e3o ao longo do tempo.<\/p>\n<p>&nbsp;<\/p>\n<p>Regulamenta\u00e7\u00e3o das usinas h\u00edbridas\u00a0e associadas\u00a0no Brasil<\/p>\n<p>As regras para as usinas h\u00edbridas e associadas foram aprovadas pela Aneel no fim de 2021 e est\u00e3o na\u00a0Resolu\u00e7\u00e3o Normativa No.954\u00a0do \u00f3rg\u00e3o regulador. O documento apresenta as defini\u00e7\u00f5es das duas modalidades de usinas<\/p>\n<p>Em 2022, a Ag\u00eancia realizou uma\u00a0consulta p\u00fablica\u00a0para receber contribui\u00e7\u00f5es do setor e da sociedade na elabora\u00e7\u00e3o das normas de comercializa\u00e7\u00e3o desses empreendimentos. A Neoenergia participou ativamente do processo.<\/p>\n<p>&nbsp;<\/p>\n<p>Qual \u00e9 o objetivo da regula\u00e7\u00e3o do setor el\u00e9trico?<\/p>\n<p>O objetivo ao definir regras e diretrizes para os servi\u00e7os \u00e9 que eles sejam eficientes, sustent\u00e1veis e haja condi\u00e7\u00f5es favor\u00e1veis para a livre competi\u00e7\u00e3o no setor el\u00e9trico, com equil\u00edbrio entre os agentes e em benef\u00edcio da sociedade. A Aneel tem a responsabilidade de elaborar as normas para todos os segmentos \u2014\u00a0gera\u00e7\u00e3o, transmiss\u00e3o, distribui\u00e7\u00e3o e comercializa\u00e7\u00e3o\u00a0\u2014, al\u00e9m dos programas de Pesquisa e Desenvolvimento (P&amp;D), que promove a inova\u00e7\u00e3o, e de Efici\u00eancia Energ\u00e9tica (PEE), para estimular o consumo consciente.<\/p>\n<p>&nbsp;<\/p>\n<p>Sobre a Neoenergia Coelba\u00a0&#8211; A Companhia de Eletricidade do Estado da Bahia, empresa da Neoenergia, \u00e9 a terceira maior distribuidora de energia el\u00e9trica do pa\u00eds em n\u00famero de clientes e a sexta em volume de energia fornecida, sendo a maior do Norte-Nordeste. Presente em 415 dos 417 munic\u00edpios baianos, a Neoenergia Coelba tem uma \u00e1rea de concess\u00e3o de 563 mil quil\u00f4metros quadrados, com mais de 6 milh\u00f5es de clientes (mais de 15 milh\u00f5es de habitantes).<\/p>\n","protected":false},"excerpt":{"rendered":"<p>23 &nbsp; A Neoenergia lan\u00e7ou, nesta quarta-feira (22), o primeiro complexo de gera\u00e7\u00e3o associada de energia renov\u00e1vel no Brasil. Localizado no sert\u00e3o da Para\u00edba, o Complexo Renov\u00e1vel Neoenergia integra de forma in\u00e9dita a gera\u00e7\u00e3o de energia e\u00f3lica e solar de Neoenergia Chafariz e Neoenergia Luzia, respectivamente. Os\u00a0parques est\u00e3o conectados ao Sistema Interligado Nacional (SIN)\u00a0pela subesta\u00e7\u00e3o\u00a0Neoenergia [&hellip;]<\/p>\n","protected":false},"author":2,"featured_media":147964,"comment_status":"open","ping_status":"open","sticky":false,"template":"","format":"standard","meta":{"_links_to":"","_links_to_target":""},"categories":[33434],"tags":[24378,34941],"_links":{"self":[{"href":"https:\/\/www.blogdothame.blog.br\/v1\/wp-json\/wp\/v2\/posts\/147962"}],"collection":[{"href":"https:\/\/www.blogdothame.blog.br\/v1\/wp-json\/wp\/v2\/posts"}],"about":[{"href":"https:\/\/www.blogdothame.blog.br\/v1\/wp-json\/wp\/v2\/types\/post"}],"author":[{"embeddable":true,"href":"https:\/\/www.blogdothame.blog.br\/v1\/wp-json\/wp\/v2\/users\/2"}],"replies":[{"embeddable":true,"href":"https:\/\/www.blogdothame.blog.br\/v1\/wp-json\/wp\/v2\/comments?post=147962"}],"version-history":[{"count":1,"href":"https:\/\/www.blogdothame.blog.br\/v1\/wp-json\/wp\/v2\/posts\/147962\/revisions"}],"predecessor-version":[{"id":147965,"href":"https:\/\/www.blogdothame.blog.br\/v1\/wp-json\/wp\/v2\/posts\/147962\/revisions\/147965"}],"wp:featuredmedia":[{"embeddable":true,"href":"https:\/\/www.blogdothame.blog.br\/v1\/wp-json\/wp\/v2\/media\/147964"}],"wp:attachment":[{"href":"https:\/\/www.blogdothame.blog.br\/v1\/wp-json\/wp\/v2\/media?parent=147962"}],"wp:term":[{"taxonomy":"category","embeddable":true,"href":"https:\/\/www.blogdothame.blog.br\/v1\/wp-json\/wp\/v2\/categories?post=147962"},{"taxonomy":"post_tag","embeddable":true,"href":"https:\/\/www.blogdothame.blog.br\/v1\/wp-json\/wp\/v2\/tags?post=147962"}],"curies":[{"name":"wp","href":"https:\/\/api.w.org\/{rel}","templated":true}]}}