{"id":147927,"date":"2023-03-23T07:13:40","date_gmt":"2023-03-23T10:13:40","guid":{"rendered":"http:\/\/www.blogdothame.blog.br\/v1\/?p=147927"},"modified":"2023-03-22T15:43:58","modified_gmt":"2023-03-22T18:43:58","slug":"governador-entrega-novo-colegio-de-tempo-integral-em-ilheus","status":"publish","type":"post","link":"https:\/\/www.blogdothame.blog.br\/v1\/2023\/03\/23\/governador-entrega-novo-colegio-de-tempo-integral-em-ilheus\/","title":{"rendered":"Governador inaugura novo Col\u00e9gio de Tempo Integral em Ilh\u00e9us"},"content":{"rendered":"<p><img loading=\"lazy\" class=\"aligncenter wp-image-147928\" src=\"http:\/\/www.blogdothame.blog.br\/v1\/wp-content\/uploads\/2023\/03\/Jeronimo-5.jpeg\" alt=\"\" width=\"450\" height=\"300\" srcset=\"https:\/\/www.blogdothame.blog.br\/v1\/wp-content\/uploads\/2023\/03\/Jeronimo-5.jpeg 768w, https:\/\/www.blogdothame.blog.br\/v1\/wp-content\/uploads\/2023\/03\/Jeronimo-5-300x200.jpeg 300w\" sizes=\"(max-width: 450px) 100vw, 450px\" \/><\/p>\n<p>Em continuidade ao projeto de requalifica\u00e7\u00e3o das escolas da rede estadual de ensino, o governador Jer\u00f4nimo Rodrigues entrega, nesta quinta-feira (23), \u00e0s 14h, o Col\u00e9gio Estadual de Tempo Integral Professor Carlos Roberto Arleo Barbosa, no bairro Barra do Ita\u00edpe, em Ilh\u00e9us. A nova unidade escolar do Litoral Sul recebeu investimentos de mais de R$ 25 milh\u00f5es da Secretaria da Educa\u00e7\u00e3o do Estado (SEC), aplicados nas obras f\u00edsicas, equipamentos e mobili\u00e1rio.<\/p>\n<p>S\u00e3o 24 salas, quatro laborat\u00f3rios, audit\u00f3rio, biblioteca, refeit\u00f3rio, espa\u00e7o Maker, quadra poliesportiva coberta com arquibancada, piscina semiol\u00edmpica com vesti\u00e1rio, entre outros espa\u00e7os. A constru\u00e7\u00e3o foi coordenada pela Conder, empresa vinculada \u00e0 Secretaria de Desenvolvimento Urbano do Estado (Sedur).<\/p>\n<p>Entre 2022 e 2023, vinte e seis novas unidades em tempo integral j\u00e1 foram entregues e mais de 350 obras desse modelo est\u00e3o em execu\u00e7\u00e3o na Bahia neste momento, entre constru\u00e7\u00e3o de novas unidades, amplia\u00e7\u00e3o ou moderniza\u00e7\u00e3o.<\/p>\n","protected":false},"excerpt":{"rendered":"<p>Em continuidade ao projeto de requalifica\u00e7\u00e3o das escolas da rede estadual de ensino, o governador Jer\u00f4nimo Rodrigues entrega, nesta quinta-feira (23), \u00e0s 14h, o Col\u00e9gio Estadual de Tempo Integral Professor Carlos Roberto Arleo Barbosa, no bairro Barra do Ita\u00edpe, em Ilh\u00e9us. A nova unidade escolar do Litoral Sul recebeu investimentos de mais de R$ 25 [&hellip;]<\/p>\n","protected":false},"author":2,"featured_media":147928,"comment_status":"open","ping_status":"open","sticky":false,"template":"","format":"standard","meta":{"_links_to":"","_links_to_target":""},"categories":[33432],"tags":[33968,218,12213],"_links":{"self":[{"href":"https:\/\/www.blogdothame.blog.br\/v1\/wp-json\/wp\/v2\/posts\/147927"}],"collection":[{"href":"https:\/\/www.blogdothame.blog.br\/v1\/wp-json\/wp\/v2\/posts"}],"about":[{"href":"https:\/\/www.blogdothame.blog.br\/v1\/wp-json\/wp\/v2\/types\/post"}],"author":[{"embeddable":true,"href":"https:\/\/www.blogdothame.blog.br\/v1\/wp-json\/wp\/v2\/users\/2"}],"replies":[{"embeddable":true,"href":"https:\/\/www.blogdothame.blog.br\/v1\/wp-json\/wp\/v2\/comments?post=147927"}],"version-history":[{"count":2,"href":"https:\/\/www.blogdothame.blog.br\/v1\/wp-json\/wp\/v2\/posts\/147927\/revisions"}],"predecessor-version":[{"id":147953,"href":"https:\/\/www.blogdothame.blog.br\/v1\/wp-json\/wp\/v2\/posts\/147927\/revisions\/147953"}],"wp:featuredmedia":[{"embeddable":true,"href":"https:\/\/www.blogdothame.blog.br\/v1\/wp-json\/wp\/v2\/media\/147928"}],"wp:attachment":[{"href":"https:\/\/www.blogdothame.blog.br\/v1\/wp-json\/wp\/v2\/media?parent=147927"}],"wp:term":[{"taxonomy":"category","embeddable":true,"href":"https:\/\/www.blogdothame.blog.br\/v1\/wp-json\/wp\/v2\/categories?post=147927"},{"taxonomy":"post_tag","embeddable":true,"href":"https:\/\/www.blogdothame.blog.br\/v1\/wp-json\/wp\/v2\/tags?post=147927"}],"curies":[{"name":"wp","href":"https:\/\/api.w.org\/{rel}","templated":true}]}}