{"id":147287,"date":"2023-03-05T12:08:58","date_gmt":"2023-03-05T15:08:58","guid":{"rendered":"http:\/\/www.blogdothame.blog.br\/v1\/?p=147287"},"modified":"2023-03-05T12:20:59","modified_gmt":"2023-03-05T15:20:59","slug":"governador-jeronimo-rodrigues-realiza-vistoria-do-tramo-iii-do-metro-que-entra-em-fase-de-testes-neste-mes","status":"publish","type":"post","link":"https:\/\/www.blogdothame.blog.br\/v1\/2023\/03\/05\/governador-jeronimo-rodrigues-realiza-vistoria-do-tramo-iii-do-metro-que-entra-em-fase-de-testes-neste-mes\/","title":{"rendered":"Governador Jer\u00f4nimo Rodrigues realiza vistoria do tramo III do metr\u00f4 que entra em fase de testes neste m\u00eas"},"content":{"rendered":"<p><img loading=\"lazy\" class=\"aligncenter wp-image-147289\" src=\"http:\/\/www.blogdothame.blog.br\/v1\/wp-content\/uploads\/2023\/03\/metro-22.jpg\" alt=\"\" width=\"454\" height=\"303\" srcset=\"https:\/\/www.blogdothame.blog.br\/v1\/wp-content\/uploads\/2023\/03\/metro-22.jpg 640w, https:\/\/www.blogdothame.blog.br\/v1\/wp-content\/uploads\/2023\/03\/metro-22-300x200.jpg 300w\" sizes=\"(max-width: 454px) 100vw, 454px\" \/><\/p>\n<p>O governador da Bahia, Jer\u00f4nimo Rodrigues, acompanhado da equipe da CTB, Seinfra e Conder, realizou, na manh\u00e3 deste domingo (5), vistoria das obras do tramo III do metr\u00f4 de Salvador e Lauro de Freitas e da nova rodovi\u00e1ria, no bairro de \u00c1guas Claras. A equipe do Estado visitou as instala\u00e7\u00f5es da esta\u00e7\u00e3o \u00c1guas Claras, que est\u00e1 com mais de 50% do trabalho executado, e verificou as novas estruturas met\u00e1licas e coberturas feitas, passarela e vias permanentes.<\/p>\n<p><img loading=\"lazy\" class=\"alignright size-medium wp-image-147290\" src=\"http:\/\/www.blogdothame.blog.br\/v1\/wp-content\/uploads\/2023\/03\/metro-22-1-300x200.jpg\" alt=\"\" width=\"300\" height=\"200\" srcset=\"https:\/\/www.blogdothame.blog.br\/v1\/wp-content\/uploads\/2023\/03\/metro-22-1-300x200.jpg 300w, https:\/\/www.blogdothame.blog.br\/v1\/wp-content\/uploads\/2023\/03\/metro-22-1.jpg 640w\" sizes=\"(max-width: 300px) 100vw, 300px\" \/>&#8220;A chegada do metr\u00f4 pra essa regi\u00e3o tem um impacto primeiro, para Salvador, na mobilidade. E n\u00f3s estamos tirando a rodovi\u00e1ria daquele miolo da regi\u00e3o do Iguatemi, o que vai desafogar muito o tr\u00e2nsito naquela regi\u00e3o. E, com tramo III, n\u00f3s estamos chegando mais perto de Cajazeiras para garantir mobilidade, para garantir conforto para as pessoas que precisam utilizar diariamente o transporte coletivo\u201d, afirmou o governador.<\/p>\n<p>A vistoria \u00e9 parte do trabalho de finaliza\u00e7\u00e3o do Tramo III, que passar\u00e1 por duas semanas de teste dos trens e das estruturas a partir do dia 17 de mar\u00e7o. A ideia \u00e9 que at\u00e9 abril as esta\u00e7\u00f5es estejam operando comercialmente com um trecho tarifado e outro gratuito e at\u00e9 maio toda a obra tenha sido entregue.<\/p>\n<p><!--more--><br \/>\n<img loading=\"lazy\" class=\"alignleft size-medium wp-image-147291\" src=\"http:\/\/www.blogdothame.blog.br\/v1\/wp-content\/uploads\/2023\/03\/metro-33-300x200.jpg\" alt=\"\" width=\"300\" height=\"200\" srcset=\"https:\/\/www.blogdothame.blog.br\/v1\/wp-content\/uploads\/2023\/03\/metro-33-300x200.jpg 300w, https:\/\/www.blogdothame.blog.br\/v1\/wp-content\/uploads\/2023\/03\/metro-33.jpg 640w\" sizes=\"(max-width: 300px) 100vw, 300px\" \/>\u201cEstamos em fase de comissionamento e testagem de todos os equipamentos nesta obra, que vai trazer uma condi\u00e7\u00e3o de muito mais mobilidade e de muito mais tranquilidade para a popula\u00e7\u00e3o de Salvador e tamb\u00e9m para a popula\u00e7\u00e3o baiana, que vir\u00e1 nos \u00f4nibus metropolitanos do interior do Estado para a esta\u00e7\u00e3o de \u00c1guas Claras\u201d, explica a secret\u00e1ria de Desenvolvimento Urbano, Jusmari Oliveira.<\/p>\n<p>O novo trecho do metr\u00f4 de Salvador possui uma extens\u00e3o de cinco quil\u00f4metros e duas novas esta\u00e7\u00f5es, em Campinas de Piraj\u00e1, na localidade da Brasilg\u00e1s, e no bairro de \u00c1guas Claras. Com a amplia\u00e7\u00e3o do transporte p\u00fablico, ele passa de 33 quil\u00f4metros em opera\u00e7\u00e3o para quase 38 quil\u00f4metros. O estado destinou mais de R$ 700 milh\u00f5es para a obra. Nas esta\u00e7\u00f5es tamb\u00e9m est\u00e3o sendo instaladas cinco escadas rolantes e tr\u00eas elevadores. Al\u00e9m de dois terminais de integra\u00e7\u00e3o de \u00f4nibus.<\/p>\n<p>Nova rodovi\u00e1ria<\/p>\n<p>Na nova rodovi\u00e1ria, que j\u00e1 tem 42% do trabalho executado, est\u00e3o sendo investidos R$ 120 milh\u00f5es. O terminal ter\u00e1 um total de 36 mil metros quadrados de \u00e1rea constru\u00edda e ser\u00e1 integrada \u00e0 esta\u00e7\u00e3o de metr\u00f4 \u00c1guas Claras.<\/p>\n<p>Para facilitar o acesso \u00e0 nova rodovi\u00e1ria, a Companhia de Desenvolvimento Urbano do Estado da Bahia (Conder), vinculada \u00e0 Secretaria de Infraestrutura do Estado (Seinfra), est\u00e1 construindo um sistema vi\u00e1rio de interse\u00e7\u00e3o \u00e0s margens da BR-324.<\/p>\n<p>\u201c\u00c9 um grande sistema vi\u00e1rio, uma obra de mais de R$ 140 milh\u00f5es e vamos entregar \u00e0 popula\u00e7\u00e3o n\u00e3o s\u00f3 o sistema vi\u00e1rio, mas toda a qualidade de vida, um vetor de crescimento que \u00e9 essa rodovi\u00e1ria, que vai atender n\u00e3o s\u00f3 Cajazeiras e \u00c1guas Claras, mas toda a cidade de Salvador e regi\u00e3o metropolitana\u201d, afirma o presidente da Conder, Jos\u00e9 Trindade.<\/p>\n<p>Fotos: Jo\u00e1 Souza\/ GOVBA<\/p>\n","protected":false},"excerpt":{"rendered":"<p>O governador da Bahia, Jer\u00f4nimo Rodrigues, acompanhado da equipe da CTB, Seinfra e Conder, realizou, na manh\u00e3 deste domingo (5), vistoria das obras do tramo III do metr\u00f4 de Salvador e Lauro de Freitas e da nova rodovi\u00e1ria, no bairro de \u00c1guas Claras. A equipe do Estado visitou as instala\u00e7\u00f5es da esta\u00e7\u00e3o \u00c1guas Claras, que [&hellip;]<\/p>\n","protected":false},"author":2,"featured_media":147289,"comment_status":"open","ping_status":"open","sticky":false,"template":"","format":"standard","meta":{"_links_to":"","_links_to_target":""},"categories":[33432],"tags":[16,12213,104],"_links":{"self":[{"href":"https:\/\/www.blogdothame.blog.br\/v1\/wp-json\/wp\/v2\/posts\/147287"}],"collection":[{"href":"https:\/\/www.blogdothame.blog.br\/v1\/wp-json\/wp\/v2\/posts"}],"about":[{"href":"https:\/\/www.blogdothame.blog.br\/v1\/wp-json\/wp\/v2\/types\/post"}],"author":[{"embeddable":true,"href":"https:\/\/www.blogdothame.blog.br\/v1\/wp-json\/wp\/v2\/users\/2"}],"replies":[{"embeddable":true,"href":"https:\/\/www.blogdothame.blog.br\/v1\/wp-json\/wp\/v2\/comments?post=147287"}],"version-history":[{"count":1,"href":"https:\/\/www.blogdothame.blog.br\/v1\/wp-json\/wp\/v2\/posts\/147287\/revisions"}],"predecessor-version":[{"id":147292,"href":"https:\/\/www.blogdothame.blog.br\/v1\/wp-json\/wp\/v2\/posts\/147287\/revisions\/147292"}],"wp:featuredmedia":[{"embeddable":true,"href":"https:\/\/www.blogdothame.blog.br\/v1\/wp-json\/wp\/v2\/media\/147289"}],"wp:attachment":[{"href":"https:\/\/www.blogdothame.blog.br\/v1\/wp-json\/wp\/v2\/media?parent=147287"}],"wp:term":[{"taxonomy":"category","embeddable":true,"href":"https:\/\/www.blogdothame.blog.br\/v1\/wp-json\/wp\/v2\/categories?post=147287"},{"taxonomy":"post_tag","embeddable":true,"href":"https:\/\/www.blogdothame.blog.br\/v1\/wp-json\/wp\/v2\/tags?post=147287"}],"curies":[{"name":"wp","href":"https:\/\/api.w.org\/{rel}","templated":true}]}}