{"id":146996,"date":"2023-02-23T10:59:08","date_gmt":"2023-02-23T13:59:08","guid":{"rendered":"http:\/\/www.blogdothame.blog.br\/v1\/?p=146996"},"modified":"2023-02-23T11:04:13","modified_gmt":"2023-02-23T14:04:13","slug":"governo-do-estado-faz-balanco-das-acoes-de-apoio-e-assistencia-durante-o-carnaval-2023","status":"publish","type":"post","link":"https:\/\/www.blogdothame.blog.br\/v1\/2023\/02\/23\/governo-do-estado-faz-balanco-das-acoes-de-apoio-e-assistencia-durante-o-carnaval-2023\/","title":{"rendered":"Governo do Estado faz balan\u00e7o das a\u00e7\u00f5es de apoio e assist\u00eancia durante o Carnaval 2023"},"content":{"rendered":"<p><img loading=\"lazy\" class=\"aligncenter wp-image-146997\" src=\"http:\/\/www.blogdothame.blog.br\/v1\/wp-content\/uploads\/2023\/02\/carnabalanco-555.jpg\" alt=\"\" width=\"498\" height=\"332\" srcset=\"https:\/\/www.blogdothame.blog.br\/v1\/wp-content\/uploads\/2023\/02\/carnabalanco-555.jpg 640w, https:\/\/www.blogdothame.blog.br\/v1\/wp-content\/uploads\/2023\/02\/carnabalanco-555-300x200.jpg 300w\" sizes=\"(max-width: 498px) 100vw, 498px\" \/><\/p>\n<p>&nbsp;<\/p>\n<p>Durante os seis dias oficiais do Carnaval 2023, al\u00e9m das atra\u00e7\u00f5es e dos servi\u00e7os essenciais, o Governo do Estado disponibilizou servi\u00e7os assistenciais ao foli\u00e3o nos circuitos e arredores da folia. Testagem para Infec\u00e7\u00f5es Sexualmente Transmiss\u00edveis (ISTs), orienta\u00e7\u00e3o sobre combate ao racismo, ao trabalho infantil e ao desrespeito \u00e0s pessoas vulner\u00e1veis, entre outras a\u00e7\u00f5es, complementaram o trabalho da gest\u00e3o estadual, por meio das secret\u00e1rias e \u00f3rg\u00e3os e em parceria com outros poderes e esferas administrativas, com atua\u00e7\u00e3o em pontos fixos ou em busca ativa nas ruas.<\/p>\n<p><img loading=\"lazy\" class=\"aligncenter size-medium wp-image-146998\" src=\"http:\/\/www.blogdothame.blog.br\/v1\/wp-content\/uploads\/2023\/02\/carnabalanco-gov-ba-11-300x200.jpg\" alt=\"\" width=\"300\" height=\"200\" srcset=\"https:\/\/www.blogdothame.blog.br\/v1\/wp-content\/uploads\/2023\/02\/carnabalanco-gov-ba-11-300x200.jpg 300w, https:\/\/www.blogdothame.blog.br\/v1\/wp-content\/uploads\/2023\/02\/carnabalanco-gov-ba-11.jpg 640w\" sizes=\"(max-width: 300px) 100vw, 300px\" \/><br \/>\nDiversos \u00f3rg\u00e3os do Estado, do Munic\u00edpio e do sistema de Justi\u00e7a se reuniram no Plant\u00e3o Integrado, que teve como sede a Superintend\u00eancia de Defesa do Consumidor (Procon), \u00f3rg\u00e3o vinculado \u00e0 Secretaria de Justi\u00e7a e Direitos Humanos (SJDH). O objetivo do trabalho foi garantir os direitos dos grupos vulner\u00e1veis em meio \u00e0s festividades onde, historicamente, esses direitos s\u00e3o violados.<\/p>\n<p><img loading=\"lazy\" class=\"aligncenter size-medium wp-image-146999\" src=\"http:\/\/www.blogdothame.blog.br\/v1\/wp-content\/uploads\/2023\/02\/carnabalanco-gov-ba-77-300x200.jpg\" alt=\"\" width=\"300\" height=\"200\" srcset=\"https:\/\/www.blogdothame.blog.br\/v1\/wp-content\/uploads\/2023\/02\/carnabalanco-gov-ba-77-300x200.jpg 300w, https:\/\/www.blogdothame.blog.br\/v1\/wp-content\/uploads\/2023\/02\/carnabalanco-gov-ba-77.jpg 616w\" sizes=\"(max-width: 300px) 100vw, 300px\" \/><br \/>\n\u201cN\u00f3s sabemos que o Carnaval \u00e9 um per\u00edodo muito esperado, muito querido, mas que tamb\u00e9m pode acontecer muitas coisas ruins. Ent\u00e3o, n\u00f3s tivemos um trabalho preventivo, buscando acessar essas pessoas, colocando o servi\u00e7o \u00e0 disposi\u00e7\u00e3o e alertando a toda a popula\u00e7\u00e3o quanto a necessidade de denunciar caso passe pela situa\u00e7\u00e3o, caso testemunhe alguma situa\u00e7\u00e3o\u201d, explicou Tr\u00edcia Calmon, superintendente de Apoio aos Direitos Humanos da SJDH.<\/p>\n<p><!--more--><br \/>\nDo total de 6.880 registros, 5.472 est\u00e3o relacionadas \u00e0s situa\u00e7\u00f5es de vulnerabilidade\/risco social de crian\u00e7as e adolescentes, a exemplo de crian\u00e7as acompanhando pais\/respons\u00e1veis em situa\u00e7\u00f5es de trabalho, desacompanhadas, perdidas, sem identifica\u00e7\u00e3o, negligenciadas, v\u00edtimas de viol\u00eancia f\u00edsica; entre outros. Na sua maioria, s\u00e3o crian\u00e7as e adolescentes pardas e pretas.<\/p>\n<p><img loading=\"lazy\" class=\"aligncenter size-medium wp-image-147000\" src=\"http:\/\/www.blogdothame.blog.br\/v1\/wp-content\/uploads\/2023\/02\/carnabalanco-gov-ba-55-300x200.jpg\" alt=\"\" width=\"300\" height=\"200\" srcset=\"https:\/\/www.blogdothame.blog.br\/v1\/wp-content\/uploads\/2023\/02\/carnabalanco-gov-ba-55-300x200.jpg 300w, https:\/\/www.blogdothame.blog.br\/v1\/wp-content\/uploads\/2023\/02\/carnabalanco-gov-ba-55.jpg 640w\" sizes=\"(max-width: 300px) 100vw, 300px\" \/><br \/>\nForam realizadas 62 a\u00e7\u00f5es de fiscaliza\u00e7\u00e3o pelo Procon, que resultaram a aplica\u00e7\u00e3o de quatro autua\u00e7\u00f5es de car\u00e1ter educativo, sobretudo, aos pequenos fornecedores. Equipes volantes abordaram 91 pessoas da popula\u00e7\u00e3o LGBTQIAP+, sendo que duas pessoas declararam ter sofrido agress\u00e3o f\u00edsica. Outras 27.140 pessoas foram abordadas e receberam informa\u00e7\u00f5es e orienta\u00e7\u00f5es sobre a Rede de Prote\u00e7\u00e3o Integral a Crian\u00e7as e Adolescentes e Direitos Humanos, por meio da entrega de 228.662 itens entre pe\u00e7as de comunica\u00e7\u00e3o da Campanha, pulseiras de identifica\u00e7\u00e3o e preservativos (externos e internos).<\/p>\n<p>Participaram do Plant\u00e3o, al\u00e9m do Governo do Estado, o Minist\u00e9rio P\u00fablico do Trabalho (MPT), Minist\u00e9rio P\u00fablico do Estado (MPE-BA), Defensoria P\u00fablica do Estado (DPE-BA), Delegacia do Adolescente Infrator (DAI), Delegacia Especial de Repress\u00e3o aos Crimes contra a Crian\u00e7a e o Adolescente (Dercca), Conselho Estadual dos Direitos da Crian\u00e7a e do Adolescente (Ceca), Tribunal Regional do Trabalho da 5\u00aa Regi\u00e3o (TRT-05), Juizado da Inf\u00e2ncia e Adolesc\u00eancia, Prefeitura Municipal de Salvador, F\u00f3rum Estadual de Preven\u00e7\u00e3o e Erradica\u00e7\u00e3o do Trabalho Infantil e Prote\u00e7\u00e3o ao Adolescente Trabalhador, Fundo das Na\u00e7\u00f5es Unidas para a Inf\u00e2ncia (Unicef), as ONGs Pontos Diversos e C\u00e1ritas Brasileira Regional Nordeste 3.<\/p>\n<p>Eco Folia<\/p>\n<p><img loading=\"lazy\" class=\"aligncenter size-medium wp-image-147001\" src=\"http:\/\/www.blogdothame.blog.br\/v1\/wp-content\/uploads\/2023\/02\/carnabalanco-gov-ba-44-200x300.jpg\" alt=\"\" width=\"200\" height=\"300\" srcset=\"https:\/\/www.blogdothame.blog.br\/v1\/wp-content\/uploads\/2023\/02\/carnabalanco-gov-ba-44-200x300.jpg 200w, https:\/\/www.blogdothame.blog.br\/v1\/wp-content\/uploads\/2023\/02\/carnabalanco-gov-ba-44.jpg 427w\" sizes=\"(max-width: 200px) 100vw, 200px\" \/><br \/>\nA Secretaria do Trabalho, Emprego, Renda e Esporte (Setre), com apoio da Secretaria de Meio Ambiente (Sema), promoveu, por mais um ano, o Eco Folia, a\u00e7\u00e3o que beneficia 1.840 catadores de res\u00edduos recicl\u00e1veis aut\u00f4nomos, vinculados a cooperativas de reciclagem parceiras da iniciativa e outros avulsos. Os catadores receberam fardamento adequado e Equipamentos de Prote\u00e7\u00e3o Individual (EPIs), como botas, luvas e protetores auriculares. As cooperativas parceiras coletaram 143 toneladas de materiais recicl\u00e1veis durante todo o Carnaval, superando a expectativa inicial de 90 toneladas. Foram 86.8 toneladas de alum\u00ednio e 56.3 de pl\u00e1stico. As cooperativas pagaram R$ 5 por quilo de alum\u00ednio aos catadores no ato da entrega do material.<\/p>\n<p><img loading=\"lazy\" class=\"aligncenter size-medium wp-image-147005\" src=\"http:\/\/www.blogdothame.blog.br\/v1\/wp-content\/uploads\/2023\/02\/balancar-22-300x200.jpg\" alt=\"\" width=\"300\" height=\"200\" srcset=\"https:\/\/www.blogdothame.blog.br\/v1\/wp-content\/uploads\/2023\/02\/balancar-22-300x200.jpg 300w, https:\/\/www.blogdothame.blog.br\/v1\/wp-content\/uploads\/2023\/02\/balancar-22.jpg 640w\" sizes=\"(max-width: 300px) 100vw, 300px\" \/><br \/>\n\u201cEsse \u00e9 um retorno importante porque isso aqui vai fazer com que o Governo do Estado aperfei\u00e7oe, atrav\u00e9s do cadastro desses catadores, outros tipos de pol\u00edticas sociais para fortalecer ainda mais a atividade. \u00c9 uma grande a\u00e7\u00e3o social e uma marca consolidada do tipo de governo que trabalha para cuidar das pessoas. N\u00f3s estamos cumprindo, assim, a nossa tarefa. Uma das metas do trabalho decente \u00e9 n\u00e3o permitir que durante o Carnaval voc\u00ea pratique trabalho que fuja exatamente \u00e0s regras m\u00ednimas de civilidade e de condi\u00e7\u00f5es humanas de trabalho com dignidade\u201d, declarou o secret\u00e1rio da Setre. Davidson Magalh\u00e3es<\/p>\n<p>Testagem IST<\/p>\n<p><img loading=\"lazy\" class=\"aligncenter size-medium wp-image-147002\" src=\"http:\/\/www.blogdothame.blog.br\/v1\/wp-content\/uploads\/2023\/02\/carnabalanco-gov-ba-33-300x200.jpg\" alt=\"\" width=\"300\" height=\"200\" srcset=\"https:\/\/www.blogdothame.blog.br\/v1\/wp-content\/uploads\/2023\/02\/carnabalanco-gov-ba-33-300x200.jpg 300w, https:\/\/www.blogdothame.blog.br\/v1\/wp-content\/uploads\/2023\/02\/carnabalanco-gov-ba-33.jpg 640w\" sizes=\"(max-width: 300px) 100vw, 300px\" \/><br \/>\nNos cinco dias da folia, em Salvador, foram testadas 3.016 pessoas e realizados 12.064 testes para detec\u00e7\u00e3o de ISTs, tendo em vista que cada kit possibilita a realiza\u00e7\u00e3o de quatro testes. Do total, 29 foram positivos para HIV, 212 para S\u00edfilis, al\u00e9m de sete confirma\u00e7\u00f5es de hepatite C e cinco para Hepatite B. Todos os casos receberam encaminhamento para tratamento. A Secretaria da Sa\u00fade (Sesab) distribuiu mais de 700 mil camisinhas nos seis dias de folia, tanto nos circuitos da festa, como em pontos como rodovi\u00e1rias, portos e aeroportos.<\/p>\n<p>A secret\u00e1ria da Sa\u00fade, Roberta Santana, destacou que, este ano, houve um aumento de 15% no n\u00famero de casos positivos de S\u00edfilis e Hepatite C, em rela\u00e7\u00e3o a 2020. \u201cA equipe aqui, do posto, faz o encaminhamento para o Centro de Refer\u00eancia, onde o paciente j\u00e1 sai com a consulta marcada e todo encaminhamento de tratamento necess\u00e1rio para condu\u00e7\u00e3o e tratamento do processo\u201d, afirmou.<\/p>\n<p>Pol\u00edtica para as Mulheres e Combate ao Racismo<\/p>\n<p><img loading=\"lazy\" class=\"aligncenter size-medium wp-image-146969\" src=\"http:\/\/www.blogdothame.blog.br\/v1\/wp-content\/uploads\/2023\/02\/racismo-300x200.jpeg\" alt=\"\" width=\"300\" height=\"200\" srcset=\"https:\/\/www.blogdothame.blog.br\/v1\/wp-content\/uploads\/2023\/02\/racismo-300x200.jpeg 300w, https:\/\/www.blogdothame.blog.br\/v1\/wp-content\/uploads\/2023\/02\/racismo.jpeg 640w\" sizes=\"(max-width: 300px) 100vw, 300px\" \/><br \/>\nDurante o Carnaval, a Secretaria de Pol\u00edticas para as Mulheres (SPM) realizou a distribui\u00e7\u00e3o de material promocional e de divulga\u00e7\u00e3o Campanha Respeita as Mina, com conversas interativas. Dentre os atendimentos, dois casos foram encaminhados para Ronda Maria da Penha. Foram realizadas 48 orienta\u00e7\u00f5es da Lei Maria da Penha, 63 orienta\u00e7\u00f5es da Lei Importuna\u00e7\u00e3o e Ass\u00e9dio Sexual e outras 306 orienta\u00e7\u00f5es e informa\u00e7\u00f5es sobre a SPM, num total de 13.006 atendimentos.<\/p>\n<p>A folia na capital teve nove den\u00fancias de racismo em 2023. O dado \u00e9 da Secretaria de Promo\u00e7\u00e3o da Igualdade Racial, dos Povos e das Comunidades Tradicionais (Sepromi), que realizou campanha educativa, atendimento preventivo e acolhimento dos casos de viola\u00e7\u00e3o de direitos na esfera racial durante os seis dias da folia. No total, a pasta realizou 140.224 a\u00e7\u00f5es de mobiliza\u00e7\u00e3o. O atendimento foi realizado na Unidade M\u00f3vel do Centro de Refer\u00eancia Nelson Mandela, no bairro de Ondina.<\/p>\n<p>\u201cGeralmente, a gente acolhe esses casos, essas den\u00fancias de racismo e atuamos junto \u00e0 rede. Quem \u00e9 essa rede? Minist\u00e9rio P\u00fablico, Defensoria P\u00fablica, a Secretaria de Seguran\u00e7a P\u00fablica, que tamb\u00e9m tem nos ajudado muito com o levantamento desses dados. A gente j\u00e1 est\u00e1 fazendo esse trabalho de rede com as v\u00edtimas, articulando com essas institui\u00e7\u00f5es para que esses acusados sejam punidos. Estamos tendo todo esse cuidado, todo esse trabalho humanizado\u201d, contou Aline Santos, coordenadora da Unidade M\u00f3vel.<\/p>\n<p>Tr\u00e2nsito e Mobilidade<\/p>\n<p>O Metr\u00f4 de Salvador e Lauro de Freitas transportou 1.131.277 de passageiros desde o in\u00edcio oficial do Carnaval de Salvador, na \u00faltima quinta-feira (16). O sistema funcionou em hor\u00e1rio especial, mantendo as viagens at\u00e9 a meia noite e meia.<\/p>\n<p>No tr\u00e2nsito, o Departamento Estadual de Tr\u00e2nsito (Detran-Ba) realizou blitzen em diversos pontos da cidade, ao longo dos seis dias, com 2602 pessoas abordadas, mais de 1800 testes de baf\u00f4metro e nenhum teste positivo. Durante a festa, foram fiscalizados 389 trios, sendo que, desse total, apenas um apresentou problemas na documenta\u00e7\u00e3o. Por\u00e9m, um n\u00famero alto de condutores se recusou a soprar o etil\u00f4metro. Ao todo, 285 pessoas assumiram as penalidades administrativas em fun\u00e7\u00e3o da recusa. Ainda sobre as blitzen, 1787 ve\u00edculos foram abordados, 767 autuados e 345 removidos (carros e motos). Os ve\u00edculos removidos na folia podem ser retirados nesta quarta (22), em um dos p\u00e1tios do \u00f3rg\u00e3o, entre \u00e0s 9h e 17h.<\/p>\n<p>Turismo<\/p>\n<p>Na retomada do Carnaval da Bahia, o turismo teve resultados que superaram as marcas anteriores. Em 2020, Salvador recebeu 800 mil turistas; em 2023, foram mais de um milh\u00e3o de visitantes na capital. No estado, pelo mesmo comparativo, os n\u00fameros aumentaram de 2,3 milh\u00f5es para 2,7 milh\u00f5es de visitantes, com o apoio do Governo da Bahia aos carnavais de mais de 60 munic\u00edpios do interior.<\/p>\n<p>A rede hoteleira teve ocupa\u00e7\u00e3o m\u00e9dia de 95% em Salvador, com picos de 100%, e ocupa\u00e7\u00e3o m\u00e1xima em alguns destinos, como Itacar\u00e9, Ilh\u00e9us, Rio de Contas e Maragogipe, al\u00e9m de taxas acima de 95% em Morro de S\u00e3o Paulo e Porto Seguro. Os dados s\u00e3o da Secretaria de Turismo do Estado (Setur-BA) e das prefeituras. O projeto Bahia Receptiva realizou mais de 150 mil \u00a0atendimentos a brasileiros e estrangeiros.<\/p>\n<p>Prote\u00e7\u00e3o \u00e0 Crian\u00e7a e ao Adolescente<\/p>\n<p><img loading=\"lazy\" class=\"aligncenter size-medium wp-image-147004\" src=\"http:\/\/www.blogdothame.blog.br\/v1\/wp-content\/uploads\/2023\/02\/balancar-11-300x200.jpg\" alt=\"\" width=\"300\" height=\"200\" srcset=\"https:\/\/www.blogdothame.blog.br\/v1\/wp-content\/uploads\/2023\/02\/balancar-11-300x200.jpg 300w, https:\/\/www.blogdothame.blog.br\/v1\/wp-content\/uploads\/2023\/02\/balancar-11.jpg 640w\" sizes=\"(max-width: 300px) 100vw, 300px\" \/><br \/>\nA Delegacia Especializada de Repress\u00e3o aos Crimes Contra a Crian\u00e7a e ao Adolescente (Dercca) funcionou 24 horas nos dias do Carnaval, com uma equipe multidisciplinar que conta com assistente social e psic\u00f3loga. Servidores da especializada tamb\u00e9m atuaram nos circuitos da folia, abordando pais e respons\u00e1veis para realizar o cadastro dos menores e facilitar a identifica\u00e7\u00e3o em caso de perda da crian\u00e7a\/adolescente. Tamb\u00e9m foram feitas abordagens sobre venda de bebidas alco\u00f3licas a menores de idade, explora\u00e7\u00e3o do trabalho infantil e outros crimes comuns durante a festa.<\/p>\n<p>\u201cN\u00f3s estamos muito felizes com a receptividade da popula\u00e7\u00e3o querendo conversar com a pol\u00edcia. Para facilitar que o foli\u00e3o efetivamente cadastrasse a crian\u00e7a, n\u00f3s cadastramos na rua, com equipe tomando os dados das pessoas e dando a carteirinha. Isso \u00e9 bem legal n\u00e3o s\u00f3 para o Carnaval, mas porque teremos um banco de dados, com armazenamento de todas essas crian\u00e7as, que poder\u00e1 servir em qualquer oportunidade\u201d, avaliou a delegada titular da Dercca, Simone Moitinho.<\/p>\n<p>Fotos: Jo\u00e1 Souza\/GOVBA<\/p>\n","protected":false},"excerpt":{"rendered":"<p>&nbsp; Durante os seis dias oficiais do Carnaval 2023, al\u00e9m das atra\u00e7\u00f5es e dos servi\u00e7os essenciais, o Governo do Estado disponibilizou servi\u00e7os assistenciais ao foli\u00e3o nos circuitos e arredores da folia. Testagem para Infec\u00e7\u00f5es Sexualmente Transmiss\u00edveis (ISTs), orienta\u00e7\u00e3o sobre combate ao racismo, ao trabalho infantil e ao desrespeito \u00e0s pessoas vulner\u00e1veis, entre outras a\u00e7\u00f5es, complementaram [&hellip;]<\/p>\n","protected":false},"author":2,"featured_media":146997,"comment_status":"open","ping_status":"open","sticky":false,"template":"","format":"standard","meta":{"_links_to":"","_links_to_target":""},"categories":[33432],"tags":[6620,34639,16],"_links":{"self":[{"href":"https:\/\/www.blogdothame.blog.br\/v1\/wp-json\/wp\/v2\/posts\/146996"}],"collection":[{"href":"https:\/\/www.blogdothame.blog.br\/v1\/wp-json\/wp\/v2\/posts"}],"about":[{"href":"https:\/\/www.blogdothame.blog.br\/v1\/wp-json\/wp\/v2\/types\/post"}],"author":[{"embeddable":true,"href":"https:\/\/www.blogdothame.blog.br\/v1\/wp-json\/wp\/v2\/users\/2"}],"replies":[{"embeddable":true,"href":"https:\/\/www.blogdothame.blog.br\/v1\/wp-json\/wp\/v2\/comments?post=146996"}],"version-history":[{"count":1,"href":"https:\/\/www.blogdothame.blog.br\/v1\/wp-json\/wp\/v2\/posts\/146996\/revisions"}],"predecessor-version":[{"id":147006,"href":"https:\/\/www.blogdothame.blog.br\/v1\/wp-json\/wp\/v2\/posts\/146996\/revisions\/147006"}],"wp:featuredmedia":[{"embeddable":true,"href":"https:\/\/www.blogdothame.blog.br\/v1\/wp-json\/wp\/v2\/media\/146997"}],"wp:attachment":[{"href":"https:\/\/www.blogdothame.blog.br\/v1\/wp-json\/wp\/v2\/media?parent=146996"}],"wp:term":[{"taxonomy":"category","embeddable":true,"href":"https:\/\/www.blogdothame.blog.br\/v1\/wp-json\/wp\/v2\/categories?post=146996"},{"taxonomy":"post_tag","embeddable":true,"href":"https:\/\/www.blogdothame.blog.br\/v1\/wp-json\/wp\/v2\/tags?post=146996"}],"curies":[{"name":"wp","href":"https:\/\/api.w.org\/{rel}","templated":true}]}}